{"id":628030,"date":"2025-12-29T17:10:23","date_gmt":"2025-12-29T17:10:23","guid":{"rendered":"https:\/\/www.europesays.com\/fr\/628030\/"},"modified":"2025-12-29T17:10:23","modified_gmt":"2025-12-29T17:10:23","slug":"pour-reussir-son-dry-january-le-salon-des-boissons-sans-alcool-sur-lile-de-nantes-sera-une-2","status":"publish","type":"post","link":"https:\/\/www.europesays.com\/fr\/628030\/","title":{"rendered":"Pour r\u00e9ussir son Dry january, le salon des boissons sans alcool, sur l\u2019\u00eele de Nantes, sera une"},"content":{"rendered":"<p>Le salon des boissons sans alcool, les D\u00e9couvertes parall\u00e8les, revient en janvier pour sa deuxi\u00e8me \u00e9dition, sur l\u2019\u00eele de Nantes (Loire-Atlantique). Sur deux jours, en plein Dry january, le public d\u00e9couvrira vins d\u00e9salcoolis\u00e9s, bi\u00e8res sans alcool, ap\u00e9ritifs, cocktails, spiritueux sans alcool, ainsi que des softs alternatifs. Organis\u00e9 par J\u00e9r\u00f4me Cuny, le g\u00e9rant de <a href=\"https:\/\/www.lacaveparallele.fr\/\" target=\"_self\" rel=\"noopener\">la Cave parall\u00e8le<\/a>, le salon permettra de rencontrer une quinzaine de producteurs et d\u2019\u00e9changer sur leurs m\u00e9thodes de fabrication.<\/p>\n<p><strong>Samedi\u00a010 et dimanche 11\u00a0janvier<\/strong>, de 11\u00a0h \u00e0 18\u00a0h, au Labo Diva, 24, mail des Chantiers, \u00e0\u00a0Nantes. Entr\u00e9e gratuite.<\/p>\n<p>\u00a0<\/p>\n","protected":false},"excerpt":{"rendered":"Le salon des boissons sans alcool, les D\u00e9couvertes parall\u00e8les, revient en janvier pour sa deuxi\u00e8me \u00e9dition, sur l\u2019\u00eele&hellip;\n","protected":false},"author":2,"featured_media":627326,"comment_status":"","ping_status":"","sticky":false,"template":"","format":"standard","meta":{"footnotes":""},"categories":[2818],"tags":[1111,11,5702,32846,73279,1777,674,1011,27,4323,73280,121,766,12,2636,25,37423,6290],"class_list":{"0":"post-628030","1":"post","2":"type-post","3":"status-publish","4":"format-standard","5":"has-post-thumbnail","7":"category-nantes","8":"tag-actu","9":"tag-actualites","10":"tag-alcool","11":"tag-boissons","12":"tag-dry","13":"tag-eu","14":"tag-europe","15":"tag-fr","16":"tag-france","17":"tag-ile","18":"tag-january","19":"tag-mine","20":"tag-nantes","21":"tag-news","22":"tag-pays-de-la-loire","23":"tag-republique-francaise","24":"tag-reussir","25":"tag-salon"},"share_on_mastodon":{"url":"https:\/\/pubeurope.com\/@fr\/115803968249171386","error":""},"_links":{"self":[{"href":"https:\/\/www.europesays.com\/fr\/wp-json\/wp\/v2\/posts\/628030","targetHints":{"allow":["GET"]}}],"collection":[{"href":"https:\/\/www.europesays.com\/fr\/wp-json\/wp\/v2\/posts"}],"about":[{"href":"https:\/\/www.europesays.com\/fr\/wp-json\/wp\/v2\/types\/post"}],"author":[{"embeddable":true,"href":"https:\/\/www.europesays.com\/fr\/wp-json\/wp\/v2\/users\/2"}],"replies":[{"embeddable":true,"href":"https:\/\/www.europesays.com\/fr\/wp-json\/wp\/v2\/comments?post=628030"}],"version-history":[{"count":0,"href":"https:\/\/www.europesays.com\/fr\/wp-json\/wp\/v2\/posts\/628030\/revisions"}],"wp:featuredmedia":[{"embeddable":true,"href":"https:\/\/www.europesays.com\/fr\/wp-json\/wp\/v2\/media\/627326"}],"wp:attachment":[{"href":"https:\/\/www.europesays.com\/fr\/wp-json\/wp\/v2\/media?parent=628030"}],"wp:term":[{"taxonomy":"category","embeddable":true,"href":"https:\/\/www.europesays.com\/fr\/wp-json\/wp\/v2\/categories?post=628030"},{"taxonomy":"post_tag","embeddable":true,"href":"https:\/\/www.europesays.com\/fr\/wp-json\/wp\/v2\/tags?post=628030"}],"curies":[{"name":"wp","href":"https:\/\/api.w.org\/{rel}","templated":true}]}}