{"id":628031,"date":"2025-12-29T17:11:12","date_gmt":"2025-12-29T17:11:12","guid":{"rendered":"https:\/\/www.europesays.com\/fr\/628031\/"},"modified":"2025-12-29T17:11:12","modified_gmt":"2025-12-29T17:11:12","slug":"nantes-pourrait-rapatrier-un-ancien-de-ligue-1-en-pret-france-fc-nantes","status":"publish","type":"post","link":"https:\/\/www.europesays.com\/fr\/628031\/","title":{"rendered":"Nantes pourrait rapatrier un ancien de Ligue 1 en pr\u00eat &#8211; France &#8211; FC Nantes"},"content":{"rendered":"<p>Pas si \u00ab\u00a0Bell\u2019Italia\u00a0\u00bb que \u00e7a\u2026<\/p>\n<p>Seulement cinq mois apr\u00e8s <a target=\"_blank\" href=\"https:\/\/www.sofoot.com\/breves\/mercato-toulouse-dit-au-revoir-a-zakaria-aboukhlal\" rel=\"noopener\">son transfert de Toulouse \u00e0 Turin<\/a>, <strong>Zakaria Aboukhlal se dirige d\u00e9j\u00e0 vers un retour en Ligue 1<\/strong>. Nantes devrait s\u2019attacher les services de l\u2019ailier marocain en pr\u00eat jusqu\u2019\u00e0 la fin de la saison, avec option d\u2019achat. Depuis son arriv\u00e9e cet \u00e9t\u00e9 pour 8 millions d\u2019euros, le joueur de 25 ans a tr\u00e8s peu jou\u00e9 et n\u2019a encore \u00e9t\u00e9 impliqu\u00e9 dans aucun but toutes comp\u00e9titions confondues cette saison avec le Torino.<\/p>\n<p>Nouvelle r\u00e9alit\u00e9 : la lutte pour le maintien<\/p>\n<p>Les Canaris esp\u00e8rent que le Marocain apportera un renfort imm\u00e9diat et indispensable dans la course au maintien. Actuellement, <strong>Nantes occupe l\u2019avant-derni\u00e8re place du classement avec seulement 11 points en 16 matchs.<\/strong><\/p>\n<p><strong>Qu\u2019Aboukhlal ait le niveau pour la Ligue 1, il l\u2019a d\u00e9j\u00e0 prouv\u00e9 depuis longtemps<\/strong>. Lors de sa premi\u00e8re saison \u00e0 Toulouse, il avait inscrit 10 buts et d\u00e9livr\u00e9 5 passes d\u00e9cisives. Lors de sa derni\u00e8re saison, il n\u2019a pas tout \u00e0 fait atteint ces statistiques, mais a tout de m\u00eame sign\u00e9 un bilan solide de 7 buts et 4 passes d\u00e9cisives.<\/p>\n<p>D\u00e9sormais, place au combat : contre la rel\u00e9gation et pour un contrat d\u00e9finitif.<\/p>\n<p>\t\t\t\t\t\t\t\t\t\t<a class=\"lien-connexe\" href=\"https:\/\/www.sofoot.com\/articles\/giovanni-sio-ex-rennes-nantes-et-cote-divoire-dans-ce-milieu-on-ne-te-fait-pas-de-cadeau\" target=\"_blank\" rel=\"noopener\">Giovanni Sio : \u00ab\u202fDans ce milieu, on ne te fait pas de cadeau\u202f\u00bb<\/a>\t\t\t\t\t<\/p>\n","protected":false},"excerpt":{"rendered":"Pas si \u00ab\u00a0Bell\u2019Italia\u00a0\u00bb que \u00e7a\u2026 Seulement cinq mois apr\u00e8s son transfert de Toulouse \u00e0 Turin, Zakaria Aboukhlal se&hellip;\n","protected":false},"author":2,"featured_media":628032,"comment_status":"","ping_status":"","sticky":false,"template":"","format":"standard","meta":{"footnotes":""},"categories":[2818],"tags":[1111,47,11,61,69,65,64,1777,674,63,1011,27,68,66,766,12,62,2636,70,25,67],"class_list":{"0":"post-628031","1":"post","2":"type-post","3":"status-publish","4":"format-standard","5":"has-post-thumbnail","7":"category-nantes","8":"tag-actu","9":"tag-actualite","10":"tag-actualites","11":"tag-actus-football","12":"tag-bundesliga","13":"tag-championnats-europeens","14":"tag-equipe-de-france","15":"tag-eu","16":"tag-europe","17":"tag-football","18":"tag-fr","19":"tag-france","20":"tag-ligua","21":"tag-ligue-1","22":"tag-nantes","23":"tag-news","24":"tag-news-foot","25":"tag-pays-de-la-loire","26":"tag-premier-league","27":"tag-republique-francaise","28":"tag-serie-a"},"share_on_mastodon":{"url":"https:\/\/pubeurope.com\/@fr\/115803972124034762","error":""},"_links":{"self":[{"href":"https:\/\/www.europesays.com\/fr\/wp-json\/wp\/v2\/posts\/628031","targetHints":{"allow":["GET"]}}],"collection":[{"href":"https:\/\/www.europesays.com\/fr\/wp-json\/wp\/v2\/posts"}],"about":[{"href":"https:\/\/www.europesays.com\/fr\/wp-json\/wp\/v2\/types\/post"}],"author":[{"embeddable":true,"href":"https:\/\/www.europesays.com\/fr\/wp-json\/wp\/v2\/users\/2"}],"replies":[{"embeddable":true,"href":"https:\/\/www.europesays.com\/fr\/wp-json\/wp\/v2\/comments?post=628031"}],"version-history":[{"count":0,"href":"https:\/\/www.europesays.com\/fr\/wp-json\/wp\/v2\/posts\/628031\/revisions"}],"wp:featuredmedia":[{"embeddable":true,"href":"https:\/\/www.europesays.com\/fr\/wp-json\/wp\/v2\/media\/628032"}],"wp:attachment":[{"href":"https:\/\/www.europesays.com\/fr\/wp-json\/wp\/v2\/media?parent=628031"}],"wp:term":[{"taxonomy":"category","embeddable":true,"href":"https:\/\/www.europesays.com\/fr\/wp-json\/wp\/v2\/categories?post=628031"},{"taxonomy":"post_tag","embeddable":true,"href":"https:\/\/www.europesays.com\/fr\/wp-json\/wp\/v2\/tags?post=628031"}],"curies":[{"name":"wp","href":"https:\/\/api.w.org\/{rel}","templated":true}]}}