{"id":628033,"date":"2025-12-29T17:12:10","date_gmt":"2025-12-29T17:12:10","guid":{"rendered":"https:\/\/www.europesays.com\/fr\/628033\/"},"modified":"2025-12-29T17:12:10","modified_gmt":"2025-12-29T17:12:10","slug":"yannick-noah-en-concert-acoustique-au-casino-barriere","status":"publish","type":"post","link":"https:\/\/www.europesays.com\/fr\/628033\/","title":{"rendered":"Yannick Noah en concert acoustique au Casino Barri\u00e8re"},"content":{"rendered":"<p>Le chanteur et musicien <strong>Yannick Noah<\/strong> fera escale \u00e0 Bordeaux le <strong>samedi 31 janvier 2026<\/strong>, pour un concert acoustique programm\u00e9 \u00e0 <strong>20h30<\/strong> au <strong>Th\u00e9\u00e2tre du Casino Barri\u00e8re Bordeaux<\/strong>. Une date girondine qui s\u2019inscrit dans une tourn\u00e9e en format r\u00e9duit, pens\u00e9e pour privil\u00e9gier l\u2019\u00e9coute et la proximit\u00e9 avec le public.<\/p>\n<p>Sur sc\u00e8ne, l\u2019ancien champion de tennis se pr\u00e9sentera dans une configuration \u00e9pur\u00e9e\u00a0: la voix, la guitare et un \u00e9change direct avec la salle. Il sera accompagn\u00e9 par <strong>Nicolas Paillet<\/strong>, son guitariste depuis plus de dix ans, pour un concert en duo qui revisite les chansons embl\u00e9matiques de son r\u00e9pertoire. Loin des grandes formations, ce format acoustique met en avant la simplicit\u00e9 et l\u2019intimit\u00e9, dans un esprit de partage assum\u00e9.<\/p>\n<p>Au fil des morceaux, Yannick Noah ponctue ses interpr\u00e9tations de souvenirs et d\u2019anecdotes li\u00e9s \u00e0 son parcours artistique et personnel. Une mani\u00e8re de revenir sur plusieurs d\u00e9cennies de carri\u00e8re musicale, marqu\u00e9e par des titres devenus populaires dans la chanson francophone comme Saga Africa, M\u00e9tisse ou Donne-moi une vie. Autant de chansons qui ont accompagn\u00e9 diff\u00e9rentes g\u00e9n\u00e9rations et continuent d\u2019\u00eatre reprises en concert.<\/p>\n<p>Figure famili\u00e8re du grand public depuis les ann\u00e9es 1980, Yannick Noah occupe une place singuli\u00e8re dans le paysage culturel fran\u00e7ais. Avant la musique, il s\u2019est illustr\u00e9 sur les courts de tennis avec une victoire historique \u00e0 Roland-Garros en 1983, puis comme capitaine de l\u2019\u00e9quipe de France de Coupe Davis. Depuis, sa carri\u00e8re artistique l\u2019a conduit sur de nombreuses sc\u00e8nes en France, avec une image associ\u00e9e \u00e0 l\u2019\u00e9nergie positive et au lien avec le public.<\/p>\n<p>Apr\u00e8s Bordeaux, cette tourn\u00e9e acoustique passera notamment par Toulouse, Lille, Enghien-les-Bains ou encore Deauville. \u00c0 Bordeaux, la soir\u00e9e du 31 janvier s\u2019annonce comme un rendez-vous intimiste pour retrouver un artiste habitu\u00e9 des grandes salles, dans un cadre volontairement resserr\u00e9.<\/p>\n","protected":false},"excerpt":{"rendered":"Le chanteur et musicien Yannick Noah fera escale \u00e0 Bordeaux le samedi 31 janvier 2026, pour un concert&hellip;\n","protected":false},"author":2,"featured_media":628034,"comment_status":"","ping_status":"","sticky":false,"template":"","format":"standard","meta":{"footnotes":""},"categories":[2817],"tags":[1111,11,1997,1777,674,1011,27,12,2219,25],"class_list":{"0":"post-628033","1":"post","2":"type-post","3":"status-publish","4":"format-standard","5":"has-post-thumbnail","7":"category-bordeaux","8":"tag-actu","9":"tag-actualites","10":"tag-bordeaux","11":"tag-eu","12":"tag-europe","13":"tag-fr","14":"tag-france","15":"tag-news","16":"tag-nouvelle-aquitaine","17":"tag-republique-francaise"},"share_on_mastodon":{"url":"https:\/\/pubeurope.com\/@fr\/115803976114566777","error":""},"_links":{"self":[{"href":"https:\/\/www.europesays.com\/fr\/wp-json\/wp\/v2\/posts\/628033","targetHints":{"allow":["GET"]}}],"collection":[{"href":"https:\/\/www.europesays.com\/fr\/wp-json\/wp\/v2\/posts"}],"about":[{"href":"https:\/\/www.europesays.com\/fr\/wp-json\/wp\/v2\/types\/post"}],"author":[{"embeddable":true,"href":"https:\/\/www.europesays.com\/fr\/wp-json\/wp\/v2\/users\/2"}],"replies":[{"embeddable":true,"href":"https:\/\/www.europesays.com\/fr\/wp-json\/wp\/v2\/comments?post=628033"}],"version-history":[{"count":0,"href":"https:\/\/www.europesays.com\/fr\/wp-json\/wp\/v2\/posts\/628033\/revisions"}],"wp:featuredmedia":[{"embeddable":true,"href":"https:\/\/www.europesays.com\/fr\/wp-json\/wp\/v2\/media\/628034"}],"wp:attachment":[{"href":"https:\/\/www.europesays.com\/fr\/wp-json\/wp\/v2\/media?parent=628033"}],"wp:term":[{"taxonomy":"category","embeddable":true,"href":"https:\/\/www.europesays.com\/fr\/wp-json\/wp\/v2\/categories?post=628033"},{"taxonomy":"post_tag","embeddable":true,"href":"https:\/\/www.europesays.com\/fr\/wp-json\/wp\/v2\/tags?post=628033"}],"curies":[{"name":"wp","href":"https:\/\/api.w.org\/{rel}","templated":true}]}}