{"id":628035,"date":"2025-12-29T17:13:09","date_gmt":"2025-12-29T17:13:09","guid":{"rendered":"https:\/\/www.europesays.com\/fr\/628035\/"},"modified":"2025-12-29T17:13:09","modified_gmt":"2025-12-29T17:13:09","slug":"lun-des-plus-grands-pianistes-du-siecle-monte-sur-la-scene-de-larkea-arena","status":"publish","type":"post","link":"https:\/\/www.europesays.com\/fr\/628035\/","title":{"rendered":"l&rsquo;un des plus grands pianistes du si\u00e8cle monte sur la sc\u00e8ne de l&rsquo;Ark\u00e9a Arena"},"content":{"rendered":"<p>                    Par<br \/>\n        <strong><br \/>\n            <a href=\"https:\/\/actu.fr\/auteur\/sports33\" title=\"Consulter tous les articles de Nicolas Gosselin\" target=\"_blank\" rel=\"noopener\">Nicolas Gosselin<\/a><br \/>\n                    <\/strong><\/p>\n<p>        Publi\u00e9 le<\/p>\n<p>            29 d\u00e9c. 2025 \u00e0 16h42        <\/p>\n<p>C\u2019est une <strong>star internationale du piano<\/strong>. Ludovico Einaudi, compositeur de renomm\u00e9e mondiale, monte sur la sc\u00e8ne de l\u2019<a href=\"https:\/\/actu.fr\/tag\/arkea-arena\" target=\"_blank\" rel=\"noopener\">Ark\u00e9a Arena<\/a> le 30 juin 2026.<\/p>\n<p class=\" wall-content\">L\u2019artiste italien a su \u00ab\u00a0captiver des millions de spectateurs avec sa musique minimaliste et \u00e9motionnelle, qui transcende les fronti\u00e8res du classique pour toucher un public bien au-del\u00e0\u00a0\u00bb.<\/p>\n<p>Connu pour les bandes originales de films<\/p>\n<p class=\" wall-content\">Outre ses albums iconiques, il est \u00e9galement un ma\u00eetre des bandes originales de films, signant des \u0153uvres inoubliables pour Intouchables, Nomadland, The Father et La Tresse.<\/p>\n<p class=\" wall-content\">\n<p class=\" wall-content\">Une semaine avant son passage \u00e0 Bordeaux, Ludovico Einaudi se produira dans l\u2019enceinte g\u00e9ante de Paris La D\u00e9fense Arena, apr\u00e8s avoir d\u00e9j\u00e0 rempli l\u2019Accor Arena en mars 2025.<\/p>\n<p class=\" wall-content\">La billetterie de l\u2019Ark\u00e9a Arena est ouverte depuis la mi-d\u00e9cembre et d\u00e9j\u00e0 plus de la moiti\u00e9 des places disponibles ont \u00e9t\u00e9 vendues. Les billets sont disponibles \u00e0 partir de 69 euros sur <a href=\"https:\/\/billetterie.arkeaarena.com\/fr\/manifestation\/ludovico-einaudi-billet\/idmanif\/645550\/idseance\/4237142\" target=\"_blank\" rel=\"noopener\">le site de la salle de spectacles<\/a>.<\/p>\n<p class=\" wall-content\">Personnalisez votre actualit\u00e9 en ajoutant vos villes et m\u00e9dias en favori avec <a href=\"https:\/\/moncompte.actu.fr\" title=\"D\u00e9couvez Mon Actu\" rel=\"nofollow noopener\" data-trk=\"{&quot;cta&quot;:{&quot;action&quot;:&quot;https:\\\/\\\/moncompte.actu.fr&quot;,&quot;category&quot;:&quot;mon compte&quot;,&quot;from&quot;:&quot;article footer&quot;,&quot;name&quot;:&quot;Mon actu&quot;,&quot;type&quot;:&quot;cta&quot;}}\" target=\"_blank\">Mon Actu<\/a>.<\/p>\n","protected":false},"excerpt":{"rendered":"Par Nicolas Gosselin Publi\u00e9 le 29 d\u00e9c. 2025 \u00e0 16h42 C\u2019est une star internationale du piano. Ludovico Einaudi,&hellip;\n","protected":false},"author":2,"featured_media":628036,"comment_status":"","ping_status":"","sticky":false,"template":"","format":"standard","meta":{"footnotes":""},"categories":[2817],"tags":[1111,11,15890,1997,1697,1777,674,1011,27,1652,12,2219,25],"class_list":{"0":"post-628035","1":"post","2":"type-post","3":"status-publish","4":"format-standard","5":"has-post-thumbnail","7":"category-bordeaux","8":"tag-actu","9":"tag-actualites","10":"tag-arkea-arena","11":"tag-bordeaux","12":"tag-concert","13":"tag-eu","14":"tag-europe","15":"tag-fr","16":"tag-france","17":"tag-loisirs-culture","18":"tag-news","19":"tag-nouvelle-aquitaine","20":"tag-republique-francaise"},"share_on_mastodon":{"url":"https:\/\/pubeurope.com\/@fr\/115803980032473537","error":""},"_links":{"self":[{"href":"https:\/\/www.europesays.com\/fr\/wp-json\/wp\/v2\/posts\/628035","targetHints":{"allow":["GET"]}}],"collection":[{"href":"https:\/\/www.europesays.com\/fr\/wp-json\/wp\/v2\/posts"}],"about":[{"href":"https:\/\/www.europesays.com\/fr\/wp-json\/wp\/v2\/types\/post"}],"author":[{"embeddable":true,"href":"https:\/\/www.europesays.com\/fr\/wp-json\/wp\/v2\/users\/2"}],"replies":[{"embeddable":true,"href":"https:\/\/www.europesays.com\/fr\/wp-json\/wp\/v2\/comments?post=628035"}],"version-history":[{"count":0,"href":"https:\/\/www.europesays.com\/fr\/wp-json\/wp\/v2\/posts\/628035\/revisions"}],"wp:featuredmedia":[{"embeddable":true,"href":"https:\/\/www.europesays.com\/fr\/wp-json\/wp\/v2\/media\/628036"}],"wp:attachment":[{"href":"https:\/\/www.europesays.com\/fr\/wp-json\/wp\/v2\/media?parent=628035"}],"wp:term":[{"taxonomy":"category","embeddable":true,"href":"https:\/\/www.europesays.com\/fr\/wp-json\/wp\/v2\/categories?post=628035"},{"taxonomy":"post_tag","embeddable":true,"href":"https:\/\/www.europesays.com\/fr\/wp-json\/wp\/v2\/tags?post=628035"}],"curies":[{"name":"wp","href":"https:\/\/api.w.org\/{rel}","templated":true}]}}