{"id":628041,"date":"2025-12-29T17:16:13","date_gmt":"2025-12-29T17:16:13","guid":{"rendered":"https:\/\/www.europesays.com\/fr\/628041\/"},"modified":"2025-12-29T17:16:13","modified_gmt":"2025-12-29T17:16:13","slug":"au-volant-dune-voiture-volee-un-mineur-blesse-trois-policiers","status":"publish","type":"post","link":"https:\/\/www.europesays.com\/fr\/628041\/","title":{"rendered":"au volant d&rsquo;une voiture vol\u00e9e, un mineur blesse trois policiers"},"content":{"rendered":"<p>                    Par<br \/>\n        <strong><br \/>\n            <a href=\"https:\/\/actu.fr\/auteur\/margot-nicodeme\" title=\"Consulter tous les articles de Margot Nicod\u00e8me\" target=\"_blank\" rel=\"noopener\">Margot Nicod\u00e8me<\/a><br \/>\n                    <\/strong><\/p>\n<p>        Publi\u00e9 le<\/p>\n<p>            29 d\u00e9c. 2025 \u00e0 16h18        <\/p>\n<p>Il a<b> d\u00e9lib\u00e9r\u00e9ment fonc\u00e9 sur des policiers<\/b>, alors qu\u2019il se rendait coupable, depuis des kilom\u00e8tres d\u00e9j\u00e0, <b>d\u2019un <a href=\"https:\/\/actu.fr\/hauts-de-france\/lille_59350\/refus-dobtemperer-a-lille-un-garcon-de-15-ans-prend-des-risques-pour-echapper-a-la-police-en-vain_62971225.html\" target=\"_blank\" rel=\"noopener\">refus d\u2019obtemp\u00e9rer<\/a><\/b>, dans la m\u00e9tropole de <a href=\"https:\/\/actu.fr\/hauts-de-france\/lille_59350\/\" target=\"_blank\" rel=\"noopener\">Lille<\/a> (Nord). Ce conducteur fou roulait non seulement <b>\u00e0 bord d\u2019une voiture fra\u00eechement vol\u00e9e<\/b>, mais il n\u2019\u00e9tait pas en \u00e2ge d\u2019\u00eatre titulaire du permis de conduire : il n\u2019avait en effet que <b>16 ans<\/b>. Les trois fonctionnaires qu\u2019il a percut\u00e9s \u00e0 <a href=\"https:\/\/actu.fr\/hauts-de-france\/roubaix_59512\" target=\"_blank\" rel=\"noopener\">Roubaix<\/a> ont \u00e9t\u00e9 <b>l\u00e9g\u00e8rement bless\u00e9s<\/b>.\u00a0<\/p>\n<p>\u00c2g\u00e9 de 16 ans, il fait volontairement un \u00e9cart pour venir heurter de plein fouet le v\u00e9hicule de police<\/p>\n<p class=\" wall-content\">Il \u00e9tait environ 3h, ce lundi 29 d\u00e9cembre 2025, quand la BAC a pris en chasse un automobiliste conduisant une Toyota. <b>Celui-ci refuse de se laisser contr\u00f4ler,<\/b> et fonce \u00e0 travers la m\u00e9tropole lilloise : il emprunte l\u2019A22 en direction Roubaix, alors que quatre v\u00e9hicules de police (trois de police secours et celui de la BAC) le poursuivent.<\/p>\n<p class=\" wall-content\">Une herse ralentit sa fuite, lui crevant le pneu arri\u00e8re gauche. Pour autant, le conducteur ne s\u2019arr\u00eate pas. Un \u00e9quipage de police secours se positionne sur sa route, et c\u2019est l\u00e0 que la collision se produit : <b>de fa\u00e7on volontaire, le chauffard proc\u00e8de \u00e0 \u00ab\u00a0un \u00e9cart\u00a0\u00bb<\/b>, relate une source judiciaire, pour venir heurter de plein fouet le v\u00e9hicule de police \u00e0 l\u2019arr\u00eat.<\/p>\n<p class=\" wall-content\">\n<p class=\" wall-content\">Il finit par \u00eatre immobilis\u00e9. \u00c2g\u00e9 de 16 ans, il n\u2019a \u00e9videmment pas le permis et la Toyota qu\u2019il conduisait venait d\u2019\u00eatre d\u00e9clar\u00e9e vol\u00e9e.<\/p>\n<p class=\" wall-content\">La femme polici\u00e8re \u00e0 bord du v\u00e9hicule percut\u00e9 s\u2019est plainte d\u2019une douleur au bassin. Elle et ses deux coll\u00e8gues masculins ont \u00e9t\u00e9 examin\u00e9s par les pompiers et transport\u00e9s \u00e0 l\u2019h\u00f4pital. Ils n\u2019ont \u00e9t\u00e9 que l\u00e9g\u00e8rement bless\u00e9s.<\/p>\n<p class=\" wall-content\">Personnalisez votre actualit\u00e9 en ajoutant vos villes et m\u00e9dias en favori avec <a href=\"https:\/\/moncompte.actu.fr\" title=\"D\u00e9couvez Mon Actu\" rel=\"nofollow noopener\" data-trk=\"{&quot;cta&quot;:{&quot;action&quot;:&quot;https:\\\/\\\/moncompte.actu.fr&quot;,&quot;category&quot;:&quot;mon compte&quot;,&quot;from&quot;:&quot;article footer&quot;,&quot;name&quot;:&quot;Mon actu&quot;,&quot;type&quot;:&quot;cta&quot;}}\" target=\"_blank\">Mon Actu<\/a>.<\/p>\n","protected":false},"excerpt":{"rendered":"Par Margot Nicod\u00e8me Publi\u00e9 le 29 d\u00e9c. 2025 \u00e0 16h18 Il a d\u00e9lib\u00e9r\u00e9ment fonc\u00e9 sur des policiers, alors&hellip;\n","protected":false},"author":2,"featured_media":628042,"comment_status":"","ping_status":"","sticky":false,"template":"","format":"standard","meta":{"footnotes":""},"categories":[2815],"tags":[1111,11,1777,674,118,1011,27,811,1307,12,1072,2852,25],"class_list":{"0":"post-628041","1":"post","2":"type-post","3":"status-publish","4":"format-standard","5":"has-post-thumbnail","7":"category-lille","8":"tag-actu","9":"tag-actualites","10":"tag-eu","11":"tag-europe","12":"tag-faits-divers","13":"tag-fr","14":"tag-france","15":"tag-hauts-de-france","16":"tag-lille","17":"tag-news","18":"tag-police","19":"tag-refus-dobtemperer","20":"tag-republique-francaise"},"share_on_mastodon":{"url":"https:\/\/pubeurope.com\/@fr\/115803991873380436","error":""},"_links":{"self":[{"href":"https:\/\/www.europesays.com\/fr\/wp-json\/wp\/v2\/posts\/628041","targetHints":{"allow":["GET"]}}],"collection":[{"href":"https:\/\/www.europesays.com\/fr\/wp-json\/wp\/v2\/posts"}],"about":[{"href":"https:\/\/www.europesays.com\/fr\/wp-json\/wp\/v2\/types\/post"}],"author":[{"embeddable":true,"href":"https:\/\/www.europesays.com\/fr\/wp-json\/wp\/v2\/users\/2"}],"replies":[{"embeddable":true,"href":"https:\/\/www.europesays.com\/fr\/wp-json\/wp\/v2\/comments?post=628041"}],"version-history":[{"count":0,"href":"https:\/\/www.europesays.com\/fr\/wp-json\/wp\/v2\/posts\/628041\/revisions"}],"wp:featuredmedia":[{"embeddable":true,"href":"https:\/\/www.europesays.com\/fr\/wp-json\/wp\/v2\/media\/628042"}],"wp:attachment":[{"href":"https:\/\/www.europesays.com\/fr\/wp-json\/wp\/v2\/media?parent=628041"}],"wp:term":[{"taxonomy":"category","embeddable":true,"href":"https:\/\/www.europesays.com\/fr\/wp-json\/wp\/v2\/categories?post=628041"},{"taxonomy":"post_tag","embeddable":true,"href":"https:\/\/www.europesays.com\/fr\/wp-json\/wp\/v2\/tags?post=628041"}],"curies":[{"name":"wp","href":"https:\/\/api.w.org\/{rel}","templated":true}]}}