{"id":628049,"date":"2025-12-29T17:20:13","date_gmt":"2025-12-29T17:20:13","guid":{"rendered":"https:\/\/www.europesays.com\/fr\/628049\/"},"modified":"2025-12-29T17:20:13","modified_gmt":"2025-12-29T17:20:13","slug":"le-rally-of-culture-et-ses-battles-reserves-aux-enfants-revient-pour-sa-3e-edition","status":"publish","type":"post","link":"https:\/\/www.europesays.com\/fr\/628049\/","title":{"rendered":"le Rally Of Culture et ses \u00ab\u00a0battles\u00a0\u00bb r\u00e9serv\u00e9s aux enfants revient pour sa 3e \u00e9dition"},"content":{"rendered":"<p>Rally Of Culture revient en 2026 pour la troisi\u00e8me \u00e9dition de son Battle Kids, les deux pr\u00e9c\u00e9dents \u00e9v\u00e9nements en\u00a02024 et\u00a02025 avaient \u00e9t\u00e9 un succ\u00e8s et encouragent les organisateurs \u00e0 p\u00e9renniser ce rendez-vous o\u00f9 enfants et adolescents peuvent exprimer leur art. Des Battles \u00ab\u00a0adultes\u00a0\u00bb avec de nombreux danseurs sont \u00e9galement programm\u00e9s dans cette manifestation qui aura lieu le samedi 17\u00a0janvier, au Croiseur, 4 rue Croix-Barre, \u00e0 Lyon 7e. Les s\u00e9lections commenceront d\u00e8s 11\u00a0h\u00a030 (ouvertes au public) mais l\u2019accueil \u00ab\u00a0officiel\u00a0\u00bb est fix\u00e9 \u00e0 14\u00a0h\u00a030 pour un Battle \u00e0 15\u00a0h. Trois juges seront pr\u00e9sents\u00a0: Assa (Freestyle), Tyler (Popping), Alberto (B.Boying) L\u2019\u00e9v\u00e9nement sera anim\u00e9 par MC Ziks et DJ Pada.<\/p>\n<p>  Hip-hop, funk et autres styles<\/p>\n<p>Depuis 2019, <a href=\"https:\/\/www.leprogres.fr\/culture-loisirs\/2024\/01\/23\/des-8-ans-ils-maitrisent-break-dance-et-free-style\" target=\"_blank\" rel=\"noopener\">le Rally Of Culture d\u00e9ploie des moyens<\/a> pour faire rena\u00eetre des styles de danses oubli\u00e9s \u00e0 Lyon. Il a \u00e0 c\u0153ur de promouvoir les disciplines old school du genre underground,<\/p>\n<p>avec des \u00e9v\u00e9nements hip-hop, funk, popping et B.Boying (Breakdance). L\u2019association TakaMouv cr\u00e9\u00e9e en 1998 et son centre de danse lyonnais situ\u00e9 dans le 2e  arrondissement est \u00e0 l\u2019origine de ces rendez-vous r\u00e9serv\u00e9s aux plus jeunes et qui n\u2019existaient pas avant sur Lyon.<\/p>\n<p>Tout au long de l\u2019ann\u00e9e, TakaMouv TakaMouv propose de nombreux \u00e9v\u00e9nements comme ces traditionnels battles, des confrontations artistiques et pacifiques sur fond de rap et de danse.<\/p>\n<p class=\"note\">Battle rally of culture. 3e \u00e9dition Kids 2025. Samedi 17\u00a0janvier 2026, \u00e0 15\u00a0h. Le Croiseur. 4, rue Croix Barret. 69007 Lyon. Rens et tarifs au\u00a0: 04\u00a078\u00a028\u00a006\u00a092 ou sur le site web de l\u2019asso\u00a0: <a href=\"https:\/\/takamouv.fr\/\" target=\"_blank\" rel=\"noopener\">https\u00a0:\/\/takamouv.fr<\/a> e \u00e9ditpok<\/p>\n","protected":false},"excerpt":{"rendered":"Rally Of Culture revient en 2026 pour la troisi\u00e8me \u00e9dition de son Battle Kids, les deux pr\u00e9c\u00e9dents \u00e9v\u00e9nements&hellip;\n","protected":false},"author":2,"featured_media":628050,"comment_status":"","ping_status":"","sticky":false,"template":"","format":"standard","meta":{"footnotes":""},"categories":[1889],"tags":[1111,11,2430,1687,2757,1777,674,1011,27,2428,5947,5946,873,12,25,3140],"class_list":{"0":"post-628049","1":"post","2":"type-post","3":"status-publish","4":"format-standard","5":"has-post-thumbnail","7":"category-lyon","8":"tag-actu","9":"tag-actualites","10":"tag-auvergne-rhone-alpes","11":"tag-culture-loisirs","12":"tag-edition-lyon-villeurbanne","13":"tag-eu","14":"tag-europe","15":"tag-fr","16":"tag-france","17":"tag-lyon","18":"tag-lyon-7e","19":"tag-lyon-7e-arrondissement","20":"tag-musique","21":"tag-news","22":"tag-republique-francaise","23":"tag-spectacle"},"share_on_mastodon":{"url":"https:\/\/pubeurope.com\/@fr\/115804007642871269","error":""},"_links":{"self":[{"href":"https:\/\/www.europesays.com\/fr\/wp-json\/wp\/v2\/posts\/628049","targetHints":{"allow":["GET"]}}],"collection":[{"href":"https:\/\/www.europesays.com\/fr\/wp-json\/wp\/v2\/posts"}],"about":[{"href":"https:\/\/www.europesays.com\/fr\/wp-json\/wp\/v2\/types\/post"}],"author":[{"embeddable":true,"href":"https:\/\/www.europesays.com\/fr\/wp-json\/wp\/v2\/users\/2"}],"replies":[{"embeddable":true,"href":"https:\/\/www.europesays.com\/fr\/wp-json\/wp\/v2\/comments?post=628049"}],"version-history":[{"count":0,"href":"https:\/\/www.europesays.com\/fr\/wp-json\/wp\/v2\/posts\/628049\/revisions"}],"wp:featuredmedia":[{"embeddable":true,"href":"https:\/\/www.europesays.com\/fr\/wp-json\/wp\/v2\/media\/628050"}],"wp:attachment":[{"href":"https:\/\/www.europesays.com\/fr\/wp-json\/wp\/v2\/media?parent=628049"}],"wp:term":[{"taxonomy":"category","embeddable":true,"href":"https:\/\/www.europesays.com\/fr\/wp-json\/wp\/v2\/categories?post=628049"},{"taxonomy":"post_tag","embeddable":true,"href":"https:\/\/www.europesays.com\/fr\/wp-json\/wp\/v2\/tags?post=628049"}],"curies":[{"name":"wp","href":"https:\/\/api.w.org\/{rel}","templated":true}]}}