{"id":62805,"date":"2025-04-29T21:49:08","date_gmt":"2025-04-29T21:49:08","guid":{"rendered":"https:\/\/www.europesays.com\/fr\/62805\/"},"modified":"2025-04-29T21:49:08","modified_gmt":"2025-04-29T21:49:08","slug":"davantage-de-metros-les-week-ends","status":"publish","type":"post","link":"https:\/\/www.europesays.com\/fr\/62805\/","title":{"rendered":"Davantage de m\u00e9tros les week-ends"},"content":{"rendered":"<p>            <a href=\"https:\/\/www.europesays.com\/fr\/wp-content\/uploads\/2025\/04\/sur-la-ligne-12-depuis-le-8-mars-dernier-loffre-est-renforcee-de-4-les-week-ends-fc.jpg\" data-caption=\"Sur la ligne 12, depuis le 8 mars dernier, l'offre est renforc\u00e9e de 4 % les week-ends. \u00a9 FC&lt;\/p&gt;\"><img loading=\"lazy\" decoding=\"async\" width=\"1100\" height=\"825\" class=\"entry-thumb td-modal-image ewww_webp_lazy_load\" src=\"data:image\/svg+xml,%3Csvg%20xmlns=\" http:=\"\" alt=\"\" title=\"\" data-lazy-src=\"https:\/\/www.europesays.com\/fr\/wp-content\/uploads\/2025\/04\/sur-la-ligne-12-depuis-le-8-mars-dernier-loffre-est-renforcee-de-4-les-week-ends-fc.jpg\" data-lazy-src-webp=\"https:\/\/www.europesays.com\/fr\/wp-content\/uploads\/2025\/04\/sur-la-ligne-12-depuis-le-8-mars-dernier-loffre-est-renforcee-de-4-les-week-ends-fc.jpg.webp\"\/><\/a>Sur la ligne 12, depuis le 8 mars dernier, l&rsquo;offre est renforc\u00e9e de 4 % les week-ends. \u00a9 FC<\/p>\n<p>Depuis plusieurs mois, le m\u00e9tro conna\u00eet une hausse de sa fr\u00e9quentation en soir\u00e9e et en fin de semaine. \u00ab Les analyses effectu\u00e9es par Ile-de-France Mobilit\u00e9s et la RATP ont r\u00e9v\u00e9l\u00e9 une augmentation de la fr\u00e9quentation les soirs de semaine et les fins de semaine en journ\u00e9e et en soir\u00e9e, sup\u00e9rieure \u00e0 20 % en comparaison avec 2019 \u00bb, constate l\u2019autorit\u00e9 organisatrice des transports en commun franciliens.<\/p>\n<p>Val\u00e9rie P\u00e9cresse, la pr\u00e9sidente (LR) de la R\u00e9gion et d\u2019Ile-de-France Mobilit\u00e9s, a ainsi demand\u00e9 \u00e0 la RATP de renforcer l\u2019offre de transport les week-ends en journ\u00e9e et en soir\u00e9e, d\u2019abord sur les lignes 5, 9 et 12, \u00ab les plus concern\u00e9es \u00bb. Sur la ligne 12, depuis le 8 mars dernier, l\u2019offre est ainsi renforc\u00e9e de 4 % les week-ends (le samedi de 14h30 \u00e0 19h30 et le dimanche de 7h \u00e0 19h30), tandis que sur les lignes 5 et 9, elle sera augment\u00e9e de 5 et 8 % les week-ends d\u00e8s le d\u00e9but du mois de mai les dimanches et d\u00e8s le mois de juin les samedis, sur certaines plages horaires, notamment en soir\u00e9e. \u00ab Conform\u00e9ment aux r\u00e9sultats de janvier sur la fr\u00e9quentation du m\u00e9tro, le renfort le plus important concerne la ligne 9, le samedi apr\u00e8s-midi sur une plage \u00e9tendue \u00bb, pr\u00e9cise Ile-de-France Mobilit\u00e9s qui annonce par ailleurs que l\u2019offre de la ligne 5 sera renforc\u00e9e en semaine \u00e0 partir du mois octobre entre 18h et la fin du service.<\/p>\n<p>A plus long terme, d\u2019autres lignes vont b\u00e9n\u00e9ficier de ce renfort. \u00ab Des \u00e9tudes et comptages sont en cours pour examiner l\u2019offre sur le reste des lignes et les renforcer dans les prochains mois \u00bb, confirme l\u2019autorit\u00e9 organisatrice des transports qui envisage d\u00e9j\u00e0 des renforts d\u2019offre le week-end sur la ligne 11 d\u00e8s la rentr\u00e9e 2025 \u00ab en raison de la forte fr\u00e9quentation \u00bb. Des renforts d\u2019offre sont \u00e9galement \u00e0 l\u2019\u00e9tude sur les lignes 2, 3, 7 et 8, l\u00e0 encore pour \u00ab r\u00e9pondre \u00e0 la hausse de la fr\u00e9quentation \u00bb. Mais, s\u2019ils sont confirm\u00e9s, ils n\u2019interviendront que courant 2026.<\/p>\n<p>\n            [auto_promo_mpl_cutom url=\u00a0\u00bbhttps:\/\/mapresselocale.fr\/titres\/l-echo-d-ile-de-france\u00a0\u00bb]        <\/p>\n","protected":false},"excerpt":{"rendered":"Sur la ligne 12, depuis le 8 mars dernier, l&rsquo;offre est renforc\u00e9e de 4 % les week-ends. \u00a9&hellip;\n","protected":false},"author":2,"featured_media":62806,"comment_status":"","ping_status":"","sticky":false,"template":"","format":"standard","meta":{"footnotes":""},"categories":[1592],"tags":[1111,11,1777,674,1011,27,662,14484,16074,16075,16076,16077,12,5235,626,625,16078,25,800,2216,14431],"class_list":{"0":"post-62805","1":"post","2":"type-post","3":"status-publish","4":"format-standard","5":"has-post-thumbnail","7":"category-ile-de-france","8":"tag-actu","9":"tag-actualites","10":"tag-eu","11":"tag-europe","12":"tag-fr","13":"tag-france","14":"tag-ile-de-france","15":"tag-ile-de-france-mobilitu00e9s","16":"tag-ligne-12","17":"tag-ligne-5","18":"tag-ligne-9","19":"tag-mu00e9tro","20":"tag-news","21":"tag-offre","22":"tag-paris","23":"tag-ratp","24":"tag-renfort","25":"tag-republique-francaise","26":"tag-transports","27":"tag-transports-en-commun","28":"tag-week-ends"},"share_on_mastodon":{"url":"https:\/\/pubeurope.com\/@fr\/114423461555896938","error":""},"_links":{"self":[{"href":"https:\/\/www.europesays.com\/fr\/wp-json\/wp\/v2\/posts\/62805","targetHints":{"allow":["GET"]}}],"collection":[{"href":"https:\/\/www.europesays.com\/fr\/wp-json\/wp\/v2\/posts"}],"about":[{"href":"https:\/\/www.europesays.com\/fr\/wp-json\/wp\/v2\/types\/post"}],"author":[{"embeddable":true,"href":"https:\/\/www.europesays.com\/fr\/wp-json\/wp\/v2\/users\/2"}],"replies":[{"embeddable":true,"href":"https:\/\/www.europesays.com\/fr\/wp-json\/wp\/v2\/comments?post=62805"}],"version-history":[{"count":0,"href":"https:\/\/www.europesays.com\/fr\/wp-json\/wp\/v2\/posts\/62805\/revisions"}],"wp:featuredmedia":[{"embeddable":true,"href":"https:\/\/www.europesays.com\/fr\/wp-json\/wp\/v2\/media\/62806"}],"wp:attachment":[{"href":"https:\/\/www.europesays.com\/fr\/wp-json\/wp\/v2\/media?parent=62805"}],"wp:term":[{"taxonomy":"category","embeddable":true,"href":"https:\/\/www.europesays.com\/fr\/wp-json\/wp\/v2\/categories?post=62805"},{"taxonomy":"post_tag","embeddable":true,"href":"https:\/\/www.europesays.com\/fr\/wp-json\/wp\/v2\/tags?post=62805"}],"curies":[{"name":"wp","href":"https:\/\/api.w.org\/{rel}","templated":true}]}}