{"id":628055,"date":"2025-12-29T17:24:09","date_gmt":"2025-12-29T17:24:09","guid":{"rendered":"https:\/\/www.europesays.com\/fr\/628055\/"},"modified":"2025-12-29T17:24:09","modified_gmt":"2025-12-29T17:24:09","slug":"voici-le-departement-ou-on-est-le-mieux-paye","status":"publish","type":"post","link":"https:\/\/www.europesays.com\/fr\/628055\/","title":{"rendered":"voici le d\u00e9partement o\u00f9 on est le mieux pay\u00e9"},"content":{"rendered":"<p>                    Par<br \/>\n        <strong><br \/>\n            <a href=\"https:\/\/actu.fr\/auteur\/dorinegoth\" title=\"Consulter tous les articles de Dorine Goth\" target=\"_blank\" rel=\"noopener\">Dorine Goth<\/a><br \/>\n                    <\/strong><\/p>\n<p>        Publi\u00e9 le<\/p>\n<p>            29 d\u00e9c. 2025 \u00e0 17h42        <\/p>\n<p><a href=\"https:\/\/actu.fr\/ile-de-france\/paris_75056\/loyers-transports-cout-de-la-vie-paris-reste-la-ville-etudiante-la-plus-chere-de-france-en-2025_63053299.html\" target=\"_blank\" rel=\"noopener\">La vie francilienne est ch\u00e8re<\/a>, mais les salaires sont en moyenne meilleurs. C\u2019est ce qui ressort de l\u2019\u00e9tude de l\u2019Insee sur <strong><a href=\"https:\/\/actu.fr\/tag\/salaires\" target=\"_blank\" rel=\"noopener\">les salaires<\/a><\/strong> dans le secteur priv\u00e9. Selon les donn\u00e9es publi\u00e9es le 4\u00a0d\u00e9cembre 2024, <strong>le salaire moyen est de 3\u2009479\u00a0euros nets par mois en \u00cele-de-France<\/strong>, soit 845\u00a0euros de plus qu\u2019en Auvergne-Rh\u00f4ne-Alpes, deuxi\u00e8me r\u00e9gion la plus dynamique en termes de r\u00e9mun\u00e9ration.<\/p>\n<p>4\u2009217\u00a0euros dans les Hauts-de-Seine<\/p>\n<p class=\" wall-content\">Et ce n\u2019est pas \u00e0 Paris que les salaires sont les plus \u00e9lev\u00e9s en moyenne. Dans le classement r\u00e9gional, les <strong>Hauts-de-Seine<\/strong> arrivent en t\u00eate. Le salaire moyen y atteint<strong> 4\u2009217\u00a0euros nets,<\/strong> soit pr\u00e8s de 1\u2009500\u00a0euros de plus que la moyenne fran\u00e7aise. Ce d\u00e9partement concentre une <a href=\"https:\/\/actu.fr\/tag\/la-defense\" target=\"_blank\" rel=\"noopener\">forte proportion de cadres<\/a> et d\u2019emplois bien r\u00e9mun\u00e9r\u00e9s dans la finance, les services et les technologies. Chez ces derniers, la r\u00e9mun\u00e9ration moyenne grimpe \u00e0<strong> 5\u2009570\u00a0euros nets.<\/strong><\/p>\n<p class=\" wall-content\">Juste derri\u00e8re, Paris affiche un salaire moyen de<strong> 3\u2009836\u00a0euros nets par mois<\/strong>. Ses cadres sont les mieux lotis de l\u2019ensemble du territoire national avec une r\u00e9mun\u00e9ration de 5\u2009663\u00a0euros en moyenne. \u00c0 l\u2019inverse, les ouvriers, avec un salaire moyen de 2\u2009119\u00a0euros sont les sixi\u00e8mes du classement, derri\u00e8re la Savoie et la Haute-Savoie, le Haut-Rhin, la Marne et la Seine-Maritime.<\/p>\n<p class=\" wall-content\">Les autres d\u00e9partements de la petite couronne francilienne se situent aussi bien au-dessus de la moyenne nationale, avec des salaires nets moyens de<strong> 3\u2009035\u00a0euros en Seine-Saint-Denis<\/strong> et<strong> 3\u2009028\u00a0euros dans le Val-de-Marne.<\/strong><\/p>\n<p class=\" wall-content\">Personnalisez votre actualit\u00e9 en ajoutant vos villes et m\u00e9dias en favori avec <a href=\"https:\/\/moncompte.actu.fr\" title=\"D\u00e9couvez Mon Actu\" rel=\"nofollow noopener\" data-trk=\"{&quot;cta&quot;:{&quot;action&quot;:&quot;https:\\\/\\\/moncompte.actu.fr&quot;,&quot;category&quot;:&quot;mon compte&quot;,&quot;from&quot;:&quot;article footer&quot;,&quot;name&quot;:&quot;Mon actu&quot;,&quot;type&quot;:&quot;cta&quot;}}\" target=\"_blank\">Mon Actu<\/a>.<\/p>\n","protected":false},"excerpt":{"rendered":"Par Dorine Goth Publi\u00e9 le 29 d\u00e9c. 2025 \u00e0 17h42 La vie francilienne est ch\u00e8re, mais les salaires&hellip;\n","protected":false},"author":2,"featured_media":628056,"comment_status":"","ping_status":"","sticky":false,"template":"","format":"standard","meta":{"footnotes":""},"categories":[1888],"tags":[1111,1928,11,1927,33,1777,674,1011,27,12,1926,626,1925,2922,25,11254],"class_list":{"0":"post-628055","1":"post","2":"type-post","3":"status-publish","4":"format-standard","5":"has-post-thumbnail","7":"category-paris","8":"tag-actu","9":"tag-actu-paris","10":"tag-actualites","11":"tag-actualites-paris","12":"tag-economie","13":"tag-eu","14":"tag-europe","15":"tag-fr","16":"tag-france","17":"tag-news","18":"tag-news-paris","19":"tag-paris","20":"tag-paris-news","21":"tag-pouvoir-dachat","22":"tag-republique-francaise","23":"tag-salaires"},"share_on_mastodon":{"url":"https:\/\/pubeurope.com\/@fr\/115804023346593420","error":""},"_links":{"self":[{"href":"https:\/\/www.europesays.com\/fr\/wp-json\/wp\/v2\/posts\/628055","targetHints":{"allow":["GET"]}}],"collection":[{"href":"https:\/\/www.europesays.com\/fr\/wp-json\/wp\/v2\/posts"}],"about":[{"href":"https:\/\/www.europesays.com\/fr\/wp-json\/wp\/v2\/types\/post"}],"author":[{"embeddable":true,"href":"https:\/\/www.europesays.com\/fr\/wp-json\/wp\/v2\/users\/2"}],"replies":[{"embeddable":true,"href":"https:\/\/www.europesays.com\/fr\/wp-json\/wp\/v2\/comments?post=628055"}],"version-history":[{"count":0,"href":"https:\/\/www.europesays.com\/fr\/wp-json\/wp\/v2\/posts\/628055\/revisions"}],"wp:featuredmedia":[{"embeddable":true,"href":"https:\/\/www.europesays.com\/fr\/wp-json\/wp\/v2\/media\/628056"}],"wp:attachment":[{"href":"https:\/\/www.europesays.com\/fr\/wp-json\/wp\/v2\/media?parent=628055"}],"wp:term":[{"taxonomy":"category","embeddable":true,"href":"https:\/\/www.europesays.com\/fr\/wp-json\/wp\/v2\/categories?post=628055"},{"taxonomy":"post_tag","embeddable":true,"href":"https:\/\/www.europesays.com\/fr\/wp-json\/wp\/v2\/tags?post=628055"}],"curies":[{"name":"wp","href":"https:\/\/api.w.org\/{rel}","templated":true}]}}