{"id":628063,"date":"2025-12-29T17:28:11","date_gmt":"2025-12-29T17:28:11","guid":{"rendered":"https:\/\/www.europesays.com\/fr\/628063\/"},"modified":"2025-12-29T17:28:11","modified_gmt":"2025-12-29T17:28:11","slug":"la-question-de-la-centrale-nucleaire-de-zaporijia-dans-les-negociations","status":"publish","type":"post","link":"https:\/\/www.europesays.com\/fr\/628063\/","title":{"rendered":"la question de la centrale nucl\u00e9aire de Zaporijia dans les n\u00e9gociations"},"content":{"rendered":"<p>Ukraine\/Russie : la question de la centrale nucl\u00e9aire de Zaporijia dans les n\u00e9gociationsSur le m\u00eame sujet<a href=\"https:\/\/www.bfmtv.com\/international\/asie\/russie\/video-le-kremlin-accuse-kiev-d-avoir-lance-une-attaque-de-drones-contre-la-residence-de-vladimir-poutine-volodymyr-zelensky-dement_VN-202512290462.html\" title=\"Le Kremlin accuse Kiev d&#039;avoir lanc\u00e9 une attaque de drones contre la r\u00e9sidence de Vladimir Poutine, Volodymyr Zelensky d\u00e9ment\" target=\"_blank\" rel=\"noopener\"><img width=\"16\" height=\"9\" class=\"lozad\"  alt=\"Le Kremlin accuse Kiev d'avoir lanc\u00e9 une attaque de drones contre la r\u00e9sidence de Vladimir Poutine, Volodymyr Zelensky d\u00e9ment\"\/>1:29Le Kremlin accuse Kiev d&rsquo;avoir lanc\u00e9 une attaque de drones contre la r\u00e9sidence de Vladimir Poutine, Volodymyr Zelensky d\u00e9ment<\/a><a href=\"https:\/\/www.bfmtv.com\/replay-emissions\/bfm-story\/video-marshall-truchot-russie-une-residence-de-poutine-visee-par-l-ukraine-29-12_VN-202512290439.html\" title=\"Marshall Truchot : Russie, une r\u00e9sidence de Poutine vis\u00e9e par l&#039;Ukraine ? - 29\/12\" target=\"_blank\" rel=\"noopener\"><img width=\"16\" height=\"9\" class=\"lozad\"  alt=\"Marshall Truchot : Russie, une r\u00e9sidence de Poutine vis\u00e9e par l'Ukraine ? - 29\/12\"\/>5:17Marshall Truchot : Russie, une r\u00e9sidence de Poutine vis\u00e9e par l&rsquo;Ukraine ? &#8211; 29\/12<\/a><a href=\"https:\/\/www.bfmtv.com\/international\/asie\/russie\/video-ukraine-russie-la-question-de-la-centrale-nucleaire-de-zaporijia-dans-les-negociations_VN-202512290425.html\" title=\"Ukraine\/Russie : la question de la centrale nucl\u00e9aire de Zaporijia dans les n\u00e9gociations\" target=\"_blank\" rel=\"noopener\"><img width=\"16\" height=\"9\" class=\"lozad\"  alt=\"Ukraine\/Russie : la question de la centrale nucl\u00e9aire de Zaporijia dans les n\u00e9gociations\"\/>en lectureUkraine\/Russie : la question de la centrale nucl\u00e9aire de Zaporijia dans les n\u00e9gociations<\/a><a href=\"https:\/\/www.bfmtv.com\/international\/asie\/russie\/video-ukraine-le-kremlin-accuse-kiev-d-avoir-lance-une-attaque-de-drones-contre-la-residence-de-vladimir-poutine_VN-202512290411.html\" title=\"Ukraine: le Kremlin accuse Kiev d&#039;avoir lanc\u00e9 une attaque de drones contre la r\u00e9sidence de Vladimir Poutine\" target=\"_blank\" rel=\"noopener\"><img width=\"16\" height=\"9\" class=\"lozad\"  alt=\"Ukraine: le Kremlin accuse Kiev d'avoir lanc\u00e9 une attaque de drones contre la r\u00e9sidence de Vladimir Poutine\"\/>1:50Ukraine: le Kremlin accuse Kiev d&rsquo;avoir lanc\u00e9 une attaque de drones contre la r\u00e9sidence de Vladimir Poutine<\/a><a href=\"https:\/\/www.bfmtv.com\/international\/asie\/russie\/video-signe-bfm-le-donbass-une-region-strategique-au-c-ur-des-discussions-pour-l-accord-de-paix-en-ukraine_VN-202512290124.html\" title=\"SIGN\u00c9 BFM - Le Donbass, une r\u00e9gion strat\u00e9gique au c\u0153ur des discussions pour l&#039;accord de paix en Ukraine\" target=\"_blank\" rel=\"noopener\"><img width=\"16\" height=\"9\" class=\"lozad\"  alt=\"SIGN\u00c9 BFM - Le Donbass, une r\u00e9gion strat\u00e9gique au c\u0153ur des discussions pour l'accord de paix en Ukraine\"\/>3:23SIGN\u00c9 BFM &#8211; Le Donbass, une r\u00e9gion strat\u00e9gique au c\u0153ur des discussions pour l&rsquo;accord de paix en Ukraine<\/a><a href=\"https:\/\/www.bfmtv.com\/international\/asie\/russie\/video-plan-de-paix-entre-l-ukraine-et-la-russie-donald-trump-estime-etre-plus-pres-que-jamais-d-un-accord-apres-son-entretien-avec-volodymyr-zelensky_VN-202512290082.html\" title=\"Plan de paix entre l&#039;Ukraine et la Russie: Donald Trump estime \u00eatre plus pr\u00e8s que jamais d&#039;un accord apr\u00e8s son entretien avec Volodymyr Zelensky\" target=\"_blank\" rel=\"noopener\"><img width=\"16\" height=\"9\" class=\"lozad\"  alt=\"Plan de paix entre l'Ukraine et la Russie: Donald Trump estime \u00eatre plus pr\u00e8s que jamais d'un accord apr\u00e8s son entretien avec Volodymyr Zelensky\"\/>1:13Plan de paix entre l&rsquo;Ukraine et la Russie: Donald Trump estime \u00eatre plus pr\u00e8s que jamais d&rsquo;un accord apr\u00e8s son entretien avec Volodymyr Zelensky<\/a><a href=\"https:\/\/www.bfmtv.com\/international\/asie\/russie\/video-plan-de-paix-entre-l-ukraine-et-la-russie-donald-trump-assure-avoir-fait-de-nombreux-progres-lors-de-son-entretien-avec-volodymyr-zelensky_VN-202512290058.html\" title=\"Plan de paix entre l&#039;Ukraine et la Russie: Donald Trump assure avoir fait de &quot;nombreux progr\u00e8s&quot; lors de son entretien avec Volodymyr Zelensky\" target=\"_blank\" rel=\"noopener\"><img width=\"16\" height=\"9\" class=\"lozad\"  alt=\"Plan de paix entre l'Ukraine et la Russie: Donald Trump assure avoir fait de &quot;nombreux progr\u00e8s&quot; lors de son entretien avec Volodymyr Zelensky\"\/>1:03Plan de paix entre l&rsquo;Ukraine et la Russie: Donald Trump assure avoir fait de \u00ab\u00a0nombreux progr\u00e8s\u00a0\u00bb lors de son entretien avec Volodymyr Zelensky<\/a><a href=\"https:\/\/www.bfmtv.com\/international\/asie\/russie\/video-comment-va-se-derouler-la-rencontre-entre-volodymyr-zelensky-et-donald-trump-en-floride_VN-202512280037.html\" title=\"Comment va se d\u00e9rouler la rencontre entre Volodymyr Zelensky et Donald Trump en Floride\" target=\"_blank\" rel=\"noopener\"><img width=\"16\" height=\"9\" class=\"lozad\"  alt=\"Comment va se d\u00e9rouler la rencontre entre Volodymyr Zelensky et Donald Trump en Floride\"\/>0:56Comment va se d\u00e9rouler la rencontre entre Volodymyr Zelensky et Donald Trump en Floride<\/a><a href=\"https:\/\/www.bfmtv.com\/international\/asie\/russie\/video-rencontre-entre-trump-et-zelensky-le-president-ukrainien-lutte-sur-deux-fronts-explique-hugues-pernet-premier-ambassadeur-de-france-en-ukraine_VN-202512270269.html\" title=\"Rencontre entre Trump et Zelensky: &quot;Le pr\u00e9sident ukrainien lutte sur deux fronts&quot;, explique Hugues Pernet, premier ambassadeur de France en Ukraine\" target=\"_blank\" rel=\"noopener\"><img width=\"16\" height=\"9\" class=\"lozad\"  alt=\"Rencontre entre Trump et Zelensky: &quot;Le pr\u00e9sident ukrainien lutte sur deux fronts&quot;, explique Hugues Pernet, premier ambassadeur de France en Ukraine\"\/>1:42Rencontre entre Trump et Zelensky: \u00ab\u00a0Le pr\u00e9sident ukrainien lutte sur deux fronts\u00a0\u00bb, explique Hugues Pernet, premier ambassadeur de France en Ukraine<\/a><a href=\"https:\/\/www.bfmtv.com\/international\/asie\/russie\/video-rencontre-entre-zelensky-et-trump-on-voit-bien-que-le-president-ukrainien-fait-des-efforts-pour-arriver-a-une-paix-durable-declare-marianne-babich-conseillere-en-communication-franco-ukrainienne_VN-202512270262.html\" title=\"Rencontre entre Zelensky et Trump: &quot;On voit bien que le pr\u00e9sident ukrainien fait des efforts pour arriver \u00e0 une paix durable&quot;, d\u00e9clare Marianne Babich, conseill\u00e8re en communication franco-ukrainienne\" target=\"_blank\" rel=\"noopener\"><img width=\"16\" height=\"9\" class=\"lozad\"  alt=\"Rencontre entre Zelensky et Trump: &quot;On voit bien que le pr\u00e9sident ukrainien fait des efforts pour arriver \u00e0 une paix durable&quot;, d\u00e9clare Marianne Babich, conseill\u00e8re en communication franco-ukrainienne\"\/>1:47Rencontre entre Zelensky et Trump: \u00ab\u00a0On voit bien que le pr\u00e9sident ukrainien fait des efforts pour arriver \u00e0 une paix durable\u00a0\u00bb, d\u00e9clare Marianne Babich, conseill\u00e8re en communication franco-ukrainienne<\/a><a href=\"https:\/\/www.bfmtv.com\/international\/asie\/russie\/video-ukraine-l-europe-a-besoin-de-montrer-sa-solidarite-declare-gerard-longuet-ancien-ministre-de-la-defense_VN-202512270251.html\" title=\"Ukraine: &quot;L&#039;Europe a besoin de montrer sa solidarit\u00e9&quot;, d\u00e9clare G\u00e9rard Longuet, ancien ministre de la D\u00e9fense\" target=\"_blank\" rel=\"noopener\"><img width=\"16\" height=\"9\" class=\"lozad\"  alt=\"Ukraine: &quot;L'Europe a besoin de montrer sa solidarit\u00e9&quot;, d\u00e9clare G\u00e9rard Longuet, ancien ministre de la D\u00e9fense\"\/>2:12Ukraine: \u00ab\u00a0L&rsquo;Europe a besoin de montrer sa solidarit\u00e9\u00a0\u00bb, d\u00e9clare G\u00e9rard Longuet, ancien ministre de la D\u00e9fense<\/a><a href=\"https:\/\/www.bfmtv.com\/international\/asie\/russie\/video-rencontre-entre-zelensky-et-trump-ce-dimanche-donald-trump-souhaite-sincerement-et-tres-clairement-la-paix-en-ukraine-declare-gerard-longuet-ancien-ministre-de-la-defense_VN-202512270248.html\" title=\"Rencontre entre Zelensky et Trump ce dimanche: &quot;Donald Trump souhaite sinc\u00e8rement et tr\u00e8s clairement la paix en Ukraine&quot;, d\u00e9clare G\u00e9rard Longuet, ancien ministre de la D\u00e9fense\" target=\"_blank\" rel=\"noopener\"><img width=\"16\" height=\"9\" class=\"lozad\"  alt=\"Rencontre entre Zelensky et Trump ce dimanche: &quot;Donald Trump souhaite sinc\u00e8rement et tr\u00e8s clairement la paix en Ukraine&quot;, d\u00e9clare G\u00e9rard Longuet, ancien ministre de la D\u00e9fense\"\/>1:53Rencontre entre Zelensky et Trump ce dimanche: \u00ab\u00a0Donald Trump souhaite sinc\u00e8rement et tr\u00e8s clairement la paix en Ukraine\u00a0\u00bb, d\u00e9clare G\u00e9rard Longuet, ancien ministre de la D\u00e9fense<\/a><a href=\"https:\/\/www.bfmtv.com\/international\/asie\/russie\/video-ukraine-volodymyr-zelensky-est-au-canada-pour-une-rencontre-avec-le-premier-ministre-mark-carney_VN-202512270240.html\" title=\"Ukraine: Volodymyr Zelensky est au Canada pour une rencontre avec le Premier ministre Mark Carney\" target=\"_blank\" rel=\"noopener\"><img width=\"16\" height=\"9\" class=\"lozad\"  alt=\"Ukraine: Volodymyr Zelensky est au Canada pour une rencontre avec le Premier ministre Mark Carney\"\/>15:22Ukraine: Volodymyr Zelensky est au Canada pour une rencontre avec le Premier ministre Mark Carney<\/a><a href=\"https:\/\/www.bfmtv.com\/international\/asie\/russie\/video-nouvelle-rencontre-entre-volodymyr-zelensky-et-donald-trump-ce-dimanche-a-quoi-faut-il-s-attendre_VN-202512270229.html\" title=\"Nouvelle rencontre entre Volodymyr Zelensky et Donald Trump ce dimanche: \u00e0 quoi faut-il s&#039;attendre ?\" target=\"_blank\" rel=\"noopener\"><img width=\"16\" height=\"9\" class=\"lozad\"  alt=\"Nouvelle rencontre entre Volodymyr Zelensky et Donald Trump ce dimanche: \u00e0 quoi faut-il s'attendre ?\"\/>2:18Nouvelle rencontre entre Volodymyr Zelensky et Donald Trump ce dimanche: \u00e0 quoi faut-il s&rsquo;attendre ?<\/a><a class=\"jumpToVideo\" target=\"_blank\"><img class=\"thumbnailPreview\"\/><\/a><\/p>\n","protected":false},"excerpt":{"rendered":"Ukraine\/Russie : la question de la centrale nucl\u00e9aire de Zaporijia dans les n\u00e9gociationsSur le m\u00eame sujet1:29Le Kremlin accuse&hellip;\n","protected":false},"author":2,"featured_media":628064,"comment_status":"","ping_status":"","sticky":false,"template":"","format":"standard","meta":{"footnotes":""},"categories":[1591],"tags":[11,1887,12,1885,1886,132],"class_list":{"0":"post-628063","1":"post","2":"type-post","3":"status-publish","4":"format-standard","5":"has-post-thumbnail","7":"category-russie","8":"tag-actualites","9":"tag-federation-de-russie","10":"tag-news","11":"tag-russia","12":"tag-russian-federation","13":"tag-russie"},"share_on_mastodon":{"url":"https:\/\/pubeurope.com\/@fr\/115804038990982814","error":""},"_links":{"self":[{"href":"https:\/\/www.europesays.com\/fr\/wp-json\/wp\/v2\/posts\/628063","targetHints":{"allow":["GET"]}}],"collection":[{"href":"https:\/\/www.europesays.com\/fr\/wp-json\/wp\/v2\/posts"}],"about":[{"href":"https:\/\/www.europesays.com\/fr\/wp-json\/wp\/v2\/types\/post"}],"author":[{"embeddable":true,"href":"https:\/\/www.europesays.com\/fr\/wp-json\/wp\/v2\/users\/2"}],"replies":[{"embeddable":true,"href":"https:\/\/www.europesays.com\/fr\/wp-json\/wp\/v2\/comments?post=628063"}],"version-history":[{"count":0,"href":"https:\/\/www.europesays.com\/fr\/wp-json\/wp\/v2\/posts\/628063\/revisions"}],"wp:featuredmedia":[{"embeddable":true,"href":"https:\/\/www.europesays.com\/fr\/wp-json\/wp\/v2\/media\/628064"}],"wp:attachment":[{"href":"https:\/\/www.europesays.com\/fr\/wp-json\/wp\/v2\/media?parent=628063"}],"wp:term":[{"taxonomy":"category","embeddable":true,"href":"https:\/\/www.europesays.com\/fr\/wp-json\/wp\/v2\/categories?post=628063"},{"taxonomy":"post_tag","embeddable":true,"href":"https:\/\/www.europesays.com\/fr\/wp-json\/wp\/v2\/tags?post=628063"}],"curies":[{"name":"wp","href":"https:\/\/api.w.org\/{rel}","templated":true}]}}