{"id":628067,"date":"2025-12-29T17:30:10","date_gmt":"2025-12-29T17:30:10","guid":{"rendered":"https:\/\/www.europesays.com\/fr\/628067\/"},"modified":"2025-12-29T17:30:10","modified_gmt":"2025-12-29T17:30:10","slug":"usa-la-faiblesse-des-democrates-fait-la-force-des-republicains","status":"publish","type":"post","link":"https:\/\/www.europesays.com\/fr\/628067\/","title":{"rendered":"USA\u2026 la faiblesse des D\u00e9mocrates fait la force des R\u00e9publicains\u2026"},"content":{"rendered":"<p><img decoding=\"async\" alt=\"\" src=\"https:\/\/www.europesays.com\/fr\/wp-content\/uploads\/2025\/12\/Democrat-Republican.jpg\" title=\"\"\/><\/p>\n<p>Les D\u00e9mocrates sont \u00e0 la peine. Ils ont fait les mauvais choix surfant sur leurs acquis qui se sont r\u00e9v\u00e9l\u00e9s fragiles, notamment l\u2019lectorat afro-am\u00e9ricain et latino. Leur dernier pr\u00e9sident, Biden, a plomb\u00e9 les derni\u00e8res \u00e9lections en s\u2019accrochant \u00e0 sa candidature alors que, d\u2019\u00e9vidence, sa sant\u00e9 d\u00e9clinait. Prenant le relais, Kamala Harris a fait l\u2019effet d\u2019un p\u00e9tard mouill\u00e9. Elle est partie trop tard, le train \u00e9tait d\u00e9j\u00e0 en marche. Aujourd\u2019hui, l\u2019arrogance, les erreurs et le bilan de Trump leur donnent une nouvelle chance. Encore faut-il qu\u2019ils la saisissent et trouvent le bon candidat.<\/p>\n<p>Il semble pourtant qu\u2019une voie royale s\u2019offrent \u00e0 eux. Le renouvellement de d\u00e9put\u00e9s, de s\u00e9nateurs, les \u00e9lections \u00e0 mi-mandat de l\u2019ann\u00e9e prochaine, sont une belle opportunit\u00e9 pour freiner les ardeurs malsaines de Trump. Les premiers signes avant-coureurs leur donnent des raisons d\u2019esp\u00e9rer. Ici et l\u00e0, les candidats d\u00e9mocrates marquent des points et remportent des si\u00e8ges. En novembre d\u00e9j\u00e0, deux femmes gouverneurs se sont fait \u00e9lire \u00e0 la barbe des R\u00e9publicains. A New-York, le maire est maintenant non seulement d\u00e9mocrate mais musulman. Une gifle pour Trump et surtout pour son vice-pr\u00e9sident J.D. Vance, r\u00e9solument anti-islam. Quant au taux de d\u00e9sapprobation envers le gouvernement, il est pass\u00e9 de 53% \u00e0 la mi-f\u00e9vrier \u00e0 63% en novembre.<\/p>\n<p>Le bateau r\u00e9publicaine tangue. Pour la premi\u00e8re fois depuis longtemps, certains s\u2019\u00e9loignent, anticipant un naufrage. Beaucoup d\u2019\u00e9lus d\u00e9clarent ne pas vouloir se repr\u00e9senter. La \u00ab\u00a0plus extr\u00e9miste-tu-meurs\u00a0\u00bb de la galaxie Maga, Marjorie Taylor-Greene, d\u00e9barque de la gal\u00e8re, ne craignant pas de s\u2019opposer \u00e0 son mentor \u00e0 propos du dossier Epstein.\u00a0<\/p>\n<p>On a eu parfois du mal \u00e0 trouver des diff\u00e9rences radicales entre r\u00e9publicains et d\u00e9mocrates. Issus des m\u00eames classes sociales, ils fr\u00e9quentaient les m\u00eames universit\u00e9s. Mais un foss\u00e9 s\u2019est creus\u00e9. Trump en est le principal responsable, mais les \u00e9lites d\u00e9mocrates, sans leader affich\u00e9, ont laiss\u00e9 la place libre \u00e0 leurs repr\u00e9sentants les plus \u00e0 gauche de leur \u00e9chiquier\u00a0: <a href=\"https:\/\/pariscotedazur.fr\/archives\/article\/8308\" target=\"\" title=\"\" rel=\"noopener\">Alexandria Ocasio-Cortez <\/a>(AOC) et Bernie Sander. Mais l\u2019une est trop atypique et l\u2019autre trop \u00e2g\u00e9.\u00a0<\/p>\n<p>Reste que le choix d\u2019un candidat sera d\u00e9terminant pour les D\u00e9mocrates qui sont \u00e0 la crois\u00e9e de chemins. Il n\u2019est pas impossible que Kamala en ait le d\u00e9sir mais apparemment, apr\u00e8s deux \u00e9chec, les Am\u00e9ricains ne semblent pas pr\u00eats \u00e0 \u00e9lire une femme. De son c\u00f4t\u00e9, Gavin Newsom, le un peu trop \u00ab\u00a0beautiful people\u00a0\u00bb gouverneur de Californie, laisse entrevoir des ambitions. Quant au s\u00e9nateur Mark Kelly (marine, pilote, astronaute), on le voit comme invit\u00e9 de marque des cha\u00eenes de t\u00e9l\u00e9visons et des talk-show. M\u00eame, s\u2019il ne fait pas partie du s\u00e9rail, il pourrait bien cr\u00e9er la surprise. <br \/>Suite dans pas longtemps\u00a0!\u00a0<\/p>\n","protected":false},"excerpt":{"rendered":"Les D\u00e9mocrates sont \u00e0 la peine. Ils ont fait les mauvais choix surfant sur leurs acquis qui se&hellip;\n","protected":false},"author":2,"featured_media":628068,"comment_status":"","ping_status":"","sticky":false,"template":"","format":"standard","meta":{"footnotes":""},"categories":[1589],"tags":[47,11,73,1866,1110,1031,12,1864,1865,1863,308],"class_list":{"0":"post-628067","1":"post","2":"type-post","3":"status-publish","4":"format-standard","5":"has-post-thumbnail","7":"category-etats-unis","8":"tag-actualite","9":"tag-actualites","10":"tag-etats-unis","11":"tag-etats-unis-damerique","12":"tag-informations","13":"tag-magazine","14":"tag-news","15":"tag-united-states","16":"tag-united-states-of-america","17":"tag-us","18":"tag-usa"},"share_on_mastodon":{"url":"https:\/\/pubeurope.com\/@fr\/115804047025515932","error":""},"_links":{"self":[{"href":"https:\/\/www.europesays.com\/fr\/wp-json\/wp\/v2\/posts\/628067","targetHints":{"allow":["GET"]}}],"collection":[{"href":"https:\/\/www.europesays.com\/fr\/wp-json\/wp\/v2\/posts"}],"about":[{"href":"https:\/\/www.europesays.com\/fr\/wp-json\/wp\/v2\/types\/post"}],"author":[{"embeddable":true,"href":"https:\/\/www.europesays.com\/fr\/wp-json\/wp\/v2\/users\/2"}],"replies":[{"embeddable":true,"href":"https:\/\/www.europesays.com\/fr\/wp-json\/wp\/v2\/comments?post=628067"}],"version-history":[{"count":0,"href":"https:\/\/www.europesays.com\/fr\/wp-json\/wp\/v2\/posts\/628067\/revisions"}],"wp:featuredmedia":[{"embeddable":true,"href":"https:\/\/www.europesays.com\/fr\/wp-json\/wp\/v2\/media\/628068"}],"wp:attachment":[{"href":"https:\/\/www.europesays.com\/fr\/wp-json\/wp\/v2\/media?parent=628067"}],"wp:term":[{"taxonomy":"category","embeddable":true,"href":"https:\/\/www.europesays.com\/fr\/wp-json\/wp\/v2\/categories?post=628067"},{"taxonomy":"post_tag","embeddable":true,"href":"https:\/\/www.europesays.com\/fr\/wp-json\/wp\/v2\/tags?post=628067"}],"curies":[{"name":"wp","href":"https:\/\/api.w.org\/{rel}","templated":true}]}}