{"id":628069,"date":"2025-12-29T17:31:14","date_gmt":"2025-12-29T17:31:14","guid":{"rendered":"https:\/\/www.europesays.com\/fr\/628069\/"},"modified":"2025-12-29T17:31:14","modified_gmt":"2025-12-29T17:31:14","slug":"les-premieres-dates-de-lagenda-2026-de-william-et-kate","status":"publish","type":"post","link":"https:\/\/www.europesays.com\/fr\/628069\/","title":{"rendered":"Les premi\u00e8res dates de l\u2019agenda 2026 de William et Kate"},"content":{"rendered":"<p>Il est primordial pour le prince et la princesse de Galles de mettre en lumi\u00e8re les h\u00e9ros m\u00e9connus du Royaume-Uni. En 2026, l\u2019accent sera mis sur la pr\u00e9sentation des atouts de la Grande-Bretagne \u00ab\u00a0. Ainsi s\u2019exprime une source proche du palais aupr\u00e8s du Daily Telegraph concernant le futur calendrier du <a target=\"_blank\" href=\"https:\/\/www.pointdevue.fr\/grand-angle\/biographies\/prince-william\" rel=\"noopener\">prince William<\/a> et de la <a target=\"_blank\" href=\"https:\/\/www.pointdevue.fr\/grand-angle\/biographies\/kate-middleton\" rel=\"noopener\">princesse de Galles<\/a>.<\/p>\n<p><img decoding=\"async\" src=\"https:\/\/www.europesays.com\/fr\/wp-content\/uploads\/2025\/12\/ABACA_970071_045j0jF6hU3Zu.jpg\" alt=\"atWilliam et Catherine confectionnent un gateau de pommes lors de leur visite en Irlande du Nord.\"\/><strong>uWilliam et Catherine confectionnent un gateau de pommes lors de leur visite en Irlande du Nord.<\/strong> \u00a9 Jackson Chris\/PA Wire\/ABACA<\/p>\n<p>Apr\u00e8s une ann\u00e9e 2024 \u2014 \u00a0\u00bb la plus dure de ma vie \u00ab\u00a0, selon le prince William \u2014 durant laquelle la princesse de Galles a annonc\u00e9 \u00eatre atteinte d\u2019un cancer, 2025 fut celle de la r\u00e9mission et d\u2019une reprise \u00e0 petits pas des obligations monarchiques du couple. Leurs d\u00e9placements officiels, notamment ceux de Kate, se sont le plus souvent d\u00e9roul\u00e9s au sein du royaume. Si le prince William s\u2019est rendu au Br\u00e9sil \u00e0 l\u2019occasion de la COP30 et de la remise des Earthshot Prize, Catherine a effectu\u00e9 des escapades dans le Kent, le Suffolk, le Lincolnshire ou encore en Irlande du Nord. Alors qu\u2019elle commen\u00e7ait \u00e0 se remettre de sa maladie, la princesse de Galles a \u00e9vit\u00e9 les destinations lointaines.<\/p>\n<p><img decoding=\"async\" src=\"https:\/\/www.europesays.com\/fr\/wp-content\/uploads\/2025\/12\/ABACA_965490_021Sc3XfPbSob.jpg\" alt=\"La princesse de Galles lors du d\u00eener organis\u00e9 au chateau de Windsor pour la visite de Donald Trump.\"\/><strong>La princesse de Galles lors du d\u00eener organis\u00e9 au chateau de Windsor pour la visite de Donald Trump.<\/strong> \u00a9 Chown Aaron\/PA Photos\/ABACA<\/p>\n<p>Une tendance qui devrait s\u2019accentuer l\u2019ann\u00e9e prochaine, avec le d\u00e9sir affich\u00e9 du couple de rendre hommage aux Britanniques. Lors de son voyage sur l\u2019\u00eele de Mull en avril, l\u2019h\u00e9ritier du tr\u00f4ne avait d\u00e9clar\u00e9 vouloir \u00a0\u00bb mettre en lumi\u00e8re les b\u00e9n\u00e9voles et les responsables communautaires \u00ab\u00a0. Cela n\u2019emp\u00eachera pas forc\u00e9ment le couple de traverser les oc\u00e9ans pour r\u00e9pondre \u00e0 l\u2019invitation officielle du Premier ministre australien, Anthony Albanese, et peut-\u00eatre d\u2019assister \u00e0 quelques matchs de la Coupe du monde de football organis\u00e9e entre les \u00c9tats-Unis, le Canada et le Mexique entre le mois de juin et le mois de juillet.<\/p>\n<p><img decoding=\"async\" src=\"https:\/\/www.europesays.com\/fr\/wp-content\/uploads\/2025\/12\/ABACA_958533_001srkMoRkDXv.jpg\" alt=\"Le prince William et sa fille la princesse Charlotte lors de la finale de l'UEFA de football f\u00e9minin \u00e0 B\u00e2le en Suisse.\"\/><strong>Le prince William et sa fille la princesse Charlotte lors de la finale de l&rsquo;UEFA de football f\u00e9minin \u00e0 B\u00e2le en Suisse.<\/strong> \u00a9 IPA Sport\/ABACA<\/p>\n<p>Si un programme de visites r\u00e9gionales semble clairement envisag\u00e9, en revanche, les d\u00e9placements \u00e0 l\u2019\u00e9tranger ne sont pas encore d\u00e9cid\u00e9s. Une chose para\u00eet certaine : le mois de septembre sera consacr\u00e9 \u00e0 la rentr\u00e9e scolaire du prince George, qui entrera au coll\u00e8ge.<\/p>\n<p>Lire aussi &gt;&gt;<a target=\"_blank\" href=\"https:\/\/www.pointdevue.fr\/royal\/royaume-uni\/charles-iii-en-operation-seduction-aux-etats-unis\" rel=\"noopener\">Charles III en op\u00e9ration s\u00e9duction aux \u00c9tats-Unis ?<\/a><\/p>\n","protected":false},"excerpt":{"rendered":"Il est primordial pour le prince et la princesse de Galles de mettre en lumi\u00e8re les h\u00e9ros m\u00e9connus&hellip;\n","protected":false},"author":2,"featured_media":628070,"comment_status":"","ping_status":"","sticky":false,"template":"","format":"standard","meta":{"footnotes":""},"categories":[1588],"tags":[11,1777,674,12,473,1853,1851,1850,1852],"class_list":{"0":"post-628069","1":"post","2":"type-post","3":"status-publish","4":"format-standard","5":"has-post-thumbnail","7":"category-royaume-uni","8":"tag-actualites","9":"tag-eu","10":"tag-europe","11":"tag-news","12":"tag-royaume-uni","13":"tag-royaume-uni-de-grande-bretagne-et-dirlande-du-nord","14":"tag-uk","15":"tag-united-kingdom","16":"tag-united-kingdom-of-great-britain-and-northern-ireland"},"share_on_mastodon":{"url":"https:\/\/pubeurope.com\/@fr\/115804050947744956","error":""},"_links":{"self":[{"href":"https:\/\/www.europesays.com\/fr\/wp-json\/wp\/v2\/posts\/628069","targetHints":{"allow":["GET"]}}],"collection":[{"href":"https:\/\/www.europesays.com\/fr\/wp-json\/wp\/v2\/posts"}],"about":[{"href":"https:\/\/www.europesays.com\/fr\/wp-json\/wp\/v2\/types\/post"}],"author":[{"embeddable":true,"href":"https:\/\/www.europesays.com\/fr\/wp-json\/wp\/v2\/users\/2"}],"replies":[{"embeddable":true,"href":"https:\/\/www.europesays.com\/fr\/wp-json\/wp\/v2\/comments?post=628069"}],"version-history":[{"count":0,"href":"https:\/\/www.europesays.com\/fr\/wp-json\/wp\/v2\/posts\/628069\/revisions"}],"wp:featuredmedia":[{"embeddable":true,"href":"https:\/\/www.europesays.com\/fr\/wp-json\/wp\/v2\/media\/628070"}],"wp:attachment":[{"href":"https:\/\/www.europesays.com\/fr\/wp-json\/wp\/v2\/media?parent=628069"}],"wp:term":[{"taxonomy":"category","embeddable":true,"href":"https:\/\/www.europesays.com\/fr\/wp-json\/wp\/v2\/categories?post=628069"},{"taxonomy":"post_tag","embeddable":true,"href":"https:\/\/www.europesays.com\/fr\/wp-json\/wp\/v2\/tags?post=628069"}],"curies":[{"name":"wp","href":"https:\/\/api.w.org\/{rel}","templated":true}]}}