{"id":62807,"date":"2025-04-29T21:50:12","date_gmt":"2025-04-29T21:50:12","guid":{"rendered":"https:\/\/www.europesays.com\/fr\/62807\/"},"modified":"2025-04-29T21:50:12","modified_gmt":"2025-04-29T21:50:12","slug":"il-ny-aura-pas-de-jolis-paves-a-la-place-du-bitume-place-du-chatelet","status":"publish","type":"post","link":"https:\/\/www.europesays.com\/fr\/62807\/","title":{"rendered":"il n&rsquo;y aura pas de \u00ab\u00a0jolis pav\u00e9s\u00a0\u00bb \u00e0 la place du bitume place du Ch\u00e2telet"},"content":{"rendered":"<p>            Par<br \/>\n        <strong><br \/>\n            <a href=\"https:\/\/actu.fr\/auteur\/augustin-delaporte\" title=\"Consulter tous les articles de Augustin Delaporte\" target=\"_blank\" rel=\"noopener\">Augustin Delaporte<\/a><br \/>\n        <\/strong><\/p>\n<p>        Publi\u00e9 le<\/p>\n<p>            29 avr. 2025 \u00e0 18h16        <\/p>\n<p>Il n\u2019y aura pas de pav\u00e9s <strong>place du Ch\u00e2telet \u00e0 Paris<\/strong>. <a href=\"https:\/\/actu.fr\/ile-de-france\/paris_75056\/place-du-chatelet-a-paris-ce-que-prepare-anne-hidalgo_59716538.html\" target=\"_blank\" rel=\"noopener\">\u00c9voqu\u00e9 en amont des travaux<\/a> par la Ville, le pavement a finalement \u00e9t\u00e9 \u00e9cart\u00e9 lors de leur r\u00e9alisation, au profit d\u2019autres r\u00e9novations. Un revirement de situation, qui n\u2019a pas fait l\u2019objet d\u2019une communication officielle et vu d\u2019un mauvais \u0153il par les protecteurs du patrimoine de la capitale.<\/p>\n<p>\u00ab\u00a0Finalement, elle vient de tout tartiner de bitume\u00a0\u00bb<\/p>\n<p class=\" wall-content\">Autour de <a href=\"https:\/\/actu.fr\/ile-de-france\/paris_75056\/restauree-pour-les-jo-la-fontaine-des-innocents-joyau-de-paris-va-reprendre-vie-a-chatelet_60748717.html\" target=\"_blank\" rel=\"noopener\">la fontaine des Innocents restaur\u00e9e<\/a>, le sol a \u00e9t\u00e9 assez largement <strong>bitum\u00e9<\/strong>. De quoi s\u2019attirer les foudres de ceux qui suivent minutieusement les diff\u00e9rents projets patrimoniaux men\u00e9s par la Ville.\u00a0<\/p>\n<p class=\" wall-content\"><a href=\"https:\/\/www.instagram.com\/p\/C8ujukcsj4E\/embed\" title=\"Ouvrir le lien sur Instagram\" target=\"_blank\" rel=\"noopener\">Visualiser le contenu sur Instagram<\/a><\/p>\n<p class=\" wall-content\"><a href=\"https:\/\/actu.fr\/ile-de-france\/paris_75056\/deterioree-par-le-passage-des-livreurs-une-mosaique-historique-a-l-entree-d-un-franprix-de-paris-en-peril_62465620.html\" target=\"_blank\" rel=\"noopener\">Lanceur d\u2019alerte du patrimoine sur X<\/a>, Baptiste Gianeselli, est sarcastique. \u00ab\u00a0Il n\u2019y aura pas de pav\u00e9s (comme c\u2019\u00e9tait pourtant annonc\u00e9), mais, r\u00e9jouissons nous : il y avait assez d\u2019argent pour des bacs plant\u00e9s\u00a0\u00bb, \u00e9crit-il sur le r\u00e9seau social.\u00a0<\/p>\n<p class=\" wall-content\">M\u00eame son de cloche sur le compte X de JCQDSE, l\u2019un des fondateurs du site \u00ab\u00a0saccage paris\u00a0\u00bb : \u00ab\u00a0La mairie avait promis, \u00e0 maintes reprises, de jolis pav\u00e9s. Finalement, elle vient de tout tartiner de bitume\u00a0\u00bb, poste-t-il, photos \u00e0 l\u2019appui.\u00a0<\/p>\n<p class=\" wall-content\">\n<p class=\" wall-content\">Contact\u00e9e par actu Paris, la municipalit\u00e9 confesse avoir chang\u00e9 son fusil d\u2019\u00e9paule. \u00ab\u00a0Bien qu\u2019<strong>effectivement envisag\u00e9<\/strong> lors de la r\u00e9novation de la place, le pavement de celle-ci n\u2019aura pas lieu compte tenu des travaux d\u00e9j\u00e0 r\u00e9alis\u00e9 place du Ch\u00e2telet avec la r\u00e9novation du <a href=\"https:\/\/actu.fr\/ile-de-france\/paris_75056\/spectacles-trop-couteux-direction-un-rapport-etrille-la-gestion-du-theatre-du-chatelet-a-paris_60169285.html\" target=\"_blank\" rel=\"noopener\">th\u00e9\u00e2tre du Chatelet<\/a>, celle du th\u00e9\u00e2tre de la Ville et celle, tout derni\u00e8rement, de la Chambre des Notaires.\u00a0\u00bb<\/p>\n<p class=\" wall-content\">Et de poursuivre : \u00ab\u00a0Les modifications ont \u00e9t\u00e9 privil\u00e9gi\u00e9es, avec la <strong>fermeture \u00e0 la circulation g\u00e9n\u00e9rale<\/strong> \u2013 sauf bus et taxi \u2013 <strong>du barreau ouest de la place<\/strong> et l\u2019am\u00e9nagement de la place, accompagn\u00e9 de l\u2019\u00e9largissement du trottoir c\u00f4t\u00e9 Chambre des notaires et de la r\u00e9fections des pieds d\u2019arbres, de l\u2019\u00e9clairage et des rev\u00eatement de surface \u00e0 l\u2019identique.\u00a0\u00bb<\/p>\n<p class=\" wall-content\">Avant de conclure, en rappelant : \u00ab\u00a0Jusqu\u2019ici, les trottoirs et le terre-plein central de place du Ch\u00e2telet n\u2019\u00e9taient pas pav\u00e9s depuis son am\u00e9nagement.\u00a0\u00bb<\/p>\n<p class=\" wall-content\">\u00c0 Paris, environ <strong>15 % des rev\u00eatements de chauss\u00e9es sont en pav\u00e9s<\/strong>, une \u00ab\u00a0proportion stable depuis quelques ann\u00e9es\u00a0\u00bb, selon la municipalit\u00e9.<\/p>\n<p class=\" wall-content\">Suivez toute l\u2019actualit\u00e9 de vos villes et m\u00e9dias favoris en vous inscrivant \u00e0 <a href=\"https:\/\/moncompte.actu.fr\" title=\"D\u00e9couvez Mon Actu\" rel=\"nofollow noopener\" data-trk=\"{&quot;cta&quot;:{&quot;action&quot;:&quot;https:\\\/\\\/moncompte.actu.fr&quot;,&quot;category&quot;:&quot;mon compte&quot;,&quot;from&quot;:&quot;article footer&quot;,&quot;name&quot;:&quot;Mon actu&quot;,&quot;type&quot;:&quot;cta&quot;}}\" target=\"_blank\">Mon Actu<\/a>.<\/p>\n<p>                    <script async src=\"\/\/www.instagram.com\/embed.js\"><\/script><\/p>\n","protected":false},"excerpt":{"rendered":"Par Augustin Delaporte Publi\u00e9 le 29 avr. 2025 \u00e0 18h16 Il n\u2019y aura pas de pav\u00e9s place du&hellip;\n","protected":false},"author":2,"featured_media":62808,"comment_status":"","ping_status":"","sticky":false,"template":"","format":"standard","meta":{"footnotes":""},"categories":[1888],"tags":[1111,1928,11,1927,16079,1777,674,1011,27,1652,12,1926,626,1925,2551,25],"class_list":{"0":"post-62807","1":"post","2":"type-post","3":"status-publish","4":"format-standard","5":"has-post-thumbnail","7":"category-paris","8":"tag-actu","9":"tag-actu-paris","10":"tag-actualites","11":"tag-actualites-paris","12":"tag-chatelet","13":"tag-eu","14":"tag-europe","15":"tag-fr","16":"tag-france","17":"tag-loisirs-culture","18":"tag-news","19":"tag-news-paris","20":"tag-paris","21":"tag-paris-news","22":"tag-patrimoine","23":"tag-republique-francaise"},"share_on_mastodon":{"url":"https:\/\/pubeurope.com\/@fr\/114423465530070182","error":""},"_links":{"self":[{"href":"https:\/\/www.europesays.com\/fr\/wp-json\/wp\/v2\/posts\/62807","targetHints":{"allow":["GET"]}}],"collection":[{"href":"https:\/\/www.europesays.com\/fr\/wp-json\/wp\/v2\/posts"}],"about":[{"href":"https:\/\/www.europesays.com\/fr\/wp-json\/wp\/v2\/types\/post"}],"author":[{"embeddable":true,"href":"https:\/\/www.europesays.com\/fr\/wp-json\/wp\/v2\/users\/2"}],"replies":[{"embeddable":true,"href":"https:\/\/www.europesays.com\/fr\/wp-json\/wp\/v2\/comments?post=62807"}],"version-history":[{"count":0,"href":"https:\/\/www.europesays.com\/fr\/wp-json\/wp\/v2\/posts\/62807\/revisions"}],"wp:featuredmedia":[{"embeddable":true,"href":"https:\/\/www.europesays.com\/fr\/wp-json\/wp\/v2\/media\/62808"}],"wp:attachment":[{"href":"https:\/\/www.europesays.com\/fr\/wp-json\/wp\/v2\/media?parent=62807"}],"wp:term":[{"taxonomy":"category","embeddable":true,"href":"https:\/\/www.europesays.com\/fr\/wp-json\/wp\/v2\/categories?post=62807"},{"taxonomy":"post_tag","embeddable":true,"href":"https:\/\/www.europesays.com\/fr\/wp-json\/wp\/v2\/tags?post=62807"}],"curies":[{"name":"wp","href":"https:\/\/api.w.org\/{rel}","templated":true}]}}