{"id":628075,"date":"2025-12-29T17:34:14","date_gmt":"2025-12-29T17:34:14","guid":{"rendered":"https:\/\/www.europesays.com\/fr\/628075\/"},"modified":"2025-12-29T17:34:14","modified_gmt":"2025-12-29T17:34:14","slug":"breves-deurope-eurolibertes","status":"publish","type":"post","link":"https:\/\/www.europesays.com\/fr\/628075\/","title":{"rendered":"Br\u00e8ves d\u2019Europe &#8211; Eurolibert\u00e9s"},"content":{"rendered":"<p><strong>Union europ\u00e9enne<\/strong>. Partout en Europe, les peuples expriment une lassitude, parfois une col\u00e8re, face \u00e0 une immigration devenue structurelle, massive et d\u00e9s\u00e9quilibr\u00e9e.<\/p>\n<p>Les pr\u00e9occupations sont connues : pression sur les services publics, transformations rapides des paysages humains, tensions culturelles, ins\u00e9curit\u00e9, sentiment de d\u00e9possession. Rien de marginal. Rien de fantasmatique. Et pourtant, \u00e0 Bruxelles, la r\u00e9ponse reste la m\u00eame :\u00a0plus d\u2019immigration, mais mieux organis\u00e9e.<\/p>\n<p>Pour justifier cette fuite en avant, les institutions europ\u00e9ennes d\u00e9placent syst\u00e9matiquement le d\u00e9bat sur un terrain moral. Il ne s\u2019agirait pas de fronti\u00e8res, de peuples ou de coh\u00e9sion sociale, mais de\u00a0lutte contre les passeurs, de\u00a0protection des migrants contre l\u2019exploitation, de\u00a0pr\u00e9vention des drames humains.<\/p>\n<p>L\u2019UE met fin \u00e0 l\u2019objectif du 100% \u00e9lectrique en 2035. Le nouveau dispositif laisse la place notamment aux hybrides rechargeables. Sauf que l\u2019\u00e9lectrique n\u2019est pas totalement abandonn\u00e9.<\/p>\n<p><strong>Autriche<\/strong>. Une loi interdit d\u00e9sormais le port du voile islamique \u00e0 l\u2019\u00e9cole pour les filles \u00e2g\u00e9es de moins de 14 ans. La mesure concerne les \u00e9tablissements publics et priv\u00e9s et vise les couvre-chefs qualifi\u00e9s de \u00ab\u00a0traditionnels musulmans \u00bb, tels que le hijab ou la burqa.<\/p>\n<p><strong>Espagne<\/strong>. Paradoxe\u00a0: le pays gagne des habitants mais perd des Espagnols de souche. En cause\u00a0: l\u2019immigration. Les immigr\u00e9s sont d\u00e9sormais 9,8 millions soit un habitant sur cinq.<\/p>\n<p><strong>Hongrie<\/strong>. Le gouvernement hongrois a annonc\u00e9 le d\u00e9p\u00f4t d\u2019un recours en responsabilit\u00e9 contre la Cour de justice de l\u2019Union europ\u00e9enne (CJUE), apr\u00e8s l\u2019imposition de lourdes sanctions financi\u00e8res li\u00e9es \u00e0 la politique migratoire du pays.<\/p>\n<p>Un niveau de sanction que Budapest consid\u00e8re comme totalement disproportionn\u00e9. 200 M\u20ac et une astreinte quotidienne de 1M\u20ac, le tout pr\u00e9lev\u00e9 sur ses fonds europ\u00e9ens.<\/p>\n<p><strong>Russie<\/strong>. Les autorit\u00e9s accroissent leur contr\u00f4le sur ses r\u00e9seaux sociaux et sur internet. Apr\u00e8s avoir bloqu\u00e9 les applications occidentales comme Signal ou Discord, elles rendent plus contraignant l\u2019acc\u00e8s \u00e0 des plateformes comme YouTube ou X.<\/p>\n<p>D\u2019apr\u00e8s le Centre for Research and Energy Clean Air, 113 navires russes \u00ab\u00a0fant\u00f4mes\u00a0\u00bb ont op\u00e9r\u00e9 sous un faux pavillon, transportant 13% du p\u00e9trole russe lors en 2025.<\/p>\n<p style=\"text-align: center;\" align=\"center\"><strong>EuroLibert\u00e9s\u00a0: toujours mieux vous r\u00e9-informer\u00a0\u2026 GR\u00c2CE \u00c0 VOUS\u00a0!<\/strong><\/p>\n<p style=\"text-align: center;\" align=\"center\"><strong>Ne financez pas le syst\u00e8me\u00a0! Financez\u00a0<\/strong><b>EuroLibert\u00e9s\u00a0<\/b><strong>!<\/strong><\/p>\n<p><b>EuroLibert\u00e9s<\/b><strong>\u00a0r\u00e9-informe parce qu\u2019EuroLibert\u00e9s est un m\u00e9dia qui ne d\u00e9pend ni du Syst\u00e8me, ni des banques, ni des lobbies et qui est d\u00e9gag\u00e9 de tout politiquement correct.<\/strong><\/p>\n<p><strong>Fort d\u2019une audience grandissante avec 60\u00a0000 visiteurs uniques par mois,\u00a0<\/strong><b>EuroLibert\u00e9s<\/b><strong>\u00a0est un acteur incontournable de dissection des politiques europ\u00e9ennes men\u00e9es dans les \u00c9tats europ\u00e9ens membres ou non de l\u2019Union europ\u00e9enne.<\/strong><\/p>\n<p><strong>Ne b\u00e9n\u00e9ficiant d\u2019aucune subvention, \u00e0 la diff\u00e9rence des m\u00e9dias du syst\u00e8me, et int\u00e9gralement anim\u00e9 par des b\u00e9n\u00e9voles,\u00a0<\/strong><b>EuroLibert\u00e9s<\/b><strong>\u00a0a n\u00e9anmoins un co\u00fbt qui englobe les frais de cr\u00e9ation et d\u2019administration du site, les mailings de promotion et enfin les d\u00e9placements indispensables pour la r\u00e9alisation d\u2019interviews.<\/strong><\/p>\n<p><strong>EuroLibert\u00e9s est un organe de presse d\u2019int\u00e9r\u00eat g\u00e9n\u00e9ral. Chaque don ouvre droit \u00e0\u00a0une d\u00e9duction fiscale \u00e0 hauteur de 66 %. \u00c0 titre d\u2019exemple, un don de 100 euros\u00a0offre une d\u00e9duction fiscale de 66 euros. Ainsi, votre don ne vous co\u00fbte en r\u00e9alit\u00e9 que\u00a034 euros.<\/strong><\/p>\n<p style=\"text-align: right;\" align=\"right\"><strong>Philippe Randa,<\/strong><b><br \/><strong>Directeur d\u2019EuroLibert\u00e9s.<\/strong><\/b><\/p>\n<p style=\"text-align: center;\" align=\"center\"><strong>Quatre solutions pour nous soutenir\u00a0:<\/strong><\/p>\n<p><strong>1\u00a0: Faire un don par paypal (paiement s\u00e9curis\u00e9 SSL)<\/strong><\/p>\n<p><strong>Sur le site EuroLibert\u00e9s (www.eurolibertes.com), en\u00a0cliquant, vous serez alors redirig\u00e9 vers le site de paiement en ligne PayPal. Transaction 100\u00a0% s\u00e9curis\u00e9e.\u2028\u00a0<\/strong><\/p>\n<p><strong>2\u00a0: Faire un don par ch\u00e8que bancaire \u00e0 l\u2019ordre d\u2019EuroLibert\u00e9s<\/strong><\/p>\n<p><strong>\u00e0 retourner \u00e0\u00a0: EuroLibert\u00e9s<\/strong><b><br \/><strong>BP 400 35 \u2013 94271 Le Kremlin-Bic\u00eatre cedex \u2013 France<\/strong><\/b><\/p>\n","protected":false},"excerpt":{"rendered":"Union europ\u00e9enne. Partout en Europe, les peuples expriment une lassitude, parfois une col\u00e8re, face \u00e0 une immigration devenue&hellip;\n","protected":false},"author":2,"featured_media":628076,"comment_status":"","ping_status":"","sticky":false,"template":"","format":"standard","meta":{"footnotes":""},"categories":[1586],"tags":[11,13989,22519,73750,58207,11054,123,1777,674,1779,1011,27,804,1061,12,73751,25,132,1778,364,3223,6062,2784],"class_list":{"0":"post-628075","1":"post","2":"type-post","3":"status-publish","4":"format-standard","5":"has-post-thumbnail","7":"category-europe","8":"tag-actualites","9":"tag-autriche","10":"tag-budapest","11":"tag-centre-for-research-and-energy-clean-air","12":"tag-cjue","13":"tag-discord","14":"tag-espagne","15":"tag-eu","16":"tag-europe","17":"tag-european-union","18":"tag-fr","19":"tag-france","20":"tag-hongrie","21":"tag-immigration","22":"tag-news","23":"tag-partrick-parment","24":"tag-republique-francaise","25":"tag-russie","26":"tag-ue","27":"tag-union-europeenne","28":"tag-voile-islamique","29":"tag-x","30":"tag-youtube"},"share_on_mastodon":{"url":"https:\/\/pubeurope.com\/@fr\/115804062859093122","error":""},"_links":{"self":[{"href":"https:\/\/www.europesays.com\/fr\/wp-json\/wp\/v2\/posts\/628075","targetHints":{"allow":["GET"]}}],"collection":[{"href":"https:\/\/www.europesays.com\/fr\/wp-json\/wp\/v2\/posts"}],"about":[{"href":"https:\/\/www.europesays.com\/fr\/wp-json\/wp\/v2\/types\/post"}],"author":[{"embeddable":true,"href":"https:\/\/www.europesays.com\/fr\/wp-json\/wp\/v2\/users\/2"}],"replies":[{"embeddable":true,"href":"https:\/\/www.europesays.com\/fr\/wp-json\/wp\/v2\/comments?post=628075"}],"version-history":[{"count":0,"href":"https:\/\/www.europesays.com\/fr\/wp-json\/wp\/v2\/posts\/628075\/revisions"}],"wp:featuredmedia":[{"embeddable":true,"href":"https:\/\/www.europesays.com\/fr\/wp-json\/wp\/v2\/media\/628076"}],"wp:attachment":[{"href":"https:\/\/www.europesays.com\/fr\/wp-json\/wp\/v2\/media?parent=628075"}],"wp:term":[{"taxonomy":"category","embeddable":true,"href":"https:\/\/www.europesays.com\/fr\/wp-json\/wp\/v2\/categories?post=628075"},{"taxonomy":"post_tag","embeddable":true,"href":"https:\/\/www.europesays.com\/fr\/wp-json\/wp\/v2\/tags?post=628075"}],"curies":[{"name":"wp","href":"https:\/\/api.w.org\/{rel}","templated":true}]}}