{"id":628080,"date":"2025-12-29T17:37:12","date_gmt":"2025-12-29T17:37:12","guid":{"rendered":"https:\/\/www.europesays.com\/fr\/628080\/"},"modified":"2025-12-29T17:37:12","modified_gmt":"2025-12-29T17:37:12","slug":"2026-signe-la-fin-definitive-du-ticket-en-carton","status":"publish","type":"post","link":"https:\/\/www.europesays.com\/fr\/628080\/","title":{"rendered":"2026 signe la fin d\u00e9finitive du ticket en carton"},"content":{"rendered":"<p>2026 sera une ann\u00e9e charni\u00e8re pour les transports publics en Ile-de-France. Le bon vieux ticket en carton va d\u00e9finitivement dispara\u00eetre, tandis qu\u2019il sera possible d\u2019acheter et de stocker des titres dans Google Wallet sur Android, comme sur l\u2019iPhone avec l\u2019app Cartes d\u2019Apple. Enfin\u00a0!<\/p>\n<p><strong>\u00cele-de-France Mobilit\u00e9s<\/strong>, l\u2019autorit\u00e9 qui organise les transports publics dans la r\u00e9gion francilienne, <a href=\"https:\/\/presse.iledefrance-mobilites.fr\/la-revolution-des-transports-continue-en-2026\/\" target=\"_blank\" rel=\"noopener\">ach\u00e8ve<\/a> la transition de la d\u00e9mat\u00e9rialisation des titres. D\u2019ici la fin de l\u2019ann\u00e9e prochaine, les utilisateurs de smartphones Android pourront se servir de l\u2019application <strong>Google Walle<\/strong>t pour acheter des tickets de transport et les stocker.<\/p>\n<p> Google Wallet enfin pris en charge par IDFM <\/p>\n<p>Bien s\u00fbr, depuis fin 2022 on peut en passer par <a href=\"https:\/\/www.01net.com\/telecharger\/geographie-et-voyage\/carte-et-transport\/IDF.html\" target=\"_blank\" rel=\"noopener\">l\u2019app d\u00e9di\u00e9e<\/a>, mais pouvoir se servir directement de l\u2019application de paiement native est plus direct \u2014 m\u00eame si l\u2019app IDF Mobilit\u00e9s reste indispensable pour cr\u00e9er une nouvelle carte dans le Wallet. Sur iPhone, cette fonction est d\u00e9j\u00e0 disponible depuis un moment dans l\u2019app Cartes d\u2019Apple.<\/p>\n<p>  \t\t\t \t\t\t\t<a href=\"https:\/\/www.europesays.com\/fr\/wp-content\/uploads\/2025\/12\/ile-de-france-mobilites-cartes-wallet-Apple.jpg\"><img loading=\"lazy\" decoding=\"async\" width=\"883\" height=\"1920\" src=\"https:\/\/www.europesays.com\/fr\/wp-content\/uploads\/2025\/12\/ile-de-france-mobilites-cartes-wallet-Apple.jpg\" class=\"attachment-full size-full\" alt=\"Screenshot\" aria-describedby=\"gallery-1-1317529\"  \/><\/a> \t\t\t \t\t\t\t \t\t\t\t\u00a9  \t\t\t\t \t\t\t \t\t\t\t<a href=\"https:\/\/www.europesays.com\/fr\/wp-content\/uploads\/2025\/12\/ile-de-france-mobilites-cartes-wallet-Apple-2.jpg\"><img loading=\"lazy\" decoding=\"async\" width=\"883\" height=\"1920\" src=\"https:\/\/www.europesays.com\/fr\/wp-content\/uploads\/2025\/12\/ile-de-france-mobilites-cartes-wallet-Apple-2.jpg\" class=\"attachment-full size-full\" alt=\"Screenshot\" aria-describedby=\"gallery-1-1317530\"  \/><\/a> \t\t\t \t\t\t\t \t\t\t\t\u00a9  \t\t\t\t \t\t  <\/p>\n<p>L\u2019autorit\u00e9 annonce \u00e9galement que le support du passe Navigo Annuel en version d\u00e9mat\u00e9rialis\u00e9e sera effectif au printemps prochain. <a href=\"https:\/\/www.01net.com\/actualites\/le-pass-navigo-liberte-enfin-disponible-sur-smartphones-en-juin.html\" target=\"_blank\" rel=\"noopener\">IDFM avait \u00e9voqu\u00e9 le premier semestre<\/a>, la fen\u00eatre de lancement se resserre donc. Dans la foul\u00e9e, les titres de transport interr\u00e9gionaux pourront \u00e9galement \u00eatre achet\u00e9s depuis un smartphone\u00a0; voil\u00e0 qui int\u00e9ressera les voyageurs qui se rendent dans les gares hors \u00cele-de-France desservies par les lignes franciliennes.<\/p>\n<p>Les jours sont compt\u00e9s pour les tickets en carton. Les carnets de tickets t+ ne peuvent plus \u00eatre achet\u00e9s <a href=\"https:\/\/www.01net.com\/actualites\/transports-ile-de-france-les-carnets-de-tickets-en-carton-t-cest-termine.html\" target=\"_blank\" rel=\"noopener\">depuis septembre 2023<\/a>, et le titre \u00e0 l\u2019unit\u00e9 deviendra du pass\u00e9 l\u2019ann\u00e9e prochaine. Les automates et guichets qui en proposent encore sont en passe d\u2019\u00eatre retir\u00e9s du r\u00e9seau.<\/p>\n<p>\u00c0 compter du mois de mai, il ne sera plus possible d\u2019utiliser et de composter un titre carton \u00e0 bord des lignes de bus en \u00cele-de-France. En juin, ce sera au tour de l\u2019ensemble du r\u00e9seau ferr\u00e9 (m\u00e9tro, RER, lignes de train). Le ticket d\u2019acc\u00e8s \u00e0 bord dans les bus sera de son c\u00f4t\u00e9 <a href=\"https:\/\/presse.iledefrance-mobilites.fr\/plus-rapide-plus-pratique-la-carte-bancaire-remplace-le-ticket-dacces-a-borddans-les-bus-franciliens\/\" target=\"_blank\" rel=\"noopener\">remplac\u00e9<\/a> par la carte bancaire, \u00e0 scanner sur les bornes d\u2019achat. Ce sont jusqu\u2019\u00e0 quatre tickets qui peuvent \u00eatre achet\u00e9s de la sorte.<\/p>\n<p>\u00c0 ce sujet, IDFM promet de publier les r\u00e9sultats d\u2019une \u00e9tude sur la mise en place de solutions de validation par carte bancaire d\u2019ici le mois d\u2019avril.<\/p>\n<blockquote style=\"border:1px solid grey;border-radius:8px;\">\n<p class=\"text-base text-neutral-700 dark:text-neutral-300\" style=\"color:grey;\">\ud83d\udc49\ud83c\udffb Suivez l\u2019actualit\u00e9 tech en temps r\u00e9el\u00a0: ajoutez 01net \u00e0 vos sources sur <a href=\"https:\/\/profile.google.com\/cp\/CgovbS8wd2Juam1fGhZodHRwczovL3d3dy4wMW5ldC5jb20v?pf=6\" target=\"_blank\" rel=\"noopener\">Google<\/a>, et abonnez-vous \u00e0 notre canal <a href=\"https:\/\/whatsapp.com\/channel\/0029VaH5gKg6xCSG9nQQhQ1Z\" target=\"_blank\" rel=\"noopener\">WhatsApp<\/a>.<\/p>\n<\/blockquote>\n<p>            <img decoding=\"async\" src=\"https:\/\/www.europesays.com\/fr\/wp-content\/uploads\/2025\/04\/4NZ4LnDsUw9UvFnnxwTz2BKfp8VD92PRD8LTt3Ek.png\" alt=\"Opera One - Navigateur web boost\u00e9 \u00e0 l\u2019IA\" loading=\"lazy\"\/>                                            Opera One &#8211; Navigateur web boost\u00e9 \u00e0 l\u2019IA                 <\/p>\n<p>Par\u00a0: Opera<\/p>\n","protected":false},"excerpt":{"rendered":"2026 sera une ann\u00e9e charni\u00e8re pour les transports publics en Ile-de-France. Le bon vieux ticket en carton va&hellip;\n","protected":false},"author":2,"featured_media":628081,"comment_status":"","ping_status":"","sticky":false,"template":"","format":"standard","meta":{"footnotes":""},"categories":[4],"tags":[11,1011,27,10883,12,625,25],"class_list":{"0":"post-628080","1":"post","2":"type-post","3":"status-publish","4":"format-standard","5":"has-post-thumbnail","7":"category-france","8":"tag-actualites","9":"tag-fr","10":"tag-france","11":"tag-ile-de-france-mobilites","12":"tag-news","13":"tag-ratp","14":"tag-republique-francaise"},"share_on_mastodon":{"url":"https:\/\/pubeurope.com\/@fr\/115804074477265840","error":""},"_links":{"self":[{"href":"https:\/\/www.europesays.com\/fr\/wp-json\/wp\/v2\/posts\/628080","targetHints":{"allow":["GET"]}}],"collection":[{"href":"https:\/\/www.europesays.com\/fr\/wp-json\/wp\/v2\/posts"}],"about":[{"href":"https:\/\/www.europesays.com\/fr\/wp-json\/wp\/v2\/types\/post"}],"author":[{"embeddable":true,"href":"https:\/\/www.europesays.com\/fr\/wp-json\/wp\/v2\/users\/2"}],"replies":[{"embeddable":true,"href":"https:\/\/www.europesays.com\/fr\/wp-json\/wp\/v2\/comments?post=628080"}],"version-history":[{"count":0,"href":"https:\/\/www.europesays.com\/fr\/wp-json\/wp\/v2\/posts\/628080\/revisions"}],"wp:featuredmedia":[{"embeddable":true,"href":"https:\/\/www.europesays.com\/fr\/wp-json\/wp\/v2\/media\/628081"}],"wp:attachment":[{"href":"https:\/\/www.europesays.com\/fr\/wp-json\/wp\/v2\/media?parent=628080"}],"wp:term":[{"taxonomy":"category","embeddable":true,"href":"https:\/\/www.europesays.com\/fr\/wp-json\/wp\/v2\/categories?post=628080"},{"taxonomy":"post_tag","embeddable":true,"href":"https:\/\/www.europesays.com\/fr\/wp-json\/wp\/v2\/tags?post=628080"}],"curies":[{"name":"wp","href":"https:\/\/api.w.org\/{rel}","templated":true}]}}