{"id":628084,"date":"2025-12-29T17:41:13","date_gmt":"2025-12-29T17:41:13","guid":{"rendered":"https:\/\/www.europesays.com\/fr\/628084\/"},"modified":"2025-12-29T17:41:13","modified_gmt":"2025-12-29T17:41:13","slug":"gauthier-onclin-a-pris-un-risque-financier-je-veux-mettre-un-maximum-datouts-de-mon-cote","status":"publish","type":"post","link":"https:\/\/www.europesays.com\/fr\/628084\/","title":{"rendered":"Gauthier Onclin a pris un risque financier\u00a0: \u00ab\u00a0Je veux mettre un maximum d&rsquo;atouts de mon c\u00f4t\u00e9\u00a0\u00bb"},"content":{"rendered":"<p class=\"ap-StoryElement ap-StoryElement--mb ap-StoryText\">Au moment des bilans de fin d&rsquo;ann\u00e9e, celui de Gauthier est mitig\u00e9 : \u00ab\u00a0La saison avait magnifiquement commenc\u00e9 par ma qualification pour l&rsquo;Australien Open. C&rsquo;\u00e9tait vraiment un moment assez exceptionnel auquel je ne m&rsquo;attendais pas sp\u00e9cialement, surtout vu la fin de saison 2024. J&rsquo;avais d\u00fb cravacher pour y aller. Apr\u00e8s Melbourne, les choses se sont un peu compliqu\u00e9es. J&rsquo;ai d\u00fb faire une coupure d&rsquo;un mois \u00e0 cause d&rsquo;une blessure. Cela a un peu cass\u00e9 mon \u00e9lan. Malgr\u00e9 tout, j&rsquo;ai quand m\u00eame r\u00e9ussi \u00e0 jouer les qualifications des quatre Grands Chelems, ce qui est toujours super important. Mais j&rsquo;en aurais esp\u00e9r\u00e9 plus en 2025, surtout en fin de saison o\u00f9 j&rsquo;ai manqu\u00e9 un peu de fra\u00eecheur, un peu de qualit\u00e9.\u00a0\u00bb<\/p>\n<p class=\"ap-StoryElement ap-StoryElement--mb ap-StoryText\">Conscient que les ann\u00e9es passent, Gauthier Onclin (24 ans) a pris une d\u00e9cision forte sportivement et financi\u00e8rement pour 2026 : \u00ab\u00a0Germain Gigounon sera mon coach \u00e0 temps plein. Il a d\u00e9j\u00e0 voyag\u00e9 plus ou moins 10 \u00e0 15 semaines avec moi en 2025 parce que Steve Darcis \u00e9tait de plus en plus avec Rapha\u00ebl Collignon. On ne participait plus aux m\u00eames tournois, donc \u00e7a devenait compliqu\u00e9, mais Steve restait mon coach principal en Belgique. Depuis cette pr\u00e9saison, Germain est l\u00e0 \u00e0 100 % avec moi, mais je reste quand m\u00eame dans la structure de la f\u00e9d\u00e9ration francophone avec le pr\u00e9parateur physique, notamment. Steve est toujours l\u00e0 pour encadrer un peu les choses, mais voil\u00e0, \u00e7a fait un mois que Germain est mon coach principal. Je voulais vraiment mettre toutes les chances de mon c\u00f4t\u00e9, donc j&rsquo;ai d\u00e9cid\u00e9 de lui proposer ce deal. Il y a beaucoup de boulot, il y a pas mal de choses \u00e0 am\u00e9liorer, je ne dis pas \u00e0 changer, parce que je pense qu&rsquo;on faisait d\u00e9j\u00e0 de tr\u00e8s bonnes choses, mais encore \u00e0 am\u00e9liorer, et pour l&rsquo;instant \u00e7a se passe bien, esp\u00e9rons que \u00e7a se voie en 2026.\u00a0\u00bb<\/p>\n<p><img loading=\"lazy\" decoding=\"async\" class=\"w-full lazyload lazyload--opacity object-contain\" style=\"aspect-ratio:56.99999999999999 \/ 100;opacity:1\" alt=\"Gauthier Onclin et Germain Gigounon au Challenger de Cherbourg le 12 mars 2025.\" width=\"768\" height=\"1350\" fetchpriority=\"auto\" src=\"https:\/\/www.europesays.com\/fr\/wp-content\/uploads\/2025\/12\/S5VKD3X55FFF3BW6V4SEHXNP7I.png\"  data- data-optimumx=\"1\"\/>Gauthier Onclin a pris Germain Gigounon comme entra\u00eeneur \u00e0 temps plein. \u00a9Instagram Germain GigounonService \u00e0 travailler<\/p>\n<p class=\"ap-StoryElement ap-StoryElement--mb ap-StoryText\">Une ligne de conduite tennistique a d\u00e9j\u00e0 \u00e9t\u00e9 trac\u00e9e par les deux hommes pour permettre au Li\u00e9geois de progresser : \u00ab\u00a0On essaye de prendre plus de plaisir, d&rsquo;\u00eatre plus focalis\u00e9 sur certaines choses. Sur le terrain, essayer de gagner du temps, de prendre la balle encore un peu plus t\u00f4t, de jouer en mouvement et d&rsquo;\u00eatre plus dynamique dans mon jeu de jambes. J&rsquo;ai quand m\u00eame un jeu assez offensif et parfois j&rsquo;ai l&rsquo;impression de forcer. Je suis un peu trop loin de ma ligne et j&rsquo;attaque de trop loin. Ici, on essaie de gagner du temps justement.\u00a0\u00bb<\/p>\n<p class=\"ap-StoryElement ap-StoryElement--mb ap-StoryText\">Avec son m\u00e8tre 80, le produit du centre f\u00e9d\u00e9ral ne peut pas compter sur son seul physique pour faire mal \u00e0 ses adversaires : \u00ab\u00a0Je ne suis pas le plus grand, je ne suis pas le plus puissant, donc on essaye de gagner un peu du temps. Et puis il y a aussi un gros travail sur le service qui reste toujours le point un peu plus compliqu\u00e9 de mon jeu.\u00a0\u00bb<\/p>\n<p><a href=\"https:\/\/www.dhnet.be\/sports\/tennis\/2025\/12\/24\/justine-henin-se-livre-avant-les-fetes-de-noel-comparer-les-joueurs-belges-actuels-a-kim-et-moi-cela-napporte-rien-LDLCWXAVVFBMTNJBNZ5HOXRF4U\/\" target=\"_self\" class=\"ap-StoryInterstitialLink ap-StoryElement ap-StoryElement--mb\" rel=\"noopener\">Retrouvez l&rsquo;interview exclusive de Justine Henin&#8230;<\/a><\/p>\n<p class=\"ap-StoryElement ap-StoryElement--mb ap-StoryText\">Voil\u00e0 pour l&rsquo;aspect sportif. Du c\u00f4t\u00e9 des finances, s&rsquo;offrir un entra\u00eeneur full-time quand on navigue entre le top 200 et 300 s&rsquo;apparente \u00e0 un risque, \u00e0 un investissement qui doit devenir rentable : \u00ab\u00a0Oui c&rsquo;est un risque, parce que c&rsquo;est un tr\u00e8s gros coup financier. Mais je ne le vois pas comme un quitte ou double. Sur ce que j&rsquo;ai vu en 2025, je pense qu&rsquo;on peut vraiment faire de bonnes choses et cela deviendra rentable car les r\u00e9sultats suivront. C&rsquo;est pour \u00e7a que je le fais, parce que j&rsquo;y crois. Mais c&rsquo;est s\u00fbr que c&rsquo;est un tr\u00e8s gros investissement vu mon classement mais j&rsquo;avais envie de mettre un maximum d&rsquo;atouts de mon c\u00f4t\u00e9. Et n&rsquo;oublions pas que sans l&rsquo;aide de la f\u00e9d\u00e9ration, ce serait encore plus compliqu\u00e9. Ce statut hybride peut me permettre d&rsquo;avancer.\u00a0\u00bb<\/p>\n<p class=\"ap-StoryElement ap-StoryElement--mb ap-StoryText\">Et m\u00eame s&rsquo;il approche des 25 ans, le Li\u00e9geois demeure serein par rapport \u00e0 son avenir : \u00ab\u00a0Quand j&rsquo;\u00e9tais plus jeune, je me mettais plus des limites, des barri\u00e8res \u00e0 franchir. Maintenant que cela fait 6-7 ans que je suis pro, que c&rsquo;est mon m\u00e9tier, je veux juste faire le maximum.\u00a0\u00bb<\/p>\n<p class=\"ap-StoryElement ap-StoryElement--mb ap-StoryText\">D\u00e8s son d\u00e9but de saison sur le Challenger de Noum\u00e9a puis lors des qualifications de l&rsquo;Australian Open.<\/p>\n","protected":false},"excerpt":{"rendered":"Au moment des bilans de fin d&rsquo;ann\u00e9e, celui de Gauthier est mitig\u00e9 : \u00ab\u00a0La saison avait magnifiquement commenc\u00e9&hellip;\n","protected":false},"author":2,"featured_media":628085,"comment_status":"","ping_status":"","sticky":false,"template":"","format":"standard","meta":{"footnotes":""},"categories":[1415],"tags":[1011,27,4175,60,1467],"class_list":{"0":"post-628084","1":"post","2":"type-post","3":"status-publish","4":"format-standard","5":"has-post-thumbnail","7":"category-tennis","8":"tag-fr","9":"tag-france","10":"tag-open-daustralie","11":"tag-sports","12":"tag-tennis"},"share_on_mastodon":{"url":"https:\/\/pubeurope.com\/@fr\/115804090066855553","error":""},"_links":{"self":[{"href":"https:\/\/www.europesays.com\/fr\/wp-json\/wp\/v2\/posts\/628084","targetHints":{"allow":["GET"]}}],"collection":[{"href":"https:\/\/www.europesays.com\/fr\/wp-json\/wp\/v2\/posts"}],"about":[{"href":"https:\/\/www.europesays.com\/fr\/wp-json\/wp\/v2\/types\/post"}],"author":[{"embeddable":true,"href":"https:\/\/www.europesays.com\/fr\/wp-json\/wp\/v2\/users\/2"}],"replies":[{"embeddable":true,"href":"https:\/\/www.europesays.com\/fr\/wp-json\/wp\/v2\/comments?post=628084"}],"version-history":[{"count":0,"href":"https:\/\/www.europesays.com\/fr\/wp-json\/wp\/v2\/posts\/628084\/revisions"}],"wp:featuredmedia":[{"embeddable":true,"href":"https:\/\/www.europesays.com\/fr\/wp-json\/wp\/v2\/media\/628085"}],"wp:attachment":[{"href":"https:\/\/www.europesays.com\/fr\/wp-json\/wp\/v2\/media?parent=628084"}],"wp:term":[{"taxonomy":"category","embeddable":true,"href":"https:\/\/www.europesays.com\/fr\/wp-json\/wp\/v2\/categories?post=628084"},{"taxonomy":"post_tag","embeddable":true,"href":"https:\/\/www.europesays.com\/fr\/wp-json\/wp\/v2\/tags?post=628084"}],"curies":[{"name":"wp","href":"https:\/\/api.w.org\/{rel}","templated":true}]}}