{"id":628088,"date":"2025-12-29T17:46:11","date_gmt":"2025-12-29T17:46:11","guid":{"rendered":"https:\/\/www.europesays.com\/fr\/628088\/"},"modified":"2025-12-29T17:46:11","modified_gmt":"2025-12-29T17:46:11","slug":"le-premier-bain-de-foule-dendrick-attendra","status":"publish","type":"post","link":"https:\/\/www.europesays.com\/fr\/628088\/","title":{"rendered":"le premier bain de foule d&rsquo;Endrick attendra"},"content":{"rendered":"<p>                            <img width=\"770\" height=\"433\" src=\"https:\/\/www.europesays.com\/fr\/wp-content\/uploads\/2025\/12\/IMG_2074-770x433.jpeg\" class=\"attachment-article size-article wp-post-image\" alt=\"\" decoding=\"async\" fetchpriority=\"high\"  \/>            <\/p>\n<p>Ce lundi, l&rsquo;OL reprenait le chemin de l&rsquo;entra\u00eenement avec une nouvelle t\u00eate au sein de son effectif. Malheureusement, les nombreux supporters pr\u00e9sents \u00e0 D\u00e9cines n&rsquo;ont pas eu le droit \u00e0 un premier contact avec Endrick, parti rapidement apr\u00e8s la s\u00e9ance.<\/p>\n<p>Le froid de cette fin d&rsquo;ann\u00e9e n&rsquo;a pas d\u00e9courag\u00e9 certains supporters. Ils \u00e9taient nombreux \u00e0 attendre devant le portail du centre d&rsquo;entra\u00eenement de l&rsquo;OL ce lundi. Si les joueurs de Paulo\u00a0<strong>Fonseca<\/strong>\u00a0manquent forc\u00e9ment un peu dans cette tr\u00eave hivernale, les supporters \u00e9taient avant tout l\u00e0 pour apercevoir un visage : celui\u00a0<strong>d&rsquo;Endrick<\/strong>, la nouvelle recrue lyonnaise pour les six prochains mois. Certains avaient tout pr\u00e9par\u00e9 entre maillot du Br\u00e9sil ou celui de l&rsquo;OL d\u00e9j\u00e0 frapp\u00e9 du num\u00e9ro 9. Malheureusement, la d\u00e9ception a \u00e9t\u00e9 \u00e0 la hauteur de l&rsquo;attente devant le GOLTC.<\/p>\n<p>Sulc f\u00eat\u00e9 pour son anniversaire<\/p>\n<p>Si Corentin\u00a0<strong><a href=\"https:\/\/www.olympique-et-lyonnais.com\/ligue-1-en-cas-de-jaune-a-monaco-tolisso-manquera-le-match-des-10-ans-au-parc-ol,387575.html\" target=\"_blank\" rel=\"noopener\">Tolisso<\/a><\/strong>, Pavel\u00a0<strong>Sulc<\/strong>, accueilli sous les\u00a0\u00ab\u00a0Happy Birthday\u00a0\u00bb\u00a0pour ses 25 ans ce lundi, Ruben\u00a0<strong>Kluivert<\/strong>\u00a0ou encore Tanner\u00a0<strong>Tessmann<\/strong>\u00a0se sont pr\u00eat\u00e9s au jeu des selfies et des autographes, Endrick a profit\u00e9 de l&rsquo;attention port\u00e9e par les supporters \u00e0 Ainsley\u00a0<strong>Maitland-Niles<\/strong>\u00a0pour se faufiler et quitter le centre d&rsquo;entra\u00eenement au volant de la nouvelle voiture confi\u00e9e par le partenaire du club lyonnais. Malgr\u00e9 les\u00a0\u00ab\u00a0Endrick, Endrick\u00a0\u00bb, l&rsquo;attaquant br\u00e9silien s&rsquo;est simplement content\u00e9 d&rsquo;un petit signe de la main. Un brin de d\u00e9ception chez les supporters et un premier bain de foule qui attendra pour le n\u00e9o-Lyonnais.<\/p>\n<blockquote class=\"twitter-tweet\" data-width=\"550\" data-dnt=\"true\">\n<p lang=\"fr\" dir=\"ltr\">D\u00e9ception pour la grosse vingtaine de supporters pr\u00e9sents. Un simple signe de la main d\u2019Endrick \u00e0 sa sortie rapide en voiture mais pas d\u2019autographes <a href=\"https:\/\/twitter.com\/hashtag\/OL?src=hash&amp;ref_src=twsrc%5Etfw\" target=\"_blank\" rel=\"noopener\">#OL<\/a> <a href=\"https:\/\/t.co\/EWZdwzvEwf\">https:\/\/t.co\/EWZdwzvEwf<\/a><\/p>\n<p>\u2014 Olympique-et-Lyonnais.com (@oetl) <a href=\"https:\/\/twitter.com\/oetl\/status\/2005622467252175199?ref_src=twsrc%5Etfw\" target=\"_blank\" rel=\"noopener\">December 29, 2025<\/a><\/p><\/blockquote>\n<p>\t\t\t\t\t<a href=\"https:\/\/www.olympique-et-lyonnais.com\/avec-cinq-expulsions-lol-va-devoir-se-calmer-en-2026,387580.html\" title=\"Avec cinq expulsions, l\u2019OL va devoir se calmer en 2026\" target=\"_blank\" rel=\"noopener\"><img loading=\"lazy\" width=\"580\" height=\"326\" src=\"https:\/\/www.europesays.com\/fr\/wp-content\/uploads\/2025\/12\/AFP__20251207__87DK2FD__v1__HighRes__FblFraLigue1LorientLyon-580x326.jpg\" class=\"attachment-actularge size-actularge wp-post-image\" alt=\"Clinton Mata incr\u00e9dule face au rouge sorti par Mr Vernice lors de Lorient - OL\" decoding=\"async\"  \/>\t\t\t\t\t<\/a><\/p>\n<p><script async src=\"https:\/\/platform.twitter.com\/widgets.js\" charset=\"utf-8\"><\/script><\/p>\n","protected":false},"excerpt":{"rendered":"Ce lundi, l&rsquo;OL reprenait le chemin de l&rsquo;entra\u00eenement avec une nouvelle t\u00eate au sein de son effectif. Malheureusement,&hellip;\n","protected":false},"author":2,"featured_media":628089,"comment_status":"","ping_status":"","sticky":false,"template":"","format":"standard","meta":{"footnotes":""},"categories":[1410],"tags":[63,1011,27,241,978,60],"class_list":{"0":"post-628088","1":"post","2":"type-post","3":"status-publish","4":"format-standard","5":"has-post-thumbnail","7":"category-football","8":"tag-football","9":"tag-fr","10":"tag-france","11":"tag-ol","12":"tag-olympique-lyonnais","13":"tag-sports"},"share_on_mastodon":{"url":"https:\/\/pubeurope.com\/@fr\/115804109951032694","error":""},"_links":{"self":[{"href":"https:\/\/www.europesays.com\/fr\/wp-json\/wp\/v2\/posts\/628088","targetHints":{"allow":["GET"]}}],"collection":[{"href":"https:\/\/www.europesays.com\/fr\/wp-json\/wp\/v2\/posts"}],"about":[{"href":"https:\/\/www.europesays.com\/fr\/wp-json\/wp\/v2\/types\/post"}],"author":[{"embeddable":true,"href":"https:\/\/www.europesays.com\/fr\/wp-json\/wp\/v2\/users\/2"}],"replies":[{"embeddable":true,"href":"https:\/\/www.europesays.com\/fr\/wp-json\/wp\/v2\/comments?post=628088"}],"version-history":[{"count":0,"href":"https:\/\/www.europesays.com\/fr\/wp-json\/wp\/v2\/posts\/628088\/revisions"}],"wp:featuredmedia":[{"embeddable":true,"href":"https:\/\/www.europesays.com\/fr\/wp-json\/wp\/v2\/media\/628089"}],"wp:attachment":[{"href":"https:\/\/www.europesays.com\/fr\/wp-json\/wp\/v2\/media?parent=628088"}],"wp:term":[{"taxonomy":"category","embeddable":true,"href":"https:\/\/www.europesays.com\/fr\/wp-json\/wp\/v2\/categories?post=628088"},{"taxonomy":"post_tag","embeddable":true,"href":"https:\/\/www.europesays.com\/fr\/wp-json\/wp\/v2\/tags?post=628088"}],"curies":[{"name":"wp","href":"https:\/\/api.w.org\/{rel}","templated":true}]}}