{"id":628092,"date":"2025-12-29T17:48:52","date_gmt":"2025-12-29T17:48:52","guid":{"rendered":"https:\/\/www.europesays.com\/fr\/628092\/"},"modified":"2025-12-29T17:48:52","modified_gmt":"2025-12-29T17:48:52","slug":"la-semaine-decoration-et-design-273","status":"publish","type":"post","link":"https:\/\/www.europesays.com\/fr\/628092\/","title":{"rendered":"La semaine d\u00e9coration et design #273"},"content":{"rendered":"<p>La semaine d\u00e9coration et design vous propose de d\u00e9couvrir des reportages int\u00e9ressants pour tous les amoureux de la <a href=\"https:\/\/planete-deco.fr\/2023\/09\/08\/une-maison-flottante-design-a-la-decoration-japandi\/\" target=\"_blank\" rel=\"noopener\">d\u00e9coration<\/a> contemporaine (ou pas). Tous les styles peuvent y apparaitre, du plus classique au plus novateur. Les architectures int\u00e9ressantes, les nouveaux produits et expositions vous seront pr\u00e9sent\u00e9s parfois. C\u2019est une rubrique fourre-tout pour tout ce qui a retenu notre attention et que nous avons envie de mettre en avant et de vous faire d\u00e9couvrir.<\/p>\n<p>N\u2019h\u00e9sitez pas \u00e0 cliquer sur les liens en orange qui vous emm\u00e8neront directement sur les articles d\u2019origine ou sur les sites qui m\u00e9ritent quelques instants d\u2019attention. Nous esp\u00e9rons que la rubrique \u201cLa semaine d\u00e9coration et design\u201d vous plaira autant qu\u2019il nous a plu de vous montrer toutes ces nouveaut\u00e9s !<\/p>\n<p>Decoration and design week #273<br \/>The decoration and design week offers you interesting reports for all lovers of contemporary decoration (or not). All styles can appear, from the most classic to the most innovative. Interesting architectures, new products and exhibitions will be presented to you sometimes. This is a catch-all section for everything that has caught our attention and that we want to put forward and let you discover.<\/p>\n<p>Please feel free to click on the orange links which will take you directly to the original articles or to sites that deserve some attention. We hope that you will enjoy the \u201cDecoration and design week\u201d section as much as we enjoyed showing you all these news!<\/p>\n<p><a href=\"https:\/\/www.architecturaldigest.com\/story\/making-the-christmas-tree-modern\" target=\"_blank\" rel=\"noopener\">Un arbre de No\u00ebl moderne \u00e0 la maison Farnsworth de Mies van der Rohe<\/a><\/p>\n<p>A modern Christmas tree at Mies van der Rohe&rsquo;s Farnsworth House<\/p>\n<p><a href=\"https:\/\/www.europesays.com\/fr\/wp-content\/uploads\/2025\/12\/SD2-2.webp.webp\"><img decoding=\"async\" loading=\"lazy\" class=\"alignnone wp-image-482447 size-full\" src=\"https:\/\/www.europesays.com\/fr\/wp-content\/uploads\/2025\/12\/SD2-2.webp.webp\" alt=\"No\u00ebl d\u00e9coration design \u00e0 la maison Farnsworth de Mies van der Rohe\" width=\"1170\" height=\"780\"  \/><a class=\"pin-btn\" data-pin-custom=\"true\" href=\"https:\/\/pinterest.com\/pin\/create\/button\/?url=https:\/\/planete-deco.fr\/2025\/12\/28\/la-semaine-decoration-et-design-273\/&amp;media=https:\/\/www.europesays.com\/fr\/wp-content\/uploads\/2025\/12\/SD2-2.webp.webp&amp;description=La semaine d\u00e9coration et design vous propose de d\u00e9couvrir des reportages int\u00e9ressants pour tous les amoureux de la d\u00e9coration contemporaine (ou pas). Tous les styles peuvent y apparaitre, du plus classique\u2026\" target=\"_blank\" title=\"Share on Pinterest\"><img decoding=\"async\" src=\"https:\/\/www.europesays.com\/fr\/wp-content\/uploads\/2025\/05\/share_pinterest.png\" alt=\"Share on Pinterest\"\/><\/a><br \/>\n<\/a><\/p>\n<p><a href=\"https:\/\/www.nuevoestilo.es\/casas\/a69793640\/abag-studio-reforma-este-espectacular-atico-tipo-duplex-de-280-metros-en-la-famosa-casa-de-las-bolas-de-madrid\/\" target=\"_blank\" rel=\"noopener\">Un appartement en duplex \u00e0 Madrid<\/a><\/p>\n<p>A duplex flat in Madrid<\/p>\n<p><a href=\"https:\/\/www.europesays.com\/fr\/wp-content\/uploads\/2025\/12\/SD3-1.jpeg\"><img decoding=\"async\" loading=\"lazy\" class=\"alignnone wp-image-482448 size-full\" src=\"https:\/\/www.europesays.com\/fr\/wp-content\/uploads\/2025\/12\/SD3-1.jpeg\" alt=\"salle \u00e0 manger avec poutres m\u00e9talliques d\u00e9coration design appartement Madrid\" width=\"980\" height=\"1470\"  \/><a class=\"pin-btn\" data-pin-custom=\"true\" href=\"https:\/\/pinterest.com\/pin\/create\/button\/?url=https:\/\/planete-deco.fr\/2025\/12\/28\/la-semaine-decoration-et-design-273\/&amp;media=https:\/\/www.europesays.com\/fr\/wp-content\/uploads\/2025\/12\/SD3-1.jpeg&amp;description=La semaine d\u00e9coration et design vous propose de d\u00e9couvrir des reportages int\u00e9ressants pour tous les amoureux de la d\u00e9coration contemporaine (ou pas). Tous les styles peuvent y apparaitre, du plus classique\u2026\" target=\"_blank\" title=\"Share on Pinterest\"><img decoding=\"async\" src=\"https:\/\/www.europesays.com\/fr\/wp-content\/uploads\/2025\/05\/share_pinterest.png\" alt=\"Share on Pinterest\"\/><\/a><br \/>\n<\/a><\/p>\n<p><a href=\"https:\/\/www.vtwonen.nl\/vtwonen-landelijk\/eeuwenoud-engels-landhuis-betoverend-mooi~1b2bfe1\" target=\"_blank\" rel=\"noopener\">Une maison de campagne typiquement anglaise<\/a><\/p>\n<p>A typical English country house<\/p>\n<p><a href=\"https:\/\/planete-deco.fr\/wp-content\/uploads\/2025\/12\/SD4.jpeg\" target=\"_blank\" rel=\"noopener\"><img decoding=\"async\" loading=\"lazy\" class=\"alignnone wp-image-482449 size-full\" src=\"https:\/\/www.europesays.com\/fr\/wp-content\/uploads\/2025\/12\/SD4-1536x1139.jpeg\" alt=\"cuisine rustique chic maison de campagne anglaise\" width=\"1536\" height=\"1139\"  \/><a class=\"pin-btn\" data-pin-custom=\"true\" href=\"https:\/\/pinterest.com\/pin\/create\/button\/?url=https:\/\/planete-deco.fr\/2025\/12\/28\/la-semaine-decoration-et-design-273\/&amp;media=https:\/\/planete-deco.fr\/wp-content\/uploads\/2025\/12\/SD4.jpeg&amp;description=La semaine d\u00e9coration et design vous propose de d\u00e9couvrir des reportages int\u00e9ressants pour tous les amoureux de la d\u00e9coration contemporaine (ou pas). Tous les styles peuvent y apparaitre, du plus classique\u2026\" target=\"_blank\" title=\"Share on Pinterest\" rel=\"noopener\"><img decoding=\"async\" src=\"https:\/\/www.europesays.com\/fr\/wp-content\/uploads\/2025\/05\/share_pinterest.png\" alt=\"Share on Pinterest\"\/><\/a><br \/>\n<\/a><\/p>\n<p><a href=\"https:\/\/www.admagazine.com\/articulos\/un-pequeno-departamento-minimalista-integra-el-color-estrategicamente#\" target=\"_blank\" rel=\"noopener\">Un studio parisien de 25m2 aux espaces optimis\u00e9s<\/a><\/p>\n<p>A 25m2 Parisian studio with optimised spaces<\/p>\n<p><a href=\"https:\/\/planete-deco.fr\/wp-content\/uploads\/2025\/12\/SD5-1.jpg\" target=\"_blank\" rel=\"noopener\"><img decoding=\"async\" loading=\"lazy\" class=\"alignnone wp-image-482450 size-full\" src=\"https:\/\/www.europesays.com\/fr\/wp-content\/uploads\/2025\/12\/SD5-1-1536x2048.jpg\" alt=\"salon et salle \u00e0 manger d\u00e9coration design studio Paris 25m2\" width=\"1536\" height=\"2048\"  \/><a class=\"pin-btn\" data-pin-custom=\"true\" href=\"https:\/\/pinterest.com\/pin\/create\/button\/?url=https:\/\/planete-deco.fr\/2025\/12\/28\/la-semaine-decoration-et-design-273\/&amp;media=https:\/\/planete-deco.fr\/wp-content\/uploads\/2025\/12\/SD5-1.jpg&amp;description=La semaine d\u00e9coration et design vous propose de d\u00e9couvrir des reportages int\u00e9ressants pour tous les amoureux de la d\u00e9coration contemporaine (ou pas). Tous les styles peuvent y apparaitre, du plus classique\u2026\" target=\"_blank\" title=\"Share on Pinterest\" rel=\"noopener\"><img decoding=\"async\" src=\"https:\/\/www.europesays.com\/fr\/wp-content\/uploads\/2025\/05\/share_pinterest.png\" alt=\"Share on Pinterest\"\/><\/a><br \/>\n<\/a><\/p>\n<p><a href=\"https:\/\/www.dwell.com\/article\/ra-house-studio-tamat-rome-apartment-renovation-9bd1a4b7\" target=\"_blank\" rel=\"noopener\">Un appartement multi niveaux \u00e0 Rome<\/a><\/p>\n<p>A multi-level flat in Roma<\/p>\n<p><a href=\"https:\/\/planete-deco.fr\/wp-content\/uploads\/2025\/12\/SD7-1.jpeg\" target=\"_blank\" rel=\"noopener\"><img decoding=\"async\" loading=\"lazy\" class=\"alignnone wp-image-482452 size-full\" src=\"https:\/\/www.europesays.com\/fr\/wp-content\/uploads\/2025\/12\/SD7-1-1536x1024.jpeg\" alt=\"cuisine et salon appartement en duplex \u00e0 Rome d\u00e9coration design\" width=\"1536\" height=\"1024\"  \/><a class=\"pin-btn\" data-pin-custom=\"true\" href=\"https:\/\/pinterest.com\/pin\/create\/button\/?url=https:\/\/planete-deco.fr\/2025\/12\/28\/la-semaine-decoration-et-design-273\/&amp;media=https:\/\/planete-deco.fr\/wp-content\/uploads\/2025\/12\/SD7-1.jpeg&amp;description=La semaine d\u00e9coration et design vous propose de d\u00e9couvrir des reportages int\u00e9ressants pour tous les amoureux de la d\u00e9coration contemporaine (ou pas). Tous les styles peuvent y apparaitre, du plus classique\u2026\" target=\"_blank\" title=\"Share on Pinterest\" rel=\"noopener\"><img decoding=\"async\" src=\"https:\/\/www.europesays.com\/fr\/wp-content\/uploads\/2025\/05\/share_pinterest.png\" alt=\"Share on Pinterest\"\/><\/a><br \/>\n<\/a><\/p>\n<p><a href=\"https:\/\/www.elledecor.com\/es\/casas\/a69829397\/casa-6-metros-ancho-patio-interio\/\" target=\"_blank\" rel=\"noopener\">Une maison de ville sur un terrain \u00e9troit au Mexique<\/a><\/p>\n<p>A townhouse on a narrow plot in Mexico<\/p>\n<p><a href=\"https:\/\/www.europesays.com\/fr\/wp-content\/uploads\/2025\/12\/SD9-2.jpeg\"><img decoding=\"async\" loading=\"lazy\" class=\"alignnone wp-image-482454 size-full\" src=\"https:\/\/www.europesays.com\/fr\/wp-content\/uploads\/2025\/12\/SD9-2.jpeg\" alt=\"maison de ville sur terrain \u00e9troit d\u00e9coration contemporaine Mexique\" width=\"980\" height=\"1469\"  \/><a class=\"pin-btn\" data-pin-custom=\"true\" href=\"https:\/\/pinterest.com\/pin\/create\/button\/?url=https:\/\/planete-deco.fr\/2025\/12\/28\/la-semaine-decoration-et-design-273\/&amp;media=https:\/\/www.europesays.com\/fr\/wp-content\/uploads\/2025\/12\/SD9-2.jpeg&amp;description=La semaine d\u00e9coration et design vous propose de d\u00e9couvrir des reportages int\u00e9ressants pour tous les amoureux de la d\u00e9coration contemporaine (ou pas). Tous les styles peuvent y apparaitre, du plus classique\u2026\" target=\"_blank\" title=\"Share on Pinterest\"><img decoding=\"async\" src=\"https:\/\/www.europesays.com\/fr\/wp-content\/uploads\/2025\/05\/share_pinterest.png\" alt=\"Share on Pinterest\"\/><\/a><br \/>\n<\/a><\/p>\n<p><a href=\"https:\/\/www.admagazine.fr\/article\/californie-retraite-alpine\" target=\"_blank\" rel=\"noopener\">Une maison en bois en Californie<\/a><\/p>\n<p>A wooden house in California<\/p>\n<p><a href=\"https:\/\/planete-deco.fr\/wp-content\/uploads\/2025\/12\/SD8-1.webp\" target=\"_blank\" rel=\"noopener\"><img decoding=\"async\" loading=\"lazy\" class=\"alignnone wp-image-482453 size-full\" src=\"https:\/\/www.europesays.com\/fr\/wp-content\/uploads\/2025\/12\/SD8-1-1536x960.webp.webp\" alt=\"salon d\u00e9coration contemporaine avec po\u00eale maison en bois Californie\" width=\"1536\" height=\"960\"  \/><a class=\"pin-btn\" data-pin-custom=\"true\" href=\"https:\/\/pinterest.com\/pin\/create\/button\/?url=https:\/\/planete-deco.fr\/2025\/12\/28\/la-semaine-decoration-et-design-273\/&amp;media=https:\/\/planete-deco.fr\/wp-content\/uploads\/2025\/12\/SD8-1.webp&amp;description=La semaine d\u00e9coration et design vous propose de d\u00e9couvrir des reportages int\u00e9ressants pour tous les amoureux de la d\u00e9coration contemporaine (ou pas). Tous les styles peuvent y apparaitre, du plus classique\u2026\" target=\"_blank\" title=\"Share on Pinterest\" rel=\"noopener\"><img decoding=\"async\" src=\"https:\/\/www.europesays.com\/fr\/wp-content\/uploads\/2025\/05\/share_pinterest.png\" alt=\"Share on Pinterest\"\/><\/a><br \/>\n<\/a><\/p>\n<p><a href=\"https:\/\/www.nuevoestilo.es\/casas\/a69693829\/reforma-casa-campo-segovia-estudio-arquitectura-resultado-espectacular\/\" target=\"_blank\" rel=\"noopener\">Une maison de campagne en pierres restaur\u00e9e en Espagne<\/a><\/p>\n<p>A restored stone country house in Spain<\/p>\n<p><a href=\"https:\/\/www.europesays.com\/fr\/wp-content\/uploads\/2025\/12\/SD6-2.jpeg\"><img decoding=\"async\" loading=\"lazy\" class=\"alignnone wp-image-482451 size-full\" src=\"https:\/\/www.europesays.com\/fr\/wp-content\/uploads\/2025\/12\/SD6-2.jpeg\" alt=\"salon d\u00e9coration contemporaine maison de campagne en pierres r\u00e9nov\u00e9e\" width=\"2362\" height=\"1575\"\/><a class=\"pin-btn\" data-pin-custom=\"true\" href=\"https:\/\/pinterest.com\/pin\/create\/button\/?url=https:\/\/planete-deco.fr\/2025\/12\/28\/la-semaine-decoration-et-design-273\/&amp;media=https:\/\/www.europesays.com\/fr\/wp-content\/uploads\/2025\/12\/SD6-2.jpeg&amp;description=La semaine d\u00e9coration et design vous propose de d\u00e9couvrir des reportages int\u00e9ressants pour tous les amoureux de la d\u00e9coration contemporaine (ou pas). Tous les styles peuvent y apparaitre, du plus classique\u2026\" target=\"_blank\" title=\"Share on Pinterest\"><img decoding=\"async\" src=\"https:\/\/www.europesays.com\/fr\/wp-content\/uploads\/2025\/05\/share_pinterest.png\" alt=\"Share on Pinterest\"\/><\/a><br \/>\n<\/a><\/p>\n<p><a href=\"https:\/\/www.admagazine.com\/articulos\/pequeno-departamento-minimalista-es-modernizado-con-un-toque-de-color#\" target=\"_blank\" rel=\"noopener\">Un petit appartement de 36m2 \u00e0 Paris r\u00e9nov\u00e9<\/a><\/p>\n<p>A small 36m2 flat in Paris, refurbished<\/p>\n<p><a href=\"https:\/\/planete-deco.fr\/wp-content\/uploads\/2025\/12\/SD01.jpg\" target=\"_blank\" rel=\"noopener\"><img decoding=\"async\" loading=\"lazy\" class=\"alignnone wp-image-482445 size-full\" src=\"https:\/\/www.europesays.com\/fr\/wp-content\/uploads\/2025\/12\/SD01-1365x2048.jpg\" alt=\"cuisine d\u00e9coration design petit appartement 36m2 Paris avec table jaune et pav\u00e9s de verre\" width=\"1365\" height=\"2048\"  \/><a class=\"pin-btn\" data-pin-custom=\"true\" href=\"https:\/\/pinterest.com\/pin\/create\/button\/?url=https:\/\/planete-deco.fr\/2025\/12\/28\/la-semaine-decoration-et-design-273\/&amp;media=https:\/\/planete-deco.fr\/wp-content\/uploads\/2025\/12\/SD01.jpg&amp;description=La semaine d\u00e9coration et design vous propose de d\u00e9couvrir des reportages int\u00e9ressants pour tous les amoureux de la d\u00e9coration contemporaine (ou pas). Tous les styles peuvent y apparaitre, du plus classique\u2026\" target=\"_blank\" title=\"Share on Pinterest\" rel=\"noopener\"><img decoding=\"async\" src=\"https:\/\/www.europesays.com\/fr\/wp-content\/uploads\/2025\/05\/share_pinterest.png\" alt=\"Share on Pinterest\"\/><\/a><br \/>\n<\/a><\/p>\n<p><a href=\"https:\/\/www.dwell.com\/article\/house-64-ooiio-architecture-tiny-apartment-renovation-f148520d\" target=\"_blank\" rel=\"noopener\">Un petit appartement design en couleurs \u00e0 Madrid<\/a><\/p>\n<p>A small, colourful designer flat in Madrid<\/p>\n<p><a href=\"https:\/\/planete-deco.fr\/wp-content\/uploads\/2025\/12\/SD10-1.jpeg\" target=\"_blank\" rel=\"noopener\"><img decoding=\"async\" loading=\"lazy\" class=\"alignnone wp-image-482455 size-full\" src=\"https:\/\/www.europesays.com\/fr\/wp-content\/uploads\/2025\/12\/SD10-1-1536x1138.jpeg\" alt=\"salon et cuisine ouverte d\u00e9coration design en couleur petit appartement Madrid\" width=\"1536\" height=\"1138\"  \/><a class=\"pin-btn\" data-pin-custom=\"true\" href=\"https:\/\/pinterest.com\/pin\/create\/button\/?url=https:\/\/planete-deco.fr\/2025\/12\/28\/la-semaine-decoration-et-design-273\/&amp;media=https:\/\/planete-deco.fr\/wp-content\/uploads\/2025\/12\/SD10-1.jpeg&amp;description=La semaine d\u00e9coration et design vous propose de d\u00e9couvrir des reportages int\u00e9ressants pour tous les amoureux de la d\u00e9coration contemporaine (ou pas). Tous les styles peuvent y apparaitre, du plus classique\u2026\" target=\"_blank\" title=\"Share on Pinterest\" rel=\"noopener\"><img decoding=\"async\" src=\"https:\/\/www.europesays.com\/fr\/wp-content\/uploads\/2025\/05\/share_pinterest.png\" alt=\"Share on Pinterest\"\/><\/a><br \/>\n<\/a><\/p>\n<p>Shop the look !<br \/><a class=\"shopify\" href=\"https:\/\/shop.planete-deco.fr\/products\/iconik-interior-canape-courbe-3-places-en-tissu-boucle-curvy-blanc-1\" target=\"_blank\" rel=\"noopener\"><img decoding=\"async\" loading=\"lazy\" class=\"shopify alignnone\" src=\"https:\/\/www.europesays.com\/fr\/wp-content\/uploads\/2025\/12\/51oKXyLw7pL_50959682-864a-412b-84f0-91ab895ffa4d_720x.jpg\" alt=\"Iconik Interior Canap\u00e9 Courbe 3 Places en Tissu boucl\u00e9 - Curvy Blanc\" width=\"720\" height=\"720\" \/><\/a><a class=\"shopify\" href=\"https:\/\/shop.planete-deco.fr\/products\/vasagle-tabouret-bar-industriel-lot-de-2-chaise-bar-cuisine-avec-dossier-cadre-en-acier-montage-facile-style-industriel-marron-rustique-et-noir-dencre-lbc078b01-1\" target=\"_blank\" rel=\"noopener\"><img decoding=\"async\" loading=\"lazy\" class=\"shopify alignnone\" src=\"https:\/\/www.europesays.com\/fr\/wp-content\/uploads\/2025\/12\/811tE3c9dhL_83127544-8823-4660-82f8-92614413ef1c_720x.jpg\" alt=\"VASAGLE Tabouret Bar Industriel, Lot de 2, Chaise Bar Cuisine, avec Dossier, Cadre en Acier, Montage Facile, Style Industriel, Marron Rustique et Noir d'encre LBC078B01\" width=\"720\" height=\"720\" \/><\/a><a class=\"shopify\" href=\"https:\/\/shop.planete-deco.fr\/products\/kare-design-table-schickeria-noir-bois-mdf-pied-en-acier-minimaliste-table-a-manger-table-ronde-pour-4-personnes-salle-a-manger-salon-bureau-o110\" target=\"_blank\" rel=\"noopener\"><img decoding=\"async\" loading=\"lazy\" class=\"shopify alignnone\" src=\"https:\/\/www.europesays.com\/fr\/wp-content\/uploads\/2025\/12\/51HFkO4KOFL_720x.jpg\" alt=\"Kare Design Table Schickeria, noir, bois MDF, pied en acier, minimaliste, table a manger, table ronde pour 4 personnes, salle \u00e0 manger, salon, bureau, \u00d8110\" width=\"720\" height=\"720\" \/><\/a><a class=\"shopify\" href=\"https:\/\/shop.planete-deco.fr\/products\/chaise-nordique-ajouree-chaise-en-treillis-metallique-dossier-en-fer-forge-creatif-chaise-simple-coiffeuse-banquet-occasionnel-dinant-la-chaise-hotel-salle-a-manger-color-silver\" target=\"_blank\" rel=\"noopener\"><img decoding=\"async\" loading=\"lazy\" class=\"shopify alignnone\" src=\"https:\/\/www.europesays.com\/fr\/wp-content\/uploads\/2025\/12\/41hfcbaeQeL_c983043c-54b3-424c-a422-68bcf2b70546_720x.jpg\" alt=\"Chaise Nordique ajour\u00e9e Chaise en Treillis m\u00e9tallique Dossier en Fer forg\u00e9 cr\u00e9atif Chaise Simple Coiffeuse Banquet Occasionnel dinant la Chaise h\u00f4tel Salle \u00e0 Manger (Color : Silver)\" width=\"500\" height=\"500\" \/><\/a><br \/>Livres<br \/><a class=\"shopify\" href=\"https:\/\/shop.planete-deco.fr\/products\/maisons-architectures-dexception\" target=\"_blank\" rel=\"noopener\"><img decoding=\"async\" loading=\"lazy\" class=\"shopify alignnone\" src=\"https:\/\/www.europesays.com\/fr\/wp-content\/uploads\/2025\/12\/51ffc2uttDL_720x.jpg\" alt=\"Maisons: Architectures d'exception\" width=\"382\" height=\"500\" \/><\/a><a class=\"shopify\" href=\"https:\/\/shop.planete-deco.fr\/collections\/livres\/products\/new-english-style-timeless-interiors\" target=\"_blank\" rel=\"noopener\"><img decoding=\"async\" loading=\"lazy\" class=\"shopify alignnone\" src=\"https:\/\/www.europesays.com\/fr\/wp-content\/uploads\/2025\/12\/816XRsVSGXL_720x.jpg\" alt=\"New English Style: Timeless Interiors\" width=\"720\" height=\"946\" \/><\/a><a class=\"shopify\" href=\"https:\/\/shop.planete-deco.fr\/collections\/livres\/products\/interieurs-chaleureux-la-magie-de-la-couleur\" target=\"_blank\" rel=\"noopener\"><img decoding=\"async\" loading=\"lazy\" class=\"shopify alignnone\" src=\"https:\/\/www.europesays.com\/fr\/wp-content\/uploads\/2025\/12\/61YtmfsZkWL_720x.jpg\" alt=\"Int\u00e9rieurs chaleureux - La magie de la couleur\" width=\"720\" height=\"968\" \/><\/a><\/p>\n","protected":false},"excerpt":{"rendered":"La semaine d\u00e9coration et design vous propose de d\u00e9couvrir des reportages int\u00e9ressants pour tous les amoureux de la&hellip;\n","protected":false},"author":2,"featured_media":628093,"comment_status":"","ping_status":"","sticky":false,"template":"","format":"standard","meta":{"footnotes":""},"categories":[1358],"tags":[1348,1384,1385,1386,58,59,1011,27],"class_list":{"0":"post-628092","1":"post","2":"type-post","3":"status-publish","4":"format-standard","5":"has-post-thumbnail","7":"category-arts-et-design","8":"tag-arts","9":"tag-arts-and-design","10":"tag-arts-et-design","11":"tag-design","12":"tag-divertissement","13":"tag-entertainment","14":"tag-fr","15":"tag-france"},"share_on_mastodon":{"url":"https:\/\/pubeurope.com\/@fr\/115804122896669678","error":""},"_links":{"self":[{"href":"https:\/\/www.europesays.com\/fr\/wp-json\/wp\/v2\/posts\/628092","targetHints":{"allow":["GET"]}}],"collection":[{"href":"https:\/\/www.europesays.com\/fr\/wp-json\/wp\/v2\/posts"}],"about":[{"href":"https:\/\/www.europesays.com\/fr\/wp-json\/wp\/v2\/types\/post"}],"author":[{"embeddable":true,"href":"https:\/\/www.europesays.com\/fr\/wp-json\/wp\/v2\/users\/2"}],"replies":[{"embeddable":true,"href":"https:\/\/www.europesays.com\/fr\/wp-json\/wp\/v2\/comments?post=628092"}],"version-history":[{"count":0,"href":"https:\/\/www.europesays.com\/fr\/wp-json\/wp\/v2\/posts\/628092\/revisions"}],"wp:featuredmedia":[{"embeddable":true,"href":"https:\/\/www.europesays.com\/fr\/wp-json\/wp\/v2\/media\/628093"}],"wp:attachment":[{"href":"https:\/\/www.europesays.com\/fr\/wp-json\/wp\/v2\/media?parent=628092"}],"wp:term":[{"taxonomy":"category","embeddable":true,"href":"https:\/\/www.europesays.com\/fr\/wp-json\/wp\/v2\/categories?post=628092"},{"taxonomy":"post_tag","embeddable":true,"href":"https:\/\/www.europesays.com\/fr\/wp-json\/wp\/v2\/tags?post=628092"}],"curies":[{"name":"wp","href":"https:\/\/api.w.org\/{rel}","templated":true}]}}