{"id":628118,"date":"2025-12-29T18:03:18","date_gmt":"2025-12-29T18:03:18","guid":{"rendered":"https:\/\/www.europesays.com\/fr\/628118\/"},"modified":"2025-12-29T18:03:18","modified_gmt":"2025-12-29T18:03:18","slug":"football-ligue-2-sur-quelle-chaine-tele-regarder-le-choc-le-mans","status":"publish","type":"post","link":"https:\/\/www.europesays.com\/fr\/628118\/","title":{"rendered":"Football. Ligue 2 : sur quelle cha\u00eene t\u00e9l\u00e9 regarder le choc Le Mans"},"content":{"rendered":"<p>Le choc. Ce samedi (20 heures), le calendrier a g\u00e2t\u00e9 les suiveurs de la Ligue 2\u00a0: une confrontation entre Le Mans et Saint-\u00c9tienne. Un match qui, en d\u00e9but de saison, paraissait d\u00e9s\u00e9quilibr\u00e9 entre le promu de National et le rel\u00e9gu\u00e9 de Ligue 1. Mais \u00e0 la mi-championnat, les deux \u00e9quipes ne sont s\u00e9par\u00e9es que par la diff\u00e9rence de buts\u00a0: +10 pour les Verts contre +5 pour les Manceaux.<\/p>\n<p>Les joueurs de l&rsquo;ASSE, irr\u00e9guliers cette saison comme en attestent la victoire sur la pelouse du leader Troyes <a href=\"https:\/\/www.ledauphine.com\/sport\/2025\/11\/08\/saint-etienne-se-relance-chez-le-leader\" target=\"_blank\" rel=\"noopener\">(3-2)<\/a>\u00a0et le match nul \u00e0 domicile contre la lanterne rouge Bastia <a href=\"https:\/\/www.ledauphine.com\/sport\/2025\/12\/13\/sans-ame-l-asse-cale-encore\" target=\"_blank\" rel=\"noopener\">(2-2)<\/a>\u00a0lors de la derni\u00e8re rencontre de 2025 alors que les Corses n&rsquo;avaient, jusque-l\u00e0, pas marqu\u00e9 le moindre but \u00e0 l&rsquo;ext\u00e9rieur, vont devoir se m\u00e9fier d&rsquo;une formation en tr\u00e8s grande forme.<\/p>\n<p>Les hommes de la Sarthe, dirig\u00e9s par Patrick Videira, restent sur une incroyable s\u00e9rie. Ils n&rsquo;ont plus connu la d\u00e9faite depuis le 12 septembre chez eux contre Rodez (0-1) soit une s\u00e9rie de 15 matches sans d\u00e9faite toutes comp\u00e9titions confondues eux qui\u00a0recevront\u00a0Nancy, tombeur de Grenoble <a href=\"https:\/\/www.ledauphine.com\/sport\/2025\/12\/20\/la-porte-ou-le-reve-suivez-le-32e-de-finale-gf38-nancy-en-direct\" target=\"_blank\" rel=\"noopener\">(1-1, 3-5, t.a.b.)<\/a>, en <a href=\"https:\/\/www.ledauphine.com\/sport\/2025\/12\/22\/coupe-de-france-decouvrez-la-programmation-complete-des-16es-de-finale\" target=\"_blank\" rel=\"noopener\">16es de finale<\/a> de la Coupe de France, apr\u00e8s avoir \u00e9limin\u00e9 <a href=\"https:\/\/www.ledauphine.com\/sport\/2025\/12\/15\/asse-gf38-ol-om-le-programme-complet-des-32es-de-finale\" target=\"_blank\" rel=\"noopener\">P\u00e9rigny (R1, 2-1)<\/a>.<\/p>\n<p><a href=\"https:\/\/www.ledauphine.com\/sport\/calendrier-resultats\/football\/national-ligue-2\" target=\"_blank\" rel=\"noopener\"><strong>&gt;&gt;\u00a0Les r\u00e9sultats, le classement et le calendrier de Ligue 2<\/strong><\/a><\/p>\n<p>Au cours de cette s\u00e9rie, les hommes d&rsquo;<a href=\"https:\/\/www.ledauphine.com\/p\/eirik-horneland\" target=\"_blank\" rel=\"noopener\">Eirik Horneland<\/a>, \u00e9limin\u00e9s <a href=\"https:\/\/www.ledauphine.com\/sport\/2025\/12\/21\/plombee-par-son-manque-de-realisme-l-asse-relance-nice-et-quitte-la-competition\" target=\"_blank\" rel=\"noopener\">par Nice en Coupe de France (2-1)<\/a>, avaient subi la loi des joueurs du Mans qui \u00e9taient venus faire un coup \u00e0 Geoffroy-Guichard <a href=\"https:\/\/www.ledauphine.com\/sport\/2025\/10\/18\/les-verts-perdent-pied\" target=\"_blank\" rel=\"noopener\">(2-3)<\/a>. Le dernier match en terres mancelles remonte \u00e0 la saison 2009-2010. Les deux \u00e9quipes \u00e9taient alors en Ligue 1.<\/p>\n<p>Les Manceaux de S\u00e9bastien Corchia et d&rsquo;Anthony Le Tallec, buteur ce jour-l\u00e0, avaient tenu en \u00e9chec (1-1) la bande de J\u00e9r\u00e9my Janot, Ilan, qui avait ouvert le score, K\u00e9vin Mirallas et consorts.<\/p>\n<p>La rencontre sera \u00e0 suivre sur beIN Sports 2.<\/p>\n","protected":false},"excerpt":{"rendered":"Le choc. Ce samedi (20 heures), le calendrier a g\u00e2t\u00e9 les suiveurs de la Ligue 2\u00a0: une confrontation&hellip;\n","protected":false},"author":2,"featured_media":628119,"comment_status":"","ping_status":"","sticky":false,"template":"","format":"standard","meta":{"footnotes":""},"categories":[9653],"tags":[1111,11,9443,2430,1777,674,1701,1011,27,12636,3367,12,25,4001,517,1947,2205],"class_list":{"0":"post-628118","1":"post","2":"type-post","3":"status-publish","4":"format-standard","5":"has-post-thumbnail","7":"category-saint-etienne","8":"tag-actu","9":"tag-actualites","10":"tag-asse-as-saint-etienne","11":"tag-auvergne-rhone-alpes","12":"tag-eu","13":"tag-europe","14":"tag-fil-info-sport","15":"tag-fr","16":"tag-france","17":"tag-ligue-2-football","18":"tag-loire","19":"tag-news","20":"tag-republique-francaise","21":"tag-saint-etienne","22":"tag-sport","23":"tag-sport-national","24":"tag-television-medias"},"share_on_mastodon":{"url":"https:\/\/pubeurope.com\/@fr\/115804176644781094","error":""},"_links":{"self":[{"href":"https:\/\/www.europesays.com\/fr\/wp-json\/wp\/v2\/posts\/628118","targetHints":{"allow":["GET"]}}],"collection":[{"href":"https:\/\/www.europesays.com\/fr\/wp-json\/wp\/v2\/posts"}],"about":[{"href":"https:\/\/www.europesays.com\/fr\/wp-json\/wp\/v2\/types\/post"}],"author":[{"embeddable":true,"href":"https:\/\/www.europesays.com\/fr\/wp-json\/wp\/v2\/users\/2"}],"replies":[{"embeddable":true,"href":"https:\/\/www.europesays.com\/fr\/wp-json\/wp\/v2\/comments?post=628118"}],"version-history":[{"count":0,"href":"https:\/\/www.europesays.com\/fr\/wp-json\/wp\/v2\/posts\/628118\/revisions"}],"wp:featuredmedia":[{"embeddable":true,"href":"https:\/\/www.europesays.com\/fr\/wp-json\/wp\/v2\/media\/628119"}],"wp:attachment":[{"href":"https:\/\/www.europesays.com\/fr\/wp-json\/wp\/v2\/media?parent=628118"}],"wp:term":[{"taxonomy":"category","embeddable":true,"href":"https:\/\/www.europesays.com\/fr\/wp-json\/wp\/v2\/categories?post=628118"},{"taxonomy":"post_tag","embeddable":true,"href":"https:\/\/www.europesays.com\/fr\/wp-json\/wp\/v2\/tags?post=628118"}],"curies":[{"name":"wp","href":"https:\/\/api.w.org\/{rel}","templated":true}]}}