{"id":628122,"date":"2025-12-29T18:05:12","date_gmt":"2025-12-29T18:05:12","guid":{"rendered":"https:\/\/www.europesays.com\/fr\/628122\/"},"modified":"2025-12-29T18:05:12","modified_gmt":"2025-12-29T18:05:12","slug":"en-etat-de-demence-un-homme-saccage-un-barber-shop-et-blesse-trois-policiers-avant-detre-interpelle","status":"publish","type":"post","link":"https:\/\/www.europesays.com\/fr\/628122\/","title":{"rendered":"en \u00e9tat de d\u00e9mence, un homme saccage un barber shop et blesse trois policiers avant d&rsquo;\u00eatre interpell\u00e9"},"content":{"rendered":"<p>                    Par<br \/>\n        <strong><br \/>\n            <a href=\"https:\/\/actu.fr\/auteur\/pierre-emile-bouchy-actu-fr\" title=\"Consulter tous les articles de Paul-Emile Bouchy\" target=\"_blank\" rel=\"noopener\">Paul-Emile Bouchy<\/a><br \/>\n                    <\/strong><\/p>\n<p>        Publi\u00e9 le<\/p>\n<p>            29 d\u00e9c. 2025 \u00e0 17h34        <\/p>\n<p>Dimanche 28\u00a0d\u00e9cembre, <strong>une sc\u00e8ne violente a eu lieu dans un barber shop<\/strong> situ\u00e9 rue de Metz, \u00e0 <a href=\"https:\/\/actu.fr\/grand-est\/nancy_54395\" target=\"_blank\" rel=\"noopener\">Nancy<\/a> (Meurthe-et-Moselle). Seul \u00e0 l\u2019int\u00e9rieur*,<strong> un homme de 33\u00a0ans a saccag\u00e9 l\u2019int\u00e9rieur du salon<\/strong>.<\/p>\n<p class=\" wall-content\">La <a href=\"https:\/\/actu.fr\/tag\/police\" target=\"_blank\" rel=\"noopener\">police<\/a> est intervenue pour l\u2019interpeller. <strong>Trois agents ont \u00e9t\u00e9 bless\u00e9s<\/strong> lors de l\u2019intervention.<\/p>\n<p>L\u2019homme ma\u00eetris\u00e9 par la police gr\u00e2ce \u00e0 un taser\u00a0<\/p>\n<p class=\" wall-content\">Les faits ont eu lieu vers 15h15. D\u2019apr\u00e8s la police, l\u2019homme \u00e9tait <strong>\u00ab\u2009en grande d\u00e9tresse psychique\u2009\u00bb et \u00ab\u2009incontr\u00f4lable\u2009\u00bb<\/strong>.<\/p>\n<p class=\" wall-content\">En voulant l\u2019interpeller, trois policiers ont \u00e9t\u00e9 bless\u00e9s dont un qui a d\u00fb recevoir des points de suture.<\/p>\n<p class=\" wall-content\">Pour ma\u00eetriser l\u2019individu, les forces de l\u2019ordre ont d\u00fb faire <strong>usage de leur pistolet \u00e0 impulsion \u00e9lectrique (souvent appel\u00e9 taser)<\/strong>. L\u2019individu a ensuite \u00e9t\u00e9 <strong>conduit aux urgences psychiatriques<\/strong>.<\/p>\n<p class=\" wall-content\">*A ce stade, on ne sait pas comment ni pourquoi l\u2019individu a p\u00e9n\u00e9tr\u00e9 dans le salon.<\/p>\n<p class=\" wall-content\">Personnalisez votre actualit\u00e9 en ajoutant vos villes et m\u00e9dias en favori avec <a href=\"https:\/\/moncompte.actu.fr\" title=\"D\u00e9couvez Mon Actu\" rel=\"nofollow noopener\" data-trk=\"{&quot;cta&quot;:{&quot;action&quot;:&quot;https:\\\/\\\/moncompte.actu.fr&quot;,&quot;category&quot;:&quot;mon compte&quot;,&quot;from&quot;:&quot;article footer&quot;,&quot;name&quot;:&quot;Mon actu&quot;,&quot;type&quot;:&quot;cta&quot;}}\" target=\"_blank\">Mon Actu<\/a>.<\/p>\n","protected":false},"excerpt":{"rendered":"Par Paul-Emile Bouchy Publi\u00e9 le 29 d\u00e9c. 2025 \u00e0 17h34 Dimanche 28\u00a0d\u00e9cembre, une sc\u00e8ne violente a eu lieu&hellip;\n","protected":false},"author":2,"featured_media":628123,"comment_status":"","ping_status":"","sticky":false,"template":"","format":"standard","meta":{"footnotes":""},"categories":[9635],"tags":[1111,11,1777,674,118,1011,27,775,1702,12,1072,25],"class_list":{"0":"post-628122","1":"post","2":"type-post","3":"status-publish","4":"format-standard","5":"has-post-thumbnail","7":"category-nancy","8":"tag-actu","9":"tag-actualites","10":"tag-eu","11":"tag-europe","12":"tag-faits-divers","13":"tag-fr","14":"tag-france","15":"tag-grand-est","16":"tag-nancy","17":"tag-news","18":"tag-police","19":"tag-republique-francaise"},"share_on_mastodon":{"url":"https:\/\/pubeurope.com\/@fr\/115804184506070584","error":""},"_links":{"self":[{"href":"https:\/\/www.europesays.com\/fr\/wp-json\/wp\/v2\/posts\/628122","targetHints":{"allow":["GET"]}}],"collection":[{"href":"https:\/\/www.europesays.com\/fr\/wp-json\/wp\/v2\/posts"}],"about":[{"href":"https:\/\/www.europesays.com\/fr\/wp-json\/wp\/v2\/types\/post"}],"author":[{"embeddable":true,"href":"https:\/\/www.europesays.com\/fr\/wp-json\/wp\/v2\/users\/2"}],"replies":[{"embeddable":true,"href":"https:\/\/www.europesays.com\/fr\/wp-json\/wp\/v2\/comments?post=628122"}],"version-history":[{"count":0,"href":"https:\/\/www.europesays.com\/fr\/wp-json\/wp\/v2\/posts\/628122\/revisions"}],"wp:featuredmedia":[{"embeddable":true,"href":"https:\/\/www.europesays.com\/fr\/wp-json\/wp\/v2\/media\/628123"}],"wp:attachment":[{"href":"https:\/\/www.europesays.com\/fr\/wp-json\/wp\/v2\/media?parent=628122"}],"wp:term":[{"taxonomy":"category","embeddable":true,"href":"https:\/\/www.europesays.com\/fr\/wp-json\/wp\/v2\/categories?post=628122"},{"taxonomy":"post_tag","embeddable":true,"href":"https:\/\/www.europesays.com\/fr\/wp-json\/wp\/v2\/tags?post=628122"}],"curies":[{"name":"wp","href":"https:\/\/api.w.org\/{rel}","templated":true}]}}