{"id":628140,"date":"2025-12-29T18:14:14","date_gmt":"2025-12-29T18:14:14","guid":{"rendered":"https:\/\/www.europesays.com\/fr\/628140\/"},"modified":"2025-12-29T18:14:14","modified_gmt":"2025-12-29T18:14:14","slug":"plusieurs-commerces-ont-ouvert-a-rennes-en-decembre-voici-lesquels","status":"publish","type":"post","link":"https:\/\/www.europesays.com\/fr\/628140\/","title":{"rendered":"Plusieurs commerces ont ouvert \u00e0 Rennes en d\u00e9cembre\u00a0: voici lesquels"},"content":{"rendered":"<p>La fin d\u2019ann\u00e9e a \u00e9t\u00e9 calme au niveau des ouvertures de commerces \u00e0 Rennes. Sans compter les bars et restaurants, seules cinq boutiques ont ouvert leurs portes dans diff\u00e9rents quartiers de la ville. De la friperie, au fleuriste en passant par le supermarch\u00e9 z\u00e9ro d\u00e9chet : voici la liste (non exhaustive) de ces nouveaux venus.<\/p>\n<p>&#8211;<strong>Super Tout Nu<\/strong>, <a href=\"https:\/\/www.letelegramme.fr\/ille-et-vilaine\/rennes-35000\/un-geste-pour-la-planete-un-supermarche-zero-emballage-sinstalle-a-rennes-6946876.php\" target=\"_blank\" rel=\"noopener\">supermarch\u00e9 z\u00e9ro d\u00e9chet<\/a>, 5 rue de la Chauss\u00e9e<\/p>\n<p>&#8211;<strong>Fripe mood states<\/strong>, friperie, 7 rue Victor Hugo<\/p>\n<p>&#8211;<strong>Skin Laser &amp; co<\/strong>, centre \u00e9pilation laser, 23 place des lices<\/p>\n<p>&#8211;<strong>Gaillarde<\/strong>, fleuriste, 19 rue des munitionnettes<\/p>\n<p>&#8211;<strong>Pop upcycling<\/strong>, magasin de cr\u00e9atrices, 7 quai Lamennais<\/p>\n<p><strong>Si vous avez ouvert en d\u00e9cembre, mais que vous ne figurez pas dans notre article, ou si vous souhaitez annoncer votre future ouverture, n\u2019h\u00e9sitez pas \u00e0 nous contacter \u00e0 rennes@letelegramme.fr<\/strong><\/p>\n","protected":false},"excerpt":{"rendered":"La fin d\u2019ann\u00e9e a \u00e9t\u00e9 calme au niveau des ouvertures de commerces \u00e0 Rennes. Sans compter les bars&hellip;\n","protected":false},"author":2,"featured_media":628141,"comment_status":"","ping_status":"","sticky":false,"template":"","format":"standard","meta":{"footnotes":""},"categories":[2821],"tags":[1111,11,829,2033,1777,674,1011,27,848,12,584,25],"class_list":{"0":"post-628140","1":"post","2":"type-post","3":"status-publish","4":"format-standard","5":"has-post-thumbnail","7":"category-rennes","8":"tag-actu","9":"tag-actualites","10":"tag-bretagne","11":"tag-commerces-a-rennes","12":"tag-eu","13":"tag-europe","14":"tag-fr","15":"tag-france","16":"tag-ille-et-vilaine","17":"tag-news","18":"tag-rennes","19":"tag-republique-francaise"},"share_on_mastodon":{"url":"https:\/\/pubeurope.com\/@fr\/115804220048286155","error":""},"_links":{"self":[{"href":"https:\/\/www.europesays.com\/fr\/wp-json\/wp\/v2\/posts\/628140","targetHints":{"allow":["GET"]}}],"collection":[{"href":"https:\/\/www.europesays.com\/fr\/wp-json\/wp\/v2\/posts"}],"about":[{"href":"https:\/\/www.europesays.com\/fr\/wp-json\/wp\/v2\/types\/post"}],"author":[{"embeddable":true,"href":"https:\/\/www.europesays.com\/fr\/wp-json\/wp\/v2\/users\/2"}],"replies":[{"embeddable":true,"href":"https:\/\/www.europesays.com\/fr\/wp-json\/wp\/v2\/comments?post=628140"}],"version-history":[{"count":0,"href":"https:\/\/www.europesays.com\/fr\/wp-json\/wp\/v2\/posts\/628140\/revisions"}],"wp:featuredmedia":[{"embeddable":true,"href":"https:\/\/www.europesays.com\/fr\/wp-json\/wp\/v2\/media\/628141"}],"wp:attachment":[{"href":"https:\/\/www.europesays.com\/fr\/wp-json\/wp\/v2\/media?parent=628140"}],"wp:term":[{"taxonomy":"category","embeddable":true,"href":"https:\/\/www.europesays.com\/fr\/wp-json\/wp\/v2\/categories?post=628140"},{"taxonomy":"post_tag","embeddable":true,"href":"https:\/\/www.europesays.com\/fr\/wp-json\/wp\/v2\/tags?post=628140"}],"curies":[{"name":"wp","href":"https:\/\/api.w.org\/{rel}","templated":true}]}}