{"id":628176,"date":"2025-12-29T18:34:10","date_gmt":"2025-12-29T18:34:10","guid":{"rendered":"https:\/\/www.europesays.com\/fr\/628176\/"},"modified":"2025-12-29T18:34:10","modified_gmt":"2025-12-29T18:34:10","slug":"paris-fernand-72-ans-retrouve-mort-probablement-de-froid-dans-la-rue-du-centre-emmaus-ou-il-etait-heberge","status":"publish","type":"post","link":"https:\/\/www.europesays.com\/fr\/628176\/","title":{"rendered":"Paris : Fernand, 72 ans, retrouv\u00e9 mort probablement de froid dans la rue du centre Emma\u00fcs o\u00f9 il \u00e9tait h\u00e9berg\u00e9"},"content":{"rendered":"<p class=\"paragraph text_align_left lp-f-body-02\">Ils sont quelques-uns \u00e0 prendre l\u2019air sur le large trottoir du boulevard Berthier, dans le XVIIe arrondissement de Paris. Chacun dans son coin, \u00e0 peine s\u2019\u00e9changent-ils allumettes et cigarettes, quelques mots tout au plus. Des hommes sortis de la rue depuis \u00e0 peine trois mois qui ont trouv\u00e9 refuge dans le centre d\u2019h\u00e9bergement ouvert ici en octobre, \u00e0 quelques m\u00e8tres du tribunal de Paris, par Emma\u00fcs.<\/p>\n","protected":false},"excerpt":{"rendered":"Ils sont quelques-uns \u00e0 prendre l\u2019air sur le large trottoir du boulevard Berthier, dans le XVIIe arrondissement de&hellip;\n","protected":false},"author":2,"featured_media":628177,"comment_status":"","ping_status":"","sticky":false,"template":"","format":"standard","meta":{"footnotes":""},"categories":[1888],"tags":[1111,1928,11,1927,1777,674,1011,27,1944,12,1926,626,1925,25],"class_list":{"0":"post-628176","1":"post","2":"type-post","3":"status-publish","4":"format-standard","5":"has-post-thumbnail","7":"category-paris","8":"tag-actu","9":"tag-actu-paris","10":"tag-actualites","11":"tag-actualites-paris","12":"tag-eu","13":"tag-europe","14":"tag-fr","15":"tag-france","16":"tag-ma-ville","17":"tag-news","18":"tag-news-paris","19":"tag-paris","20":"tag-paris-news","21":"tag-republique-francaise"},"share_on_mastodon":{"url":"https:\/\/pubeurope.com\/@fr\/115804298561715134","error":""},"_links":{"self":[{"href":"https:\/\/www.europesays.com\/fr\/wp-json\/wp\/v2\/posts\/628176","targetHints":{"allow":["GET"]}}],"collection":[{"href":"https:\/\/www.europesays.com\/fr\/wp-json\/wp\/v2\/posts"}],"about":[{"href":"https:\/\/www.europesays.com\/fr\/wp-json\/wp\/v2\/types\/post"}],"author":[{"embeddable":true,"href":"https:\/\/www.europesays.com\/fr\/wp-json\/wp\/v2\/users\/2"}],"replies":[{"embeddable":true,"href":"https:\/\/www.europesays.com\/fr\/wp-json\/wp\/v2\/comments?post=628176"}],"version-history":[{"count":0,"href":"https:\/\/www.europesays.com\/fr\/wp-json\/wp\/v2\/posts\/628176\/revisions"}],"wp:featuredmedia":[{"embeddable":true,"href":"https:\/\/www.europesays.com\/fr\/wp-json\/wp\/v2\/media\/628177"}],"wp:attachment":[{"href":"https:\/\/www.europesays.com\/fr\/wp-json\/wp\/v2\/media?parent=628176"}],"wp:term":[{"taxonomy":"category","embeddable":true,"href":"https:\/\/www.europesays.com\/fr\/wp-json\/wp\/v2\/categories?post=628176"},{"taxonomy":"post_tag","embeddable":true,"href":"https:\/\/www.europesays.com\/fr\/wp-json\/wp\/v2\/tags?post=628176"}],"curies":[{"name":"wp","href":"https:\/\/api.w.org\/{rel}","templated":true}]}}