{"id":628187,"date":"2025-12-29T18:40:10","date_gmt":"2025-12-29T18:40:10","guid":{"rendered":"https:\/\/www.europesays.com\/fr\/628187\/"},"modified":"2025-12-29T18:40:10","modified_gmt":"2025-12-29T18:40:10","slug":"poutine-a-affirme-a-trump-que-sa-demeure-avait-ete-attaquee-par-lukraine","status":"publish","type":"post","link":"https:\/\/www.europesays.com\/fr\/628187\/","title":{"rendered":"Poutine a affirm\u00e9 \u00e0 Trump que sa demeure avait \u00e9t\u00e9 attaqu\u00e9e par l&rsquo;Ukraine"},"content":{"rendered":"<p>Lors d\u2019un appel t\u00e9l\u00e9phonique avec le pr\u00e9sident am\u00e9ricain Donald Trump, le dirigeant russe Vladimir Poutine a d\u00e9clar\u00e9 que l\u2019Ukraine avait tent\u00e9 d\u2019attaquer sa r\u00e9sidence dans le nord-ouest de la Russie avec des drones \u00e0 longue port\u00e9e. Cela serait survenu presque imm\u00e9diatement apr\u00e8s les discussions de M.\u00a0Trump avec le dirigeant ukrainien Volodymir Zelensky dimanche.<\/p>\n<p>Cette attaque \u00abne restera certainement pas sans r\u00e9ponse\u00bb, a d\u00e9clar\u00e9 le conseiller aux affaires \u00e9trang\u00e8res de M.\u00a0Poutine, Yuri Ushakov, ajoutant que Moscou allait d\u00e9sormais revoir sa position dans les n\u00e9gociations.<\/p>\n<p>M.\u00a0Zelensky a ni\u00e9 l\u2019attaque rapport\u00e9e par la Russie, affirmant qu\u2019il s\u2019agit d\u2019une tentative de manipulation du processus de paix. Il a soutenu qu\u2019il s\u2019agissait d\u2019un \u00abautre mensonge\u00bb et que cela venait du fait que Moscou \u00e9tait d\u00e9concert\u00e9e par les progr\u00e8s des efforts de paix.<\/p>\n<p>Le ministre russe des Affaires \u00e9trang\u00e8res, Sergue\u00ef Lavrov, a indiqu\u00e9 que l\u2019Ukraine avait lanc\u00e9 une attaque contre la r\u00e9sidence de M.\u00a0Poutine dans la r\u00e9gion nord-ouest de Novgorod dans la nuit de dimanche \u00e0 lundi \u00e0 l\u2019aide de 91\u00a0drones \u00e0 longue port\u00e9e.<\/p>\n<p>L\u2019appel de lundi entre M.\u00a0Trump et M.\u00a0Poutine a somme toute \u00e9t\u00e9 positif, selon la porte-parole de la Maison-Blanche, Karoline Leavitt.<\/p>\n<p>Les deux dirigeants s\u2019\u00e9taient \u00e9galement entretenus avant les discussions entre MM.\u00a0Trump et Zelensky dimanche, alors que le pr\u00e9sident am\u00e9ricain tente d\u2019amener les deux pays \u00e0 un accord.<\/p>\n<p>M.\u00a0Ushakov a affirm\u00e9 que M.\u00a0Trump poussait l\u2019Ukraine \u00e0 rechercher un accord de paix global et \u00e0 ne pas exiger de cessez-le-feu qui donnerait un temps de repos \u00e0 ses troupes. M.\u00a0Poutine a \u00e9galement insist\u00e9 sur un r\u00e8glement complet avant toute tr\u00eave.<\/p>\n<p><b>Garanties de s\u00e9curit\u00e9<\/b><\/p>\n<p>M.\u00a0Zelensky a d\u00e9clar\u00e9 lundi que les \u00c9tats-Unis offraient \u00e0 l\u2019Ukraine des garanties de s\u00e9curit\u00e9 pour une dur\u00e9e de 15\u00a0ans dans le cadre d\u2019un projet de plan de paix, a d\u00e9clar\u00e9 lundi le pr\u00e9sident ukrainien Volodymyr Zelensky. Il a toutefois pr\u00e9cis\u00e9 qu\u2019il privil\u00e9gierait un engagement am\u00e9ricain pouvant aller jusqu\u2019\u00e0 50\u00a0ans afin de dissuader la Russie de toute nouvelle tentative d\u2019annexion par la force du territoire ukrainien.<\/p>\n<p>Le pr\u00e9sident am\u00e9ricain Donald Trump a re\u00e7u M.\u00a0Zelensky dimanche dans sa r\u00e9sidence de Floride et a insist\u00e9 sur le fait que l\u2019Ukraine et la Russie \u00e9taient \u00abplus proches que jamais\u00bb d\u2019un accord de paix.<\/p>\n<p>Les n\u00e9gociateurs recherchent toujours une avanc\u00e9e d\u00e9cisive sur des points cl\u00e9s, notamment le retrait des forces de chaque camp et le sort de la centrale nucl\u00e9aire de Zaporijia, occup\u00e9e par la Russie et l\u2019une des dix plus importantes au monde. M.\u00a0Trump a soulign\u00e9 que les n\u00e9gociations, men\u00e9es par les \u00c9tats-Unis depuis des mois, pourraient encore \u00e9chouer.<\/p>\n<p>\u00abSans garanties de s\u00e9curit\u00e9, soyons r\u00e9alistes, cette guerre ne prendra pas fin\u00bb, a dit M.\u00a0Zelensky aux journalistes par messages vocaux, en r\u00e9ponse \u00e0 des questions envoy\u00e9es via WhatsApp.<\/p>\n<p>L\u2019Ukraine est en conflit avec la Russie depuis 2014, date \u00e0 laquelle cette derni\u00e8re a annex\u00e9 ill\u00e9galement la Crim\u00e9e et o\u00f9 des s\u00e9paratistes soutenus par Moscou ont pris les armes dans le Donbass, r\u00e9gion industrielle vitale de l\u2019est du pays.<\/p>\n<p>Les d\u00e9tails des garanties de s\u00e9curit\u00e9 n\u2019ont pas \u00e9t\u00e9 rendus publics, mais M.\u00a0Zelensky a d\u00e9clar\u00e9 lundi qu\u2019elles pr\u00e9voient notamment le suivi de l\u2019accord de paix ainsi que la \u00abpr\u00e9sence\u00bb de partenaires. Il n\u2019a pas donn\u00e9 plus de pr\u00e9cisions, mais la Russie a affirm\u00e9 qu\u2019elle n\u2019accepterait pas le d\u00e9ploiement de troupes de pays membres de l\u2019OTAN en Ukraine.<\/p>\n<p><b>Progression russe<\/b><\/p>\n<p>Alors que tout semble indiquer que les n\u00e9gociations pourraient aboutir en janvier, avant le quatri\u00e8me anniversaire de l\u2019invasion russe du 24\u00a0f\u00e9vrier\u00a02022, M.\u00a0Poutine a affirm\u00e9 lundi que les troupes russes progressaient dans la r\u00e9gion de Donetsk, dans l\u2019est de l\u2019Ukraine, et poursuivaient \u00e9galement leur offensive dans la r\u00e9gion de Zaporijia, dans le sud.<\/p>\n<p>M.\u00a0Poutine a cherch\u00e9 \u00e0 pr\u00e9senter une position de force avant les n\u00e9gociations, alors que les forces ukrainiennes peinent \u00e0 repousser l\u2019arm\u00e9e russe.<\/p>\n<p>Lors d\u2019une r\u00e9union avec des officiers sup\u00e9rieurs, il a \u00e9galement soulign\u00e9 la n\u00e9cessit\u00e9 de cr\u00e9er des zones tampons militaires le long de la fronti\u00e8re. \u00abIl s\u2019agit d\u2019une t\u00e2che tr\u00e8s importante, car elle garantit la s\u00e9curit\u00e9 des r\u00e9gions frontali\u00e8res de la Russie\u00bb, a expliqu\u00e9 M.\u00a0Poutine.<\/p>\n<p>Le pr\u00e9sident fran\u00e7ais Emmanuel Macron a annonc\u00e9 que les alli\u00e9s de Kyiv se r\u00e9uniraient \u00e0 Paris au d\u00e9but du mois de janvier afin de \u00abfinaliser les contributions concr\u00e8tes de chaque pays\u00bb aux garanties de s\u00e9curit\u00e9.<\/p>\n<p>Selon le pr\u00e9sident Zelensky, M.\u00a0Trump a affirm\u00e9 qu\u2019il envisagerait de prolonger les garanties de s\u00e9curit\u00e9 am\u00e9ricaines pour l\u2019Ukraine au-del\u00e0 de 15\u00a0ans. Les garanties seraient approuv\u00e9es par le Congr\u00e8s am\u00e9ricain ainsi que par les parlements des autres pays impliqu\u00e9s dans la supervision de tout accord, a-t-il pr\u00e9cis\u00e9.<\/p>\n<p>M.\u00a0Zelensky a dit souhaiter que le plan de paix en 20\u00a0points actuellement en discussion soit approuv\u00e9 par les Ukrainiens lors d\u2019un r\u00e9f\u00e9rendum national.<\/p>\n<p>Cependant, la tenue d\u2019un tel r\u00e9f\u00e9rendum requiert un cessez-le-feu d\u2019au moins 60\u00a0jours, et Moscou n\u2019a manifest\u00e9 aucune volont\u00e9 de conclure une tr\u00eave sans un accord global.<\/p>\n<p><b>Les Ukrainiens doutent<\/b><\/p>\n<p>Dans les rues enneig\u00e9es de Kyiv, la capitale ukrainienne, les gens se montraient sceptiques quant aux chances de paix.<\/p>\n<p>Un ancien militaire qui utilise le nom de code Sensei, conform\u00e9ment aux r\u00e8gles de l\u2019arm\u00e9e ukrainienne, a d\u00e9clar\u00e9 que le bilan au pouvoir de M.\u00a0Poutine montre qu\u2019on ne peut pas lui faire confiance. Sensei s\u2019est engag\u00e9 dans l\u2019arm\u00e9e en 2022 et a \u00e9t\u00e9 bless\u00e9 cette ann\u00e9e-l\u00e0 lors de la bataille pour la ville ukrainienne de Bakhmut. Aujourd\u2019hui, dit-il, presque personne de sa compagnie n\u2019est encore en vie.<\/p>\n<p>\u00abMais tous ces sacrifices ne sont pas vains, car nous devons prouver (\u2026) que nous existons, que nous avons le droit d\u2019exister, d\u2019avoir notre territoire, notre culture, notre langue\u00bb, a d\u00e9clar\u00e9 cet homme de 65\u00a0ans \u00e0 l\u2019Associated Press.<\/p>\n<p>Denys Shpylovyi, un \u00e9tudiant de 20\u00a0ans qui \u00e9tait rentr\u00e9 chez lui pour les vacances, a affirm\u00e9 que la tendance de M.\u00a0Trump \u00e0 accepter les arguments russes avait mis M.\u00a0Zelensky dans une situation difficile.<\/p>\n<p>\u00abMais je suis reconnaissant pour certains progr\u00e8s. Ils discutent, et peut-\u00eatre qu\u2019un jour, il y aura de l\u2019espoir\u00bb, a-t-il soulign\u00e9.<\/p>\n<p>Oleh Saakian, politologue ukrainien, a affirm\u00e9 que le fait que M.\u00a0Zelensky parvienne \u00e0 \u00e9tablir une relation avec M.\u00a0Trump \u00e9tait un bon signe, tout en remarquant que \u00abrien n\u2019a encore \u00e9t\u00e9 adopt\u00e9, rien n\u2019a encore \u00e9t\u00e9 sign\u00e9\u00bb.<\/p>\n<p>\u00abJe ne pense pas que ces n\u00e9gociations nous rapprochent d\u2019une paix r\u00e9elle, car elles sont fond\u00e9es sur l\u2019\u00e9galit\u00e9 entre l\u2019agresseur et la victime, elles sont fond\u00e9es sur un m\u00e9pris total du droit international et (\u2026) un m\u00e9pris de la s\u00e9curit\u00e9 europ\u00e9enne\u00bb, a-t-il d\u00e9clar\u00e9.<\/p>\n<p>___<\/p>\n<p>Les journalistes de l\u2019Associated Press Vasilisa Stepanenko et Volodymr Yurchuk, \u00e0 Kyiv, en Ukraine, ont contribu\u00e9 \u00e0 cet article.<\/p>\n","protected":false},"excerpt":{"rendered":"Lors d\u2019un appel t\u00e9l\u00e9phonique avec le pr\u00e9sident am\u00e9ricain Donald Trump, le dirigeant russe Vladimir Poutine a d\u00e9clar\u00e9 que&hellip;\n","protected":false},"author":2,"featured_media":628188,"comment_status":"","ping_status":"","sticky":false,"template":"","format":"standard","meta":{"footnotes":""},"categories":[1589],"tags":[11,73,1866,1854,12,1864,1865,1863,308],"class_list":{"0":"post-628187","1":"post","2":"type-post","3":"status-publish","4":"format-standard","5":"has-post-thumbnail","7":"category-etats-unis","8":"tag-actualites","9":"tag-etats-unis","10":"tag-etats-unis-damerique","11":"tag-https-lactualite-com-sujet-international","12":"tag-news","13":"tag-united-states","14":"tag-united-states-of-america","15":"tag-us","16":"tag-usa"},"share_on_mastodon":{"url":"https:\/\/pubeurope.com\/@fr\/115804322202667394","error":""},"_links":{"self":[{"href":"https:\/\/www.europesays.com\/fr\/wp-json\/wp\/v2\/posts\/628187","targetHints":{"allow":["GET"]}}],"collection":[{"href":"https:\/\/www.europesays.com\/fr\/wp-json\/wp\/v2\/posts"}],"about":[{"href":"https:\/\/www.europesays.com\/fr\/wp-json\/wp\/v2\/types\/post"}],"author":[{"embeddable":true,"href":"https:\/\/www.europesays.com\/fr\/wp-json\/wp\/v2\/users\/2"}],"replies":[{"embeddable":true,"href":"https:\/\/www.europesays.com\/fr\/wp-json\/wp\/v2\/comments?post=628187"}],"version-history":[{"count":0,"href":"https:\/\/www.europesays.com\/fr\/wp-json\/wp\/v2\/posts\/628187\/revisions"}],"wp:featuredmedia":[{"embeddable":true,"href":"https:\/\/www.europesays.com\/fr\/wp-json\/wp\/v2\/media\/628188"}],"wp:attachment":[{"href":"https:\/\/www.europesays.com\/fr\/wp-json\/wp\/v2\/media?parent=628187"}],"wp:term":[{"taxonomy":"category","embeddable":true,"href":"https:\/\/www.europesays.com\/fr\/wp-json\/wp\/v2\/categories?post=628187"},{"taxonomy":"post_tag","embeddable":true,"href":"https:\/\/www.europesays.com\/fr\/wp-json\/wp\/v2\/tags?post=628187"}],"curies":[{"name":"wp","href":"https:\/\/api.w.org\/{rel}","templated":true}]}}