{"id":628190,"date":"2025-12-29T18:42:11","date_gmt":"2025-12-29T18:42:11","guid":{"rendered":"https:\/\/www.europesays.com\/fr\/628190\/"},"modified":"2025-12-29T18:42:11","modified_gmt":"2025-12-29T18:42:11","slug":"lallemagne-et-le-royaume-uni-renforcent-leur-alliance-avec-un-contrat-darmement-de-61-millions-deuros-business-am","status":"publish","type":"post","link":"https:\/\/www.europesays.com\/fr\/628190\/","title":{"rendered":"L\u2019Allemagne et le Royaume-Uni renforcent leur alliance avec un contrat d\u2019armement de 61 millions d\u2019euros\u00a0 &#8211; Business AM"},"content":{"rendered":"<p>Principaux renseignements<\/p>\n<ul class=\"wp-block-list\">\n<li><strong>L\u2019Allemagne et le Royaume-Uni renforcent leur alliance militaire gr\u00e2ce \u00e0 un accord de 61 millions d\u2019euros portant sur l\u2019achat conjoint de syst\u00e8mes d\u2019artillerie mobiles avanc\u00e9s.<\/strong><\/li>\n<li><strong>Le syst\u00e8me d\u2019artillerie RCH 155, capable de tirer tout en se d\u00e9pla\u00e7ant et d\u2019une port\u00e9e sup\u00e9rieure \u00e0 70 kilom\u00e8tres, renforcera consid\u00e9rablement la puissance de feu des deux pays.<\/strong><\/li>\n<li><strong>L\u2019accord s\u2019appuie sur des collaborations ant\u00e9rieures visant le d\u00e9veloppement d\u2019armes de pr\u00e9cision \u00e0 longue port\u00e9e et l\u2019intensification de la chasse aux sous-marins.<\/strong><\/li>\n<\/ul>\n<p>L\u2019Allemagne et le <a href=\"https:\/\/fr.businessam.be\/annee-record-pour-les-exportations-de-defense-britanniques-20-milliards-de-livres-grace-a-dimportants-contrats-avec-norvege-et-turquie\/\" target=\"_blank\" rel=\"noreferrer noopener\">Royaume-Uni<\/a> renforcent leur alliance militaire gr\u00e2ce \u00e0 un important contrat d\u2019armement. L\u2019accord porte sur l\u2019achat conjoint de syst\u00e8mes d\u2019artillerie mobiles avanc\u00e9s d\u2019une valeur d\u2019environ 61 millions d\u2019euros.<\/p>\n<p>Puissance de feu accrue<\/p>\n<p>Cet achat \u00e9quipera les deux pays du syst\u00e8me RCH 155, une puissante plate-forme d\u2019artillerie mont\u00e9e sur des v\u00e9hicules blind\u00e9s. Ces syst\u00e8mes peuvent notamment tirer en mouvement et poss\u00e8dent une port\u00e9e impressionnante de plus de 70 kilom\u00e8tres. La phase initiale du contrat pr\u00e9voit la livraison d\u2019une unit\u00e9 de d\u00e9monstration \u00e0 l\u2019arm\u00e9e britannique, suivie de deux unit\u00e9s destin\u00e9es \u00e0 l\u2019Allemagne, principalement \u00e0 des fins de test.<\/p>\n<p>Le RCH 155 poss\u00e8de des capacit\u00e9s remarquables : une cadence de tir allant jusqu\u2019\u00e0 huit coups par minute, un fonctionnement par un \u00e9quipage minimal de deux soldats et une port\u00e9e op\u00e9rationnelle exceptionnelle allant jusqu\u2019\u00e0 700 kilom\u00e8tres sans ravitaillement. Ce syst\u00e8me d\u2019artillerie avanc\u00e9 illustre l\u2019engagement des deux pays \u00e0 moderniser leurs arsenaux militaires.<\/p>\n<p>Accord ant\u00e9rieur<\/p>\n<p>La vente d\u2019armes s\u2019appuie sur un accord conclu en mai entre l\u2019Allemagne et le Royaume-Uni. Les deux pays se sont engag\u00e9s \u00e0 d\u00e9velopper conjointement une arme de pr\u00e9cision \u00e0 longue port\u00e9e, dans le but de mener des \u201cfrappes de pr\u00e9cision en profondeur\u201d, c\u2019est\u2011\u00e0\u2011dire visant des cibles ennemies \u00e0 l\u2019int\u00e9rieur du territoire ennemi.\u00a0<\/p>\n<p>La collaboration va au-del\u00e0 de l\u2019artillerie. Les deux pays ont convenu d\u2019intensifier leur coop\u00e9ration dans le domaine de la chasse aux sous-marins, renfor\u00e7ant ainsi leur partenariat par le biais de l&rsquo;\u00a0\u00bbaccord de Trinity House\u00a0\u00bb, un pacte de coop\u00e9ration militaire bilat\u00e9rale.<\/p>\n<p>R\u00e9agir aux menaces<\/p>\n<p>Le ministre allemand de la D\u00e9fense, Boris Pistorius, a soulign\u00e9 que cette initiative constituait une r\u00e9ponse directe \u00e0 l\u2019\u00e9volution du paysage s\u00e9curitaire. Son homologue britannique, John Healey, a soulign\u00e9 l\u2019\u00e9troitesse sans pr\u00e9c\u00e9dent du partenariat de s\u00e9curit\u00e9 entre les deux nations. Il a dit que cet effort de collaboration permet non seulement de renforcer les capacit\u00e9s de d\u00e9fense, mais aussi de stimuler la croissance \u00e9conomique, d\u2019attirer les investissements et de cr\u00e9er des opportunit\u00e9s d\u2019emploi dans les deux pays. (uv)<\/p>\n<p><a href=\"https:\/\/news.google.com\/publications\/CAowtseUCw?hl=fr&amp;gl=BE&amp;ceid=BE%3Afr\" target=\"_blank\" rel=\"noopener\">Suivez \u00e9galement Business AM sur Google Actualit\u00e9s<\/a><\/p>\n<p><a href=\"https:\/\/portalfr.businessam.be\/plans\/business-am-fr-offre-dete\/\" target=\"_blank\" rel=\"noopener\">Si vous souhaitez acc\u00e9der \u00e0 tous les articles, abonnez-vous ici!<\/a><\/p>\n","protected":false},"excerpt":{"rendered":"Principaux renseignements L\u2019Allemagne et le Royaume-Uni renforcent leur alliance militaire gr\u00e2ce \u00e0 un accord de 61 millions d\u2019euros&hellip;\n","protected":false},"author":2,"featured_media":628191,"comment_status":"","ping_status":"","sticky":false,"template":"","format":"standard","meta":{"footnotes":""},"categories":[1587],"tags":[11,672,8164,1804,73760,1805,1803,1777,674,1801,8163,12,1802,473],"class_list":{"0":"post-628190","1":"post","2":"type-post","3":"status-publish","4":"format-standard","5":"has-post-thumbnail","7":"category-allemagne","8":"tag-actualites","9":"tag-allemagne","10":"tag-boris-pistorius","11":"tag-bundesrepublik-deutschland","12":"tag-contrat-darmement","13":"tag-de","14":"tag-deutschland","15":"tag-eu","16":"tag-europe","17":"tag-germany","18":"tag-john-healey","19":"tag-news","20":"tag-republique-federale-dallemagne","21":"tag-royaume-uni"},"share_on_mastodon":{"url":"https:\/\/pubeurope.com\/@fr\/115804330381498632","error":""},"_links":{"self":[{"href":"https:\/\/www.europesays.com\/fr\/wp-json\/wp\/v2\/posts\/628190","targetHints":{"allow":["GET"]}}],"collection":[{"href":"https:\/\/www.europesays.com\/fr\/wp-json\/wp\/v2\/posts"}],"about":[{"href":"https:\/\/www.europesays.com\/fr\/wp-json\/wp\/v2\/types\/post"}],"author":[{"embeddable":true,"href":"https:\/\/www.europesays.com\/fr\/wp-json\/wp\/v2\/users\/2"}],"replies":[{"embeddable":true,"href":"https:\/\/www.europesays.com\/fr\/wp-json\/wp\/v2\/comments?post=628190"}],"version-history":[{"count":0,"href":"https:\/\/www.europesays.com\/fr\/wp-json\/wp\/v2\/posts\/628190\/revisions"}],"wp:featuredmedia":[{"embeddable":true,"href":"https:\/\/www.europesays.com\/fr\/wp-json\/wp\/v2\/media\/628191"}],"wp:attachment":[{"href":"https:\/\/www.europesays.com\/fr\/wp-json\/wp\/v2\/media?parent=628190"}],"wp:term":[{"taxonomy":"category","embeddable":true,"href":"https:\/\/www.europesays.com\/fr\/wp-json\/wp\/v2\/categories?post=628190"},{"taxonomy":"post_tag","embeddable":true,"href":"https:\/\/www.europesays.com\/fr\/wp-json\/wp\/v2\/tags?post=628190"}],"curies":[{"name":"wp","href":"https:\/\/api.w.org\/{rel}","templated":true}]}}