{"id":628213,"date":"2025-12-29T19:00:11","date_gmt":"2025-12-29T19:00:11","guid":{"rendered":"https:\/\/www.europesays.com\/fr\/628213\/"},"modified":"2025-12-29T19:00:11","modified_gmt":"2025-12-29T19:00:11","slug":"si-nous-restons-immobiles-nous-mourrons-nouveautes-economies-la-contre-attaque-de-france-televisions","status":"publish","type":"post","link":"https:\/\/www.europesays.com\/fr\/628213\/","title":{"rendered":"\u00ab\u00a0Si nous restons immobiles, nous mourrons\u00a0\u00bb\u00a0: nouveaut\u00e9s, \u00e9conomies\u2026 la contre-attaque de France T\u00e9l\u00e9visions"},"content":{"rendered":"<p class=\"paragraph text_align_left lp-f-body-02\">Une ann\u00e9e mouvement\u00e9e pour <a href=\"https:\/\/www.leparisien.fr\/culture-loisirs\/france-tv\/\" target=\"_blank\" rel=\"noreferrer noopener\">France T\u00e9l\u00e9visions<\/a>. Soumis aux al\u00e9as de la crise politico-budg\u00e9taire, le groupe a d\u00fb faire dans l\u2019urgence d\u2019importantes \u00e9conomies qu\u2019il devra poursuivre l\u2019ann\u00e9e prochaine. Il a aussi essuy\u00e9 un feu nourri de critiques \u00e9manant aussi bien <a href=\"https:\/\/www.leparisien.fr\/culture-loisirs\/tv\/ce-que-contient-le-rapport-de-la-cour-des-comptes-sur-france-televisions-23-09-2025-FLPX4ZIAFRGCLDMAHCKXWLXHO4.php\" target=\"_blank\" rel=\"noreferrer noopener\">de la Cour des comptes<\/a> que d\u2019une partie de la classe politique et m\u00e9diatique. <\/p>\n<p class=\"\">Depuis novembre, il doit aussi r\u00e9pondre aux questions <a href=\"https:\/\/www.leparisien.fr\/culture-loisirs\/tv\/commission-denquete-sur-laudiovisuel-public-ce-quil-faut-retenir-des-auditions-de-patrick-cohen-et-thomas-legrand-18-12-2025-PB2JGAUBJNC5ZDZUWG67F7IWRI.php\" target=\"_blank\" rel=\"noreferrer noopener\">d\u2019une commission d\u2019enqu\u00eate<\/a> sur sa neutralit\u00e9 \u00e0 l\u2019Assembl\u00e9e. Retour sur ces points chauds avec St\u00e9phane Sitbon-Gomez, le directeur des programmes et de l\u2019information de France T\u00e9l\u00e9visions, qui \u00e9voque aussi les projets \u00e0 venir.<\/p>\n","protected":false},"excerpt":{"rendered":"Une ann\u00e9e mouvement\u00e9e pour France T\u00e9l\u00e9visions. Soumis aux al\u00e9as de la crise politico-budg\u00e9taire, le groupe a d\u00fb faire&hellip;\n","protected":false},"author":2,"featured_media":628214,"comment_status":"","ping_status":"","sticky":false,"template":"","format":"standard","meta":{"footnotes":""},"categories":[1356],"tags":[872,58,59,1011,27,252,2205,1364],"class_list":{"0":"post-628213","1":"post","2":"type-post","3":"status-publish","4":"format-standard","5":"has-post-thumbnail","7":"category-television","8":"tag-culture-et-loisirs","9":"tag-divertissement","10":"tag-entertainment","11":"tag-fr","12":"tag-france","13":"tag-television","14":"tag-television-medias","15":"tag-tv"},"share_on_mastodon":{"url":"https:\/\/pubeurope.com\/@fr\/115804400877723681","error":""},"_links":{"self":[{"href":"https:\/\/www.europesays.com\/fr\/wp-json\/wp\/v2\/posts\/628213","targetHints":{"allow":["GET"]}}],"collection":[{"href":"https:\/\/www.europesays.com\/fr\/wp-json\/wp\/v2\/posts"}],"about":[{"href":"https:\/\/www.europesays.com\/fr\/wp-json\/wp\/v2\/types\/post"}],"author":[{"embeddable":true,"href":"https:\/\/www.europesays.com\/fr\/wp-json\/wp\/v2\/users\/2"}],"replies":[{"embeddable":true,"href":"https:\/\/www.europesays.com\/fr\/wp-json\/wp\/v2\/comments?post=628213"}],"version-history":[{"count":0,"href":"https:\/\/www.europesays.com\/fr\/wp-json\/wp\/v2\/posts\/628213\/revisions"}],"wp:featuredmedia":[{"embeddable":true,"href":"https:\/\/www.europesays.com\/fr\/wp-json\/wp\/v2\/media\/628214"}],"wp:attachment":[{"href":"https:\/\/www.europesays.com\/fr\/wp-json\/wp\/v2\/media?parent=628213"}],"wp:term":[{"taxonomy":"category","embeddable":true,"href":"https:\/\/www.europesays.com\/fr\/wp-json\/wp\/v2\/categories?post=628213"},{"taxonomy":"post_tag","embeddable":true,"href":"https:\/\/www.europesays.com\/fr\/wp-json\/wp\/v2\/tags?post=628213"}],"curies":[{"name":"wp","href":"https:\/\/api.w.org\/{rel}","templated":true}]}}