{"id":628215,"date":"2025-12-29T19:01:19","date_gmt":"2025-12-29T19:01:19","guid":{"rendered":"https:\/\/www.europesays.com\/fr\/628215\/"},"modified":"2025-12-29T19:01:19","modified_gmt":"2025-12-29T19:01:19","slug":"jul-repond-sechement-a-booba-sur-ses-ventes-qui-veut-test","status":"publish","type":"post","link":"https:\/\/www.europesays.com\/fr\/628215\/","title":{"rendered":"Jul r\u00e9pond s\u00e8chement \u00e0 Booba sur ses ventes : \u00ab\u00a0qui veut test ?\u00a0\u00bb"},"content":{"rendered":"<p itemprop=\"description\"><strong>Critiqu\u00e9 pour avoir eu recours \u00e0 une petite astuce lors de la sortie de son dernier album, Jul a d\u00e9cid\u00e9 de ne pas se laisser faire et de c\u00e9l\u00e9brer les chiffres de sa troisi\u00e8me semaine exceptionnelle.<\/strong><\/p>\n<p><strong>Les chiffres sont devenus un sujet central dans la musique,<\/strong> et <strong>notamment dans le rap fran\u00e7ais, o\u00f9 les ventes servent d&rsquo;argument dans la comp\u00e9tition, ou les clashs<\/strong>, entre les rappeurs. Il y a deux semaines, <strong>Jul<\/strong> <strong>marquait l&rsquo;histoire avec son album \u00ab\u00a0TP sur TP\u00a0\u00bb<\/strong> qui r\u00e9alisait <a href=\"https:\/\/generations.fr\/news\/coulisse\/80746\/jul-realise-le-deuxieme-plus-gros-demarrage-de-l-histoire-avec-tp-sur-tp\" target=\"_blank\" rel=\"noopener\">le deuxi\u00e8me plus gros d\u00e9marrage de l&rsquo;histoire du rap fran\u00e7ais<\/a>. Des critiques sont tomb\u00e9es de partout, notamment de la part de Booba. Mais au lieu de lui r\u00e9pondre directement et de s&#8217;embarquer dans un clash sans fin, <strong>Jul a d\u00e9cid\u00e9 de faire taire tous ses haineux d&rsquo;un coup.<\/strong><\/p>\n<p>On vous remet le contexte : apr\u00e8s avoir <strong>\u00e9coul\u00e9 134 000 exemplaires de son album \u00ab\u00a0TP sur TP\u00a0\u00bb en une semaine<\/strong>, Jul a notamment \u00e9t\u00e9 <a href=\"https:\/\/generations.fr\/news\/musique\/80744\/booba-se-lache-sur-jul-en-story-instagram-et-l-accuse-de-tricher-sur-ses-ventes-de-son-dernier-album\" target=\"_blank\" rel=\"noopener\"><strong>vis\u00e9 par Booba qui l&rsquo;accusait de \u00ab\u00a0tricher\u00a0\u00bb<\/strong><\/a> sur ses ventes en <strong>incluant des albums physiques dans les packs pour vendre ses places de concert<\/strong> pour les mois \u00e0 venir. Mais si tous ses chiffres \u00e9taient \u00ab\u00a0truqu\u00e9s\u00a0\u00bb, le J devrait normalement voir ses ventes baisser consid\u00e9rablement lors des semaines suivantes. Sauf que voil\u00e0 : <strong>3 semaines apr\u00e8s la sortie de l&rsquo;album, le marseillais a encore enregistr\u00e9 16 500 ventes suppl\u00e9mentaires pour son projet.<\/strong><\/p>\n<p>Evidemment, le marseillais en a profit\u00e9 pour c\u00e9l\u00e9brer tout \u00e7a avec ses fans via un message post\u00e9 sur ses r\u00e9seaux sociaux : <strong>\u00ab\u00a0Et blablabli et blablabla \u2026 16 000 en 3\u00e8me semaine ! #QUIVEUTTESTLATEAMJUL\u00a0\u00bb<\/strong>. Un message qui semble directement adress\u00e9 \u00e0 des d\u00e9tracteurs, avec Booba en t\u00eate de file : <strong>8 000 ventes en streaming et 8 500 en physique, qui peut le traiter de tricheur d\u00e9sormais?<\/strong> Trois semaines apr\u00e8s la sortie de son album, Jul continue de cartonner avec son projet. Et ce n&rsquo;est probablement pas fini : le rappeur a m\u00eame <a href=\"https:\/\/generations.fr\/news\/coulisse\/80800\/jul-veut-faire-un-film-sur-sa-vie-il-y-a-des-choses-que-vous-ne-savez-pas\" target=\"_blank\" rel=\"noopener\">annonc\u00e9 qu&rsquo;il travaillait sur un film sur sa vie<\/a>. Attendez-vous \u00e0 encore beaucoup entendre parler de lui pendant les prochains mois !<\/p><\/p>\n","protected":false},"excerpt":{"rendered":"Critiqu\u00e9 pour avoir eu recours \u00e0 une petite astuce lors de la sortie de son dernier album, Jul&hellip;\n","protected":false},"author":2,"featured_media":628216,"comment_status":"","ping_status":"","sticky":false,"template":"","format":"standard","meta":{"footnotes":""},"categories":[1355],"tags":[1111,67642,11,2163,58,59,1011,27,3612,3620,3606,3607,3605,3608,3617,3615,3609,1922,1361,873,12,2189,3658,1825,67643,3616,3656,67641,3619,3621,3611,3610,2955,3655],"class_list":{"0":"post-628215","1":"post","2":"type-post","3":"status-publish","4":"format-standard","5":"has-post-thumbnail","7":"category-musique","8":"tag-actu","9":"tag-actu-rap","10":"tag-actualites","11":"tag-chroniques","12":"tag-divertissement","13":"tag-entertainment","14":"tag-fr","15":"tag-france","16":"tag-freestyles","17":"tag-funk","18":"tag-generation","19":"tag-generation88-2","20":"tag-generations","21":"tag-generations88-2","22":"tag-hip-hop","23":"tag-hiphop","24":"tag-hiphopsoul","25":"tag-info","26":"tag-music","27":"tag-musique","28":"tag-news","29":"tag-photos","30":"tag-playlist","31":"tag-radio","32":"tag-radio-rap","33":"tag-rap","34":"tag-rapfr","35":"tag-rapus","36":"tag-reggae","37":"tag-rnb","38":"tag-sons","39":"tag-soul","40":"tag-videos","41":"tag-webradio"},"share_on_mastodon":{"url":"https:\/\/pubeurope.com\/@fr\/115804404761232012","error":""},"_links":{"self":[{"href":"https:\/\/www.europesays.com\/fr\/wp-json\/wp\/v2\/posts\/628215","targetHints":{"allow":["GET"]}}],"collection":[{"href":"https:\/\/www.europesays.com\/fr\/wp-json\/wp\/v2\/posts"}],"about":[{"href":"https:\/\/www.europesays.com\/fr\/wp-json\/wp\/v2\/types\/post"}],"author":[{"embeddable":true,"href":"https:\/\/www.europesays.com\/fr\/wp-json\/wp\/v2\/users\/2"}],"replies":[{"embeddable":true,"href":"https:\/\/www.europesays.com\/fr\/wp-json\/wp\/v2\/comments?post=628215"}],"version-history":[{"count":0,"href":"https:\/\/www.europesays.com\/fr\/wp-json\/wp\/v2\/posts\/628215\/revisions"}],"wp:featuredmedia":[{"embeddable":true,"href":"https:\/\/www.europesays.com\/fr\/wp-json\/wp\/v2\/media\/628216"}],"wp:attachment":[{"href":"https:\/\/www.europesays.com\/fr\/wp-json\/wp\/v2\/media?parent=628215"}],"wp:term":[{"taxonomy":"category","embeddable":true,"href":"https:\/\/www.europesays.com\/fr\/wp-json\/wp\/v2\/categories?post=628215"},{"taxonomy":"post_tag","embeddable":true,"href":"https:\/\/www.europesays.com\/fr\/wp-json\/wp\/v2\/tags?post=628215"}],"curies":[{"name":"wp","href":"https:\/\/api.w.org\/{rel}","templated":true}]}}