{"id":628275,"date":"2025-12-29T19:31:10","date_gmt":"2025-12-29T19:31:10","guid":{"rendered":"https:\/\/www.europesays.com\/fr\/628275\/"},"modified":"2025-12-29T19:31:10","modified_gmt":"2025-12-29T19:31:10","slug":"a-bordeaux-des-militants-ciblent-largent-public-alloue-a-la-filiere-du-foie-gras","status":"publish","type":"post","link":"https:\/\/www.europesays.com\/fr\/628275\/","title":{"rendered":"\u00c0 Bordeaux, des militants ciblent l\u2019argent public allou\u00e9 \u00e0 la fili\u00e8re du foie gras"},"content":{"rendered":"<p>L\u2019Obsaf est une toute jeune association, cr\u00e9\u00e9e dans le P\u00e9rigord en fin d\u2019ann\u00e9e 2024. Comptant une dizaine de membres actifs avec des adh\u00e9rents un peu partout en France, cet observatoire s\u2019est int\u00e9ress\u00e9 cette ann\u00e9e au foie gras dans la r\u00e9gion Nouvelle-Aquitaine dans un rapport qu\u2019il a finalement mis pr\u00e8s d\u2019une ann\u00e9e \u00e0 boucler, devant \u00ab\u00a0le manque de transparence de certaines administrations\u00a0\u00bb, explique-t-elle. Apr\u00e8s avoir manifest\u00e9 \u00e0 Tulle (19) le 20\u00a0d\u00e9cembre dernier <a href=\"https:\/\/www.sudouest.fr\/societe\/animaux\/soutiens-a-la-filiere-foie-gras-l-observatoire-nouveau-mode-operatoire-des-defenseurs-de-la-cause-animale-27238720.php\" target=\"_blank\" rel=\"noopener\">puis P\u00e9rigueux (le matin)<\/a> et Bordeaux (l\u2019apr\u00e8s-midi) ce 29\u00a0d\u00e9cembre, ces membres doivent plancher sur un nouveau rapport l\u2019ann\u00e9e prochaine\u00a0: ils veulent s\u2019int\u00e9resser \u00e0 la fili\u00e8re porcine.<\/p>\n","protected":false},"excerpt":{"rendered":"L\u2019Obsaf est une toute jeune association, cr\u00e9\u00e9e dans le P\u00e9rigord en fin d\u2019ann\u00e9e 2024. Comptant une dizaine de&hellip;\n","protected":false},"author":2,"featured_media":628276,"comment_status":"","ping_status":"","sticky":false,"template":"","format":"standard","meta":{"footnotes":""},"categories":[2817],"tags":[1111,11,1997,1777,674,1011,27,12,2219,25],"class_list":{"0":"post-628275","1":"post","2":"type-post","3":"status-publish","4":"format-standard","5":"has-post-thumbnail","7":"category-bordeaux","8":"tag-actu","9":"tag-actualites","10":"tag-bordeaux","11":"tag-eu","12":"tag-europe","13":"tag-fr","14":"tag-france","15":"tag-news","16":"tag-nouvelle-aquitaine","17":"tag-republique-francaise"},"share_on_mastodon":{"url":"https:\/\/pubeurope.com\/@fr\/115804522655522302","error":""},"_links":{"self":[{"href":"https:\/\/www.europesays.com\/fr\/wp-json\/wp\/v2\/posts\/628275","targetHints":{"allow":["GET"]}}],"collection":[{"href":"https:\/\/www.europesays.com\/fr\/wp-json\/wp\/v2\/posts"}],"about":[{"href":"https:\/\/www.europesays.com\/fr\/wp-json\/wp\/v2\/types\/post"}],"author":[{"embeddable":true,"href":"https:\/\/www.europesays.com\/fr\/wp-json\/wp\/v2\/users\/2"}],"replies":[{"embeddable":true,"href":"https:\/\/www.europesays.com\/fr\/wp-json\/wp\/v2\/comments?post=628275"}],"version-history":[{"count":0,"href":"https:\/\/www.europesays.com\/fr\/wp-json\/wp\/v2\/posts\/628275\/revisions"}],"wp:featuredmedia":[{"embeddable":true,"href":"https:\/\/www.europesays.com\/fr\/wp-json\/wp\/v2\/media\/628276"}],"wp:attachment":[{"href":"https:\/\/www.europesays.com\/fr\/wp-json\/wp\/v2\/media?parent=628275"}],"wp:term":[{"taxonomy":"category","embeddable":true,"href":"https:\/\/www.europesays.com\/fr\/wp-json\/wp\/v2\/categories?post=628275"},{"taxonomy":"post_tag","embeddable":true,"href":"https:\/\/www.europesays.com\/fr\/wp-json\/wp\/v2\/tags?post=628275"}],"curies":[{"name":"wp","href":"https:\/\/api.w.org\/{rel}","templated":true}]}}