{"id":628297,"date":"2025-12-29T19:44:16","date_gmt":"2025-12-29T19:44:16","guid":{"rendered":"https:\/\/www.europesays.com\/fr\/628297\/"},"modified":"2025-12-29T19:44:16","modified_gmt":"2025-12-29T19:44:16","slug":"paris-un-homme-retrouve-mort-probablement-a-cause-du-froid","status":"publish","type":"post","link":"https:\/\/www.europesays.com\/fr\/628297\/","title":{"rendered":"Paris : Un homme retrouv\u00e9 mort, probablement \u00e0 cause du froid"},"content":{"rendered":"<p class=\"mb-4 text-lg md:leading-8 break-words\"><strong>Drame &#8211; L\u2019homme d\u00e9c\u00e9d\u00e9 a \u00e9t\u00e9 identifi\u00e9 par le responsable d\u2019un foyer Emma\u00fcs voisin du 17e\u00a0arrondissement de Paris o\u00f9 il \u00e9tait h\u00e9berg\u00e9<\/strong><\/p>\n<p class=\"mb-4 text-lg md:leading-8 break-words\">Le froid et la <a href=\"https:\/\/www.20minutes.fr\/societe\/precarite\/?at_medium=RSS%20feed&amp;at_campaign=ynews&amp;utm_source=yahoo&amp;utm_medium=rss&amp;utm_campaign=news_feed&amp;utm_content=in_article_link\" rel=\"nofollow noopener\" target=\"_blank\" data-ylk=\"slk:pr\u00e9carit\u00e9;elm:context_link;itc:0;sec:content-canvas\" class=\"link \">pr\u00e9carit\u00e9<\/a> ont fait une nouvelle victime \u00e0 <a href=\"https:\/\/www.20minutes.fr\/paris\/?at_medium=RSS%20feed&amp;at_campaign=ynews&amp;utm_source=yahoo&amp;utm_medium=rss&amp;utm_campaign=news_feed&amp;utm_content=in_article_link\" rel=\"nofollow noopener\" target=\"_blank\" data-ylk=\"slk:Paris;elm:context_link;itc:0;sec:content-canvas\" class=\"link \">Paris<\/a>. Ce dimanche en fin d\u2019apr\u00e8s-midi, le corps d\u2019un homme h\u00e9berg\u00e9 dans un foyer, probablement d\u00e9c\u00e9d\u00e9 \u00e0 cause du froid, a \u00e9t\u00e9 d\u00e9couvert sur la voie publique dans le nord-ouest de Paris.<\/p>\n<p class=\"mb-4 text-lg md:leading-8 break-words\">Les <a href=\"https:\/\/www.20minutes.fr\/dossier\/pompiers?at_medium=RSS%20feed&amp;at_campaign=ynews&amp;utm_source=yahoo&amp;utm_medium=rss&amp;utm_campaign=news_feed&amp;utm_content=in_article_link\" rel=\"nofollow noopener\" target=\"_blank\" data-ylk=\"slk:pompiers;elm:context_link;itc:0;sec:content-canvas\" class=\"link \">pompiers<\/a> ont constat\u00e9 le d\u00e9c\u00e8s peu apr\u00e8s 18 heures, alors qu\u2019ils avaient \u00e9t\u00e9 appel\u00e9s pour un homme inanim\u00e9 sur la voie publique, dans le 17e\u00a0arrondissement de Paris, a rapport\u00e9 cette source. Selon le visionnage des images de la <a href=\"https:\/\/www.20minutes.fr\/dossier\/videosurveillance?at_medium=RSS%20feed&amp;at_campaign=ynews&amp;utm_source=yahoo&amp;utm_medium=rss&amp;utm_campaign=news_feed&amp;utm_content=in_article_link\" rel=\"nofollow noopener\" target=\"_blank\" data-ylk=\"slk:vid\u00e9osurveillance;elm:context_link;itc:0;sec:content-canvas\" class=\"link \">vid\u00e9osurveillance<\/a>, cet homme se trouvait dans la m\u00eame position, inanim\u00e9 au sol, depuis le matin m\u00eame.<\/p>\n<p>Le plan grand froid activ\u00e9 \u00e0 Paris ce dimanche<\/p>\n<p class=\"mb-4 text-lg md:leading-8 break-words\">L\u2019homme d\u00e9c\u00e9d\u00e9, dont l\u2019\u00e2ge n\u2019a pas \u00e9t\u00e9 pr\u00e9cis\u00e9, a \u00e9t\u00e9 identifi\u00e9 par le responsable d\u2019un foyer <a href=\"https:\/\/www.20minutes.fr\/dossier\/emmaus?at_medium=RSS%20feed&amp;at_campaign=ynews&amp;utm_source=yahoo&amp;utm_medium=rss&amp;utm_campaign=news_feed&amp;utm_content=in_article_link\" rel=\"nofollow noopener\" target=\"_blank\" data-ylk=\"slk:Emma\u00fcs;elm:context_link;itc:0;sec:content-canvas\" class=\"link \">Emma\u00fcs<\/a> voisin o\u00f9 il \u00e9tait h\u00e9berg\u00e9, a pr\u00e9cis\u00e9 la source polici\u00e8re.<\/p>\n<p class=\"mb-4 text-lg md:leading-8 break-words\">La pr\u00e9fecture d\u2019<a href=\"https:\/\/www.20minutes.fr\/dossier\/ile-de-france?at_medium=RSS%20feed&amp;at_campaign=ynews&amp;utm_source=yahoo&amp;utm_medium=rss&amp;utm_campaign=news_feed&amp;utm_content=in_article_link\" rel=\"nofollow noopener\" target=\"_blank\" data-ylk=\"slk:Ile-de-France;elm:context_link;itc:0;sec:content-canvas\" class=\"link \">Ile-de-France<\/a> a annonc\u00e9 dimanche avoir activ\u00e9 <a href=\"https:\/\/www.20minutes.fr\/societe\/4193392-20251228-paris-plan-grand-froid-active-capitale-region-parisienne?at_medium=RSS%20feed&amp;at_campaign=ynews&amp;utm_source=yahoo&amp;utm_medium=rss&amp;utm_campaign=news_feed&amp;utm_content=in_article_link\" rel=\"nofollow noopener\" target=\"_blank\" data-ylk=\"slk:le plan grand froid \u00e0 Paris;elm:context_link;itc:0;sec:content-canvas\" class=\"link \">le plan grand froid \u00e0 Paris<\/a>, o\u00f9 une vague de froid doit persister ces prochains jours, avec des temp\u00e9ratures parfois n\u00e9gatives la nuit et ne d\u00e9passant pas 4\u00b0 la journ\u00e9e.<\/p>\n<p class=\"mb-4 text-lg md:leading-8 break-words\">Ce dispositif, d\u00e9clench\u00e9 par plusieurs pr\u00e9fectures en France, permet une extension des horaires d\u2019ouverture des accueils de jour, un renforcement des maraudes et la r\u00e9quisition de lieux pour ouvrir des places d\u2019h\u00e9bergement d\u2019urgence pour les sans-abri.<\/p>\n<p class=\"mb-4 text-lg md:leading-8 break-words\"><a href=\"https:\/\/www.20minutes.fr\/faits_divers\/4193555-20251229-paris-homme-retrouve-mort-probablement-cause-froid?at_medium=RSS%20feed&amp;at_campaign=ynews&amp;utm_source=yahoo&amp;utm_medium=rss&amp;utm_campaign=news_feed&amp;utm_content=read_more_link&quot;\" rel=\"nofollow noopener\" target=\"_blank\" data-ylk=\"slk:Lire la suite sur 20minutes;elm:context_link;itc:0;sec:content-canvas\" class=\"link \">Lire la suite sur 20minutes<\/a><\/p>\n<p>\u00c0 lire aussi :<br \/><a href=\"https:\/\/www.20minutes.fr\/faits_divers\/4187494-20251124-deux-sevres-abri-retrouve-mort-froid?at_medium=RSS%20feed&amp;at_campaign=ynews&amp;utm_source=yahoo&amp;utm_medium=rss&amp;utm_campaign=news_feed&amp;utm_content=related_content_link\" rel=\"nofollow noopener\" target=\"_blank\" data-ylk=\"slk:Deux-S\u00e8vres\u00a0: Un sans-abri retrouv\u00e9 mort de froid;elm:context_link;itc:0;sec:content-canvas\" class=\"link \">Deux-S\u00e8vres\u00a0: Un sans-abri retrouv\u00e9 mort de froid<\/a><br \/><a href=\"https:\/\/www.20minutes.fr\/societe\/4193340-20251227-abri-retrouve-mort-incendie-box-parking-souterrain-13e-arrondissement-paris?at_medium=RSS%20feed&amp;at_campaign=ynews&amp;utm_source=yahoo&amp;utm_medium=rss&amp;utm_campaign=news_feed&amp;utm_content=related_content_link\" rel=\"nofollow noopener\" target=\"_blank\" data-ylk=\"slk:Un sans-abri retrouv\u00e9 mort dans l\u2019incendie d\u2019un box dans un parking souterrain du 13e\u00a0arrondissement \u00e0 Paris;elm:context_link;itc:0;sec:content-canvas\" class=\"link \">Un sans-abri retrouv\u00e9 mort dans l\u2019incendie d\u2019un box dans un parking souterrain du 13e\u00a0arrondissement \u00e0 Paris<\/a><\/p>\n","protected":false},"excerpt":{"rendered":"Drame &#8211; L\u2019homme d\u00e9c\u00e9d\u00e9 a \u00e9t\u00e9 identifi\u00e9 par le responsable d\u2019un foyer Emma\u00fcs voisin du 17e\u00a0arrondissement de Paris&hellip;\n","protected":false},"author":2,"featured_media":628298,"comment_status":"","ping_status":"","sticky":false,"template":"","format":"standard","meta":{"footnotes":""},"categories":[1888],"tags":[5021,1111,1928,11,1927,1777,674,1011,27,5910,12,1926,626,1925,73314,25,66834],"class_list":{"0":"post-628297","1":"post","2":"type-post","3":"status-publish","4":"format-standard","5":"has-post-thumbnail","7":"category-paris","8":"tag-17e-arrondissement-de-paris","9":"tag-actu","10":"tag-actu-paris","11":"tag-actualites","12":"tag-actualites-paris","13":"tag-eu","14":"tag-europe","15":"tag-fr","16":"tag-france","17":"tag-lhomme","18":"tag-news","19":"tag-news-paris","20":"tag-paris","21":"tag-paris-news","22":"tag-plan-grand-froid","23":"tag-republique-francaise","24":"tag-vague-de-froid"},"share_on_mastodon":{"url":"https:\/\/pubeurope.com\/@fr\/115804573934800428","error":""},"_links":{"self":[{"href":"https:\/\/www.europesays.com\/fr\/wp-json\/wp\/v2\/posts\/628297","targetHints":{"allow":["GET"]}}],"collection":[{"href":"https:\/\/www.europesays.com\/fr\/wp-json\/wp\/v2\/posts"}],"about":[{"href":"https:\/\/www.europesays.com\/fr\/wp-json\/wp\/v2\/types\/post"}],"author":[{"embeddable":true,"href":"https:\/\/www.europesays.com\/fr\/wp-json\/wp\/v2\/users\/2"}],"replies":[{"embeddable":true,"href":"https:\/\/www.europesays.com\/fr\/wp-json\/wp\/v2\/comments?post=628297"}],"version-history":[{"count":0,"href":"https:\/\/www.europesays.com\/fr\/wp-json\/wp\/v2\/posts\/628297\/revisions"}],"wp:featuredmedia":[{"embeddable":true,"href":"https:\/\/www.europesays.com\/fr\/wp-json\/wp\/v2\/media\/628298"}],"wp:attachment":[{"href":"https:\/\/www.europesays.com\/fr\/wp-json\/wp\/v2\/media?parent=628297"}],"wp:term":[{"taxonomy":"category","embeddable":true,"href":"https:\/\/www.europesays.com\/fr\/wp-json\/wp\/v2\/categories?post=628297"},{"taxonomy":"post_tag","embeddable":true,"href":"https:\/\/www.europesays.com\/fr\/wp-json\/wp\/v2\/tags?post=628297"}],"curies":[{"name":"wp","href":"https:\/\/api.w.org\/{rel}","templated":true}]}}