{"id":628301,"date":"2025-12-29T19:46:14","date_gmt":"2025-12-29T19:46:14","guid":{"rendered":"https:\/\/www.europesays.com\/fr\/628301\/"},"modified":"2025-12-29T19:46:14","modified_gmt":"2025-12-29T19:46:14","slug":"reveillon-a-paris-les-idees-de-spectacles-pour-feter-2026","status":"publish","type":"post","link":"https:\/\/www.europesays.com\/fr\/628301\/","title":{"rendered":"R\u00e9veillon \u00e0 Paris\u00a0: les id\u00e9es de spectacles pour f\u00eater 2026"},"content":{"rendered":"<p class=\"\">Le compte \u00e0 rebours est lanc\u00e9 pour le <a href=\"https:\/\/www.leparisien.fr\/etudiant\/sortir\/paris\/reveillon\/\" target=\"_blank\" rel=\"noreferrer noopener\">R\u00e9veillon 2026<\/a> ! Si vous \u00eates \u00e0 Paris et cherchez une mani\u00e8re originale de c\u00e9l\u00e9brer le passage \u00e0 la nouvelle ann\u00e9e, les spectacles sont une option id\u00e9ale. Que vous soyez amateur de cirque, de th\u00e9\u00e2tre ou de com\u00e9die musicale, la capitale regorge de propositions pour une soir\u00e9e inoubliable.<\/p>\n<p class=\"\">Voici notre s\u00e9lection d\u2019id\u00e9es sorties pour finir l\u2019ann\u00e9e avec un bon divertissement en famille ou entre amis. 10 spectacles propos\u00e9s \u00e0 Paris ce mercredi 31 d\u00e9cembre.<\/p>\n<p class=\"\">Beaucoup de salles ou spectacles afficheront \u00ab complet \u00bb pour la Saint-Sylvestre, pour \u00ab La Cage aux folles \u00bb au Th\u00e9\u00e2tre du ch\u00e2telet. Voici les adresses o\u00f9 il reste encore des places.<\/p>\n<p>\u00ab Notre-Dame de Paris \u00bb : un classique ind\u00e9modable<\/p>\n<p class=\"\">La com\u00e9die musicale revient pour 12 repr\u00e9sentations exceptionnelles au Palais des Congr\u00e8s, lieu de sa cr\u00e9ation. Depuis, le spectacle musical de Luc Plamondon et Richard Cocciante a \u00e9t\u00e9 ovationn\u00e9 partout sur la plan\u00e8te. Palais des Congr\u00e8s (Paris XVIIe). <a href=\"https:\/\/www.leparisien.fr\/etudiant\/sortir\/paris\/eve-notre-dame-de-paris-reveillon-du-31-paris\/\" target=\"_self\" rel=\"noopener\">Infos et r\u00e9servations<\/a><\/p>\n<p>Kamel le magicien en \u00ab super-h\u00e9ros \u00bb<\/p>\n<p class=\"\">L\u2019une des figures montantes de la magie contemporaine en France. Kamel Le Magicien est de retour pour son nouveau spectacle \u00ab Super H\u00e9ros \u00bb pour les plus grands et plus petits. L\u2019occasion de d\u00e9couvrir ses talents qui m\u00ealent l\u2019humour, la magie, la grande illusion et le mentalisme. Th\u00e9\u00e2tre D\u00e9jazet (Paris IIIe) <a href=\"https:\/\/www.leparisien.fr\/etudiant\/sortir\/paris\/eve-kamel-le-magicien-nouveau-spectacle-reveillon-du-31\/\" target=\"_self\" rel=\"noopener\">Infos et r\u00e9servations<\/a>.<\/p>\n<p>Une com\u00e9die polici\u00e8re interactive<\/p>\n<p class=\"\">La com\u00e9die le \u00ab Dernier coup de ciseaux \u00bb est un classique \u00e0 succ\u00e8s. Un meurtre est commis chaque soir et c\u2019est au public de r\u00e9soudre l\u2019enqu\u00eate. Trente ans de succ\u00e8s et des records de long\u00e9vit\u00e9 aux \u00c9tats-Unis ! Pour une soir\u00e9e du r\u00e9veillon polici\u00e8re. <a href=\"https:\/\/www.leparisien.fr\/etudiant\/sortir\/paris\/eve-dernier-coup-de-ciseaux-au-theatre-des-mathurins-reveillon-31-paris\/\" target=\"_self\" rel=\"noopener\">Infos et r\u00e9servations<\/a>.<\/p>\n<p>\u00ab Jos\u00e9phine Baker le musical \u00bb : le plein d\u2019inspiration<\/p>\n<p class=\"\">\u00c0 travers cette com\u00e9die musicale historique, d\u00e9couvrez le destin musical \u00e9mouvant et festif d\u2019une des femmes les plus inspirantes du XXe si\u00e8cle, port\u00e9 par une troupe de 12 artistes \u00e9clatants qui la font revivre comme par enchantement ! Th\u00e9\u00e2tre Bobino Paris XIVe. <a href=\"https:\/\/www.leparisien.fr\/etudiant\/sortir\/paris\/eve-josephine-baker-le-musical-reveillon-du-31\/\" target=\"_self\" rel=\"noopener\">Infos et r\u00e9servations<\/a>.<\/p>\n<p>\u00ab Un pas de c\u00f4t\u00e9 \u00bb : une bouff\u00e9e de fra\u00eecheur et de charme<\/p>\n<p class=\"\">Le duo magique Isabelle Carr\u00e9 et Bernard Campan a retrouv\u00e9 depuis septembre les planches du Th\u00e9\u00e2tre de la Renaissance : ils donnent vie \u00e0 \u00ab Un pas de c\u00f4t\u00e9 \u00bb, une com\u00e9die subtile et touchante sur les relations humaines et les chemins de traverse de la vie. <a href=\"https:\/\/www.leparisien.fr\/etudiant\/sortir\/paris\/eve-josephine-baker-le-musical-reveillon-du-31\/\" target=\"_self\" rel=\"noopener\">Infos et r\u00e9servations<\/a>.<\/p>\n<p>\u00ab Stomp \u00bb : le plein de rythme<\/p>\n<p class=\"\">Claquements de doigts, tambour \u00e0 base de poubelles, bruits de casseroles ou de journaux\u2026 Un spectacle entre danse, humour et percussions. Plus de 15 millions de spectateurs ont d\u00e9j\u00e0 vu et aim\u00e9 ce spectacle hors du commun, qui sort des sentiers battus pour vous donner la p\u00eache pour la nouvelle ann\u00e9e. <a href=\"https:\/\/www.leparisien.fr\/etudiant\/sortir\/paris\/eve-stomp-reveillon-du-31-paris\/\" target=\"_self\" rel=\"noopener\">Infos et r\u00e9servations<\/a>.<\/p>\n<p>Le Cirque Phenix dans \u00ab Mill\u00e9sime \u00bb<\/p>\n<p class=\"\">Cirque moderne sans animaux ni clown : des acrobaties \u00e0 couper le souffle, une mise en sc\u00e8ne spectaculaire, une intensit\u00e9 artistique hors du commun\u2026 Le c\u00e9l\u00e8bre cirque Phenix qui a fait le tour du monde propose un moment unique \u00e0 vivre pour bien d\u00e9marrer l\u2019ann\u00e9e 2026. <a href=\"https:\/\/www.leparisien.fr\/etudiant\/sortir\/paris\/eve-millesimee-reveillon-du-31\/\" target=\"_self\" rel=\"noopener\">Infos et r\u00e9servations<\/a>.<\/p>\n<p>\u00ab Le cercle des po\u00e8tes disparus \u00bb : \u00e9motion et transmission<\/p>\n<p class=\"\">Port\u00e9e par une troupe exceptionnelle de 18 com\u00e9diens men\u00e9e par Xavier Gallais, cette production hors norme c\u00e9l\u00e8bre l\u2019\u00e9mancipation, l\u2019amiti\u00e9 et la transmission avec une puissance \u00e9motionnelle intacte au Th\u00e9\u00e2tre Libre (Com\u00e9dia), Paris Xe. <a href=\"https:\/\/www.leparisien.fr\/etudiant\/sortir\/paris\/eve-le-cercle-des-poetes-disparus-reveillon-du-31\/\" target=\"_self\" rel=\"noopener\">Infos et r\u00e9servations<\/a>.<\/p>\n<p>\u00ab Chicago \u00bb : un show jubilatoire, chic et sexy<\/p>\n<p class=\"\">La com\u00e9die musicale mythique de Broadway au Casino de Paris avec Shy\u2019m, d\u00e9bordante d\u2019\u00e9nergie dans un des r\u00f4les principaux. Un m\u00e9lange d\u2019humour et de drame, des personnages hauts en couleur, des chor\u00e9graphies \u00e9l\u00e9gantes. <a href=\"https:\/\/www.leparisien.fr\/etudiant\/sortir\/paris\/eve-chicago-le-musical-reveillon-du-31-paris\/\" target=\"_self\" rel=\"noopener\">Infos et r\u00e9servations<\/a>.<\/p>\n<p>\u00ab Le Roi Lion \u00bb : 5e saison !<\/p>\n<p class=\"\">Le musical original de Broadway, Le Roi Lion, poursuit son aventure au Th\u00e9\u00e2tre Mogador pour une cinqui\u00e8me saison. Ce spectacle interg\u00e9n\u00e9rationnel, cr\u00e9\u00e9 par Julie Taymor, ne cesse d\u2019\u00e9merveiller les spectateurs. <a href=\"https:\/\/www.leparisien.fr\/etudiant\/sortir\/paris\/eve-le-roi-lion-mogador-reveillon-du-31\/\" target=\"_self\" rel=\"noopener\">Infos et r\u00e9servations<\/a>.<\/p>\n<p class=\"\">Com\u00e9dies d\u00e9jant\u00e9es, pi\u00e8ces oniriques ou interactives, joyeuses ou grin\u00e7antes, thriller bien ficel\u00e9, consultez le programme <a href=\"https:\/\/www.leparisien.fr\/etudiant\/sortir\/paris\/reveillon\/reveillon-spectacles\/\" target=\"_self\" rel=\"noopener\">des spectacles \u00e0 voir le 31<\/a> d\u00e9cembre \u00e0 Paris.<\/p>\n<p class=\"\">Attention enfin pour vos d\u00e9placements, pour le r\u00e9veillon 2026 \u00e0 Paris il y aura beaucoup de monde dans les rues ! Pour savoir o\u00f9 sortir pour ce mercredi 31 d\u00e9cembre 2025, mais aussi comment se d\u00e9placer, consultez les <a href=\"https:\/\/www.leparisien.fr\/paris-75\/nouvel-an-sur-les-champs-elysees-de-nombreuses-rues-interdites-a-la-circulation-et-au-stationnement-29-12-2025-TZFTQIM3YRFXZIRVHBI2HBDGFI.php\" target=\"_self\" rel=\"noopener\">mesures de s\u00e9curit\u00e9<\/a>, et les <a href=\"https:\/\/www.leparisien.fr\/info-paris-ile-de-france-oise\/transports\/reveillon-du-nouvel-an-decouvrez-quelles-lignes-de-metro-de-rer-et-de-train-seront-ouvertes-gratuitement-toute-la-nuit-22-12-2025-LC2PPQENIREDFJR2IGLOPZH7ZM.php\" target=\"_self\" rel=\"noopener\">plans de transports<\/a> disponibles.<\/p>\n<p class=\"\">Les places de spectacles se feront rares au soir du 31 d\u00e9cembre : alors bon courage pour les derni\u00e8res places disponibles !<\/p>\n","protected":false},"excerpt":{"rendered":"Le compte \u00e0 rebours est lanc\u00e9 pour le R\u00e9veillon 2026 ! Si vous \u00eates \u00e0 Paris et cherchez&hellip;\n","protected":false},"author":2,"featured_media":628302,"comment_status":"","ping_status":"","sticky":false,"template":"","format":"standard","meta":{"footnotes":""},"categories":[1888],"tags":[11,872,1777,674,1011,27,2684,12,626,73769,25,73767,73770,73768,28728],"class_list":{"0":"post-628301","1":"post","2":"type-post","3":"status-publish","4":"format-standard","5":"has-post-thumbnail","7":"category-paris","8":"tag-actualites","9":"tag-culture-et-loisirs","10":"tag-eu","11":"tag-europe","12":"tag-fr","13":"tag-france","14":"tag-le-parisien-etudiant","15":"tag-news","16":"tag-paris","17":"tag-quel-spectacle-pour-le-31-a-paris","18":"tag-republique-francaise","19":"tag-reveillon-2024","20":"tag-reveillon-paris","21":"tag-spectacles-pour-le-reveillon-a-paris","22":"tag-vie-etudiante"},"share_on_mastodon":{"url":"https:\/\/pubeurope.com\/@fr\/115804581806488219","error":""},"_links":{"self":[{"href":"https:\/\/www.europesays.com\/fr\/wp-json\/wp\/v2\/posts\/628301","targetHints":{"allow":["GET"]}}],"collection":[{"href":"https:\/\/www.europesays.com\/fr\/wp-json\/wp\/v2\/posts"}],"about":[{"href":"https:\/\/www.europesays.com\/fr\/wp-json\/wp\/v2\/types\/post"}],"author":[{"embeddable":true,"href":"https:\/\/www.europesays.com\/fr\/wp-json\/wp\/v2\/users\/2"}],"replies":[{"embeddable":true,"href":"https:\/\/www.europesays.com\/fr\/wp-json\/wp\/v2\/comments?post=628301"}],"version-history":[{"count":0,"href":"https:\/\/www.europesays.com\/fr\/wp-json\/wp\/v2\/posts\/628301\/revisions"}],"wp:featuredmedia":[{"embeddable":true,"href":"https:\/\/www.europesays.com\/fr\/wp-json\/wp\/v2\/media\/628302"}],"wp:attachment":[{"href":"https:\/\/www.europesays.com\/fr\/wp-json\/wp\/v2\/media?parent=628301"}],"wp:term":[{"taxonomy":"category","embeddable":true,"href":"https:\/\/www.europesays.com\/fr\/wp-json\/wp\/v2\/categories?post=628301"},{"taxonomy":"post_tag","embeddable":true,"href":"https:\/\/www.europesays.com\/fr\/wp-json\/wp\/v2\/tags?post=628301"}],"curies":[{"name":"wp","href":"https:\/\/api.w.org\/{rel}","templated":true}]}}