{"id":628324,"date":"2025-12-29T20:00:10","date_gmt":"2025-12-29T20:00:10","guid":{"rendered":"https:\/\/www.europesays.com\/fr\/628324\/"},"modified":"2025-12-29T20:00:10","modified_gmt":"2025-12-29T20:00:10","slug":"atp-rafael-nadal-je-me-suis-entraine-deux-ou-trois-fois-avec-des-filles-de-lacademie-cest-comme-ca-que-ca-sest-passe-et-cest-comme-ca-que-je-le-prends-sans-interet-ni-attente-particuliere","status":"publish","type":"post","link":"https:\/\/www.europesays.com\/fr\/628324\/","title":{"rendered":"ATP > Rafael Nadal : \u00ab\u00a0Je me suis entra\u00een\u00e9 deux ou trois fois avec des filles de l&rsquo;Acad\u00e9mie. C&rsquo;est comme \u00e7a que \u00e7a s&rsquo;est pass\u00e9 et c&rsquo;est comme \u00e7a que je le prends : sans int\u00e9r\u00eat ni attente particuli\u00e8re\u00a0\u00bb"},"content":{"rendered":"<p>Rafael Nadal a bel et bien tourn\u00e9 la\u00a0page.\u00a0<\/p>\n<p>Plus d\u2019un an apr\u00e8s avoir annonc\u00e9 sa retraite profes\u00adsion\u00adnelle, l\u2019homme aux 14 Roland\u2010Garros a \u00e9t\u00e9 \u00ab\u202fcuisin\u00e9\u202f\u00bb lors d\u2019une r\u00e9cente inter\u00adview chez nos confr\u00e8res de <a href=\"https:\/\/as.com\/masdeporte\/nadal-estoy-descubriendo-que-quiero-ser-de-mayor-f202512-n\/\" data-wpel-link=\"external\" target=\"_blank\" rel=\"nofollow external noopener\">AS<\/a> sur sa moti\u00adva\u00adtion apr\u00e8s ses derniers entra\u00ee\u00adne\u00adments au sein de son acad\u00e9mie. Extraits.<\/p>\n<p>Question. <strong>Ces derniers jours, pendant que vous vous entra\u00ee\u00adniez, vous est\u2010il venu \u00e0 l\u2019es\u00adprit que \u00ab\u202fsi j\u2019\u00e9tais en forme\u2026 avec ce que j\u2019ai encore\u2026 \u00bb ?<\/strong><br \/>Rafael Nadal\u00a0: \u00ab\u202fNon, parce que je n\u2019\u00e9tais plus en forme. Heureusement, cette p\u00e9riode est d\u00e9fi\u00adni\u00adti\u00adve\u00adment r\u00e9volue. Je n\u2019ai jamais \u00e9t\u00e9 du genre \u00e0 me dire \u00ab\u202fsi je pouvais\u2026 \u00bb. Je disais \u00e0 Marc L\u00f3pez que lors\u00adqu\u2019il \u00e9tait \u00e0 la retraite et que nous nous entra\u00ee\u00adnions, il pensait que s\u2019il reve\u00adnait, il pour\u00adrait peut\u2010\u00eatre faire quelque chose\u2026 Et je lui r\u00e9pon\u00addais\u00a0: \u00ab\u202fCette p\u00e9riode est termin\u00e9e, mon pote\u202f\u00bb. Maintenant, mon physique me permet de faire ce que je peux, et je pense que mon mental aussi. Il arrive un moment, quand on a arr\u00eat\u00e9 la routine, o\u00f9 on ne peut plus se remettre dans le bain. C\u2019est tr\u00e8s compliqu\u00e9. Je me suis entra\u00een\u00e9 deux ou trois fois avec des filles de l\u2019Acad\u00e9mie, avec Alina (Korneeva) et Alex (Eala), juste pour le plaisir, sinc\u00e8\u00adre\u00adment. Sans autre moti\u00adva\u00adtion que de passer un bon moment \u00e0 taper dans la balle, les soutenir et leur faire plaisir. C\u2019est comme \u00e7a que \u00e7a s\u2019est pass\u00e9 et c\u2019est comme \u00e7a que je le prends\u00a0: sans int\u00e9r\u00eat ni attente particuli\u00e8re.\u202f\u00bb<\/p>\n<p class=\"post-published-date\" style=\"color: silver; font-size: 75%; text-align: left;\">Publi\u00e9 le lundi 29 d\u00e9cembre 2025 \u00e0 18:40<\/p>\n","protected":false},"excerpt":{"rendered":"Rafael Nadal a bel et bien tourn\u00e9 la\u00a0page.\u00a0 Plus d\u2019un an apr\u00e8s avoir annonc\u00e9 sa retraite profes\u00adsion\u00adnelle, l\u2019homme&hellip;\n","protected":false},"author":2,"featured_media":628325,"comment_status":"","ping_status":"","sticky":false,"template":"","format":"standard","meta":{"footnotes":""},"categories":[1415],"tags":[1011,27,1960,60,1467],"class_list":{"0":"post-628324","1":"post","2":"type-post","3":"status-publish","4":"format-standard","5":"has-post-thumbnail","7":"category-tennis","8":"tag-fr","9":"tag-france","10":"tag-nadal","11":"tag-sports","12":"tag-tennis"},"share_on_mastodon":{"url":"https:\/\/pubeurope.com\/@fr\/115804636598439132","error":""},"_links":{"self":[{"href":"https:\/\/www.europesays.com\/fr\/wp-json\/wp\/v2\/posts\/628324","targetHints":{"allow":["GET"]}}],"collection":[{"href":"https:\/\/www.europesays.com\/fr\/wp-json\/wp\/v2\/posts"}],"about":[{"href":"https:\/\/www.europesays.com\/fr\/wp-json\/wp\/v2\/types\/post"}],"author":[{"embeddable":true,"href":"https:\/\/www.europesays.com\/fr\/wp-json\/wp\/v2\/users\/2"}],"replies":[{"embeddable":true,"href":"https:\/\/www.europesays.com\/fr\/wp-json\/wp\/v2\/comments?post=628324"}],"version-history":[{"count":0,"href":"https:\/\/www.europesays.com\/fr\/wp-json\/wp\/v2\/posts\/628324\/revisions"}],"wp:featuredmedia":[{"embeddable":true,"href":"https:\/\/www.europesays.com\/fr\/wp-json\/wp\/v2\/media\/628325"}],"wp:attachment":[{"href":"https:\/\/www.europesays.com\/fr\/wp-json\/wp\/v2\/media?parent=628324"}],"wp:term":[{"taxonomy":"category","embeddable":true,"href":"https:\/\/www.europesays.com\/fr\/wp-json\/wp\/v2\/categories?post=628324"},{"taxonomy":"post_tag","embeddable":true,"href":"https:\/\/www.europesays.com\/fr\/wp-json\/wp\/v2\/tags?post=628324"}],"curies":[{"name":"wp","href":"https:\/\/api.w.org\/{rel}","templated":true}]}}