{"id":628332,"date":"2025-12-29T20:07:14","date_gmt":"2025-12-29T20:07:14","guid":{"rendered":"https:\/\/www.europesays.com\/fr\/628332\/"},"modified":"2025-12-29T20:07:14","modified_gmt":"2025-12-29T20:07:14","slug":"cet-appartement-minimaliste-dans-les-pouilles-est-un-hommage-au-design-vintage","status":"publish","type":"post","link":"https:\/\/www.europesays.com\/fr\/628332\/","title":{"rendered":"Cet appartement minimaliste dans les Pouilles est un hommage au design vintage"},"content":{"rendered":"<p><strong>Du mobilier vintage dans des murs historiques : c&rsquo;est ainsi qu&rsquo;un designer a am\u00e9nag\u00e9 son appartement de bachelor dans les Pouilles.<\/strong><\/p>\n<p>\u00c0 l&rsquo;extr\u00e9mit\u00e9 sud de l&rsquo;Italie, dans la r\u00e9gion du Salento, l&rsquo;eau de mer scintille de mille reflets turquoise, le climat est doux toute l&rsquo;ann\u00e9e et les villages sont caract\u00e9ris\u00e9s par une architecture baroque. Le centre historique de <a href=\"https:\/\/www.admagazine.fr\/galerie\/guy-martin-palais-matteo-pouilles\" target=\"_blank\" rel=\"noopener\">Nard\u00f2<\/a>, situ\u00e9 \u00e0 environ cinq kilom\u00e8tres de la mer Ionienne, a su pr\u00e9server l&rsquo;atmosph\u00e8re paisible du sud des Pouilles avec ses fa\u00e7ades baroques, ses palais en pierre calcaire, ses petites chapelles et ses ruelles \u00e9troites, et a jusqu&rsquo;\u00e0 pr\u00e9sent \u00e9t\u00e9 \u00e9pargn\u00e9 par le tourisme de masse.<\/p>\n<p><img decoding=\"async\" alt=\"Apulien barocke Architektur Makeover Apartment schmuckvolle Fassade\" loading=\"lazy\" class=\"ResponsiveImageContainer-eNxvmU cfBbTk responsive-image__image\"   src=\"https:\/\/www.europesays.com\/fr\/wp-content\/uploads\/2025\/12\/_DSF7448.jpg\"\/><\/p>\n<p>Fascin\u00e9 par l&rsquo;authenticit\u00e9, la culture, les paysages et la chaleur humaine du sud de l&rsquo;Italie Victor Espositos a d\u00e9cid\u00e9 d&rsquo;y chercher un second foyer.<\/p>\n<p>Michael FalgrenRetour aux sources<\/p>\n<p>Victor Espositos vit Via San Biaggio, lorsqu&rsquo;il n&rsquo;est pas dans sa r\u00e9sidence secondaire \u00e0 Ibiza, o\u00f9 il travaille comme architecte d&rsquo;int\u00e9rieur. \u00ab Pour moi, c&rsquo;est comme un retour aux sources, car je suis l&rsquo;enfant d&rsquo;immigr\u00e9s italiens. Ce qui m&rsquo;attire ici, c&rsquo;est l&rsquo;authenticit\u00e9 de la r\u00e9gion : sa culture, sa cuisine, ses paysages et surtout ses habitants, les Italiens du Sud \u00bb, explique-t-il.<\/p>\n<p><img decoding=\"async\" alt=\"Salento S\u00fcditalien bewachsene Fassade vertrocknete Pflanzen\" loading=\"lazy\" class=\"ResponsiveImageContainer-eNxvmU cfBbTk responsive-image__image\"   src=\"https:\/\/www.europesays.com\/fr\/wp-content\/uploads\/2025\/12\/_DSF7535%201.jpg\"\/><\/p>\n<p>Ce que Victor aime avant tout dans le Salento, c&rsquo;est le calme, le sentiment que le temps s&rsquo;\u00e9coule ici \u00e0 son propre rythme et que la vie est marqu\u00e9e par la mer toute proche, la bonne cuisine et la g\u00e9n\u00e9rosit\u00e9 des gens.<\/p>\n<p>Michael Falgren<\/p>\n","protected":false},"excerpt":{"rendered":"Du mobilier vintage dans des murs historiques : c&rsquo;est ainsi qu&rsquo;un designer a am\u00e9nag\u00e9 son appartement de bachelor&hellip;\n","protected":false},"author":2,"featured_media":628333,"comment_status":"","ping_status":"","sticky":false,"template":"","format":"standard","meta":{"footnotes":""},"categories":[1358],"tags":[1348,1384,1385,1386,58,59,1011,27,452],"class_list":{"0":"post-628332","1":"post","2":"type-post","3":"status-publish","4":"format-standard","5":"has-post-thumbnail","7":"category-arts-et-design","8":"tag-arts","9":"tag-arts-and-design","10":"tag-arts-et-design","11":"tag-design","12":"tag-divertissement","13":"tag-entertainment","14":"tag-fr","15":"tag-france","16":"tag-italie"},"share_on_mastodon":{"url":"https:\/\/pubeurope.com\/@fr\/115804664253373938","error":""},"_links":{"self":[{"href":"https:\/\/www.europesays.com\/fr\/wp-json\/wp\/v2\/posts\/628332","targetHints":{"allow":["GET"]}}],"collection":[{"href":"https:\/\/www.europesays.com\/fr\/wp-json\/wp\/v2\/posts"}],"about":[{"href":"https:\/\/www.europesays.com\/fr\/wp-json\/wp\/v2\/types\/post"}],"author":[{"embeddable":true,"href":"https:\/\/www.europesays.com\/fr\/wp-json\/wp\/v2\/users\/2"}],"replies":[{"embeddable":true,"href":"https:\/\/www.europesays.com\/fr\/wp-json\/wp\/v2\/comments?post=628332"}],"version-history":[{"count":0,"href":"https:\/\/www.europesays.com\/fr\/wp-json\/wp\/v2\/posts\/628332\/revisions"}],"wp:featuredmedia":[{"embeddable":true,"href":"https:\/\/www.europesays.com\/fr\/wp-json\/wp\/v2\/media\/628333"}],"wp:attachment":[{"href":"https:\/\/www.europesays.com\/fr\/wp-json\/wp\/v2\/media?parent=628332"}],"wp:term":[{"taxonomy":"category","embeddable":true,"href":"https:\/\/www.europesays.com\/fr\/wp-json\/wp\/v2\/categories?post=628332"},{"taxonomy":"post_tag","embeddable":true,"href":"https:\/\/www.europesays.com\/fr\/wp-json\/wp\/v2\/tags?post=628332"}],"curies":[{"name":"wp","href":"https:\/\/api.w.org\/{rel}","templated":true}]}}