{"id":628361,"date":"2025-12-29T20:23:25","date_gmt":"2025-12-29T20:23:25","guid":{"rendered":"https:\/\/www.europesays.com\/fr\/628361\/"},"modified":"2025-12-29T20:23:25","modified_gmt":"2025-12-29T20:23:25","slug":"coupe-de-france-de-football-la-billetterie-desormais-ouverte-pour-le-match-entre-le-mans-fc-et-las-nancy-lorraine","status":"publish","type":"post","link":"https:\/\/www.europesays.com\/fr\/628361\/","title":{"rendered":"Coupe de France de football\u00a0: la billetterie d\u00e9sormais ouverte pour le match entre Le Mans FC et l&rsquo;AS Nancy Lorraine"},"content":{"rendered":"<p>La billetterie est ouverte pour le 16e de finale de Coupe de France de football entre Le Mans FC et l&rsquo;AS Nancy Lorraine. Le club manceau l&rsquo;a annonc\u00e9 sur son compte Facebook ce lundi 29 d\u00e9cembre 2025. Le match se d\u00e9roulera au stade Marie Marvingt le 11 janvier 2026 \u00e0 18 heures. <\/p>\n<p>C&rsquo;est un match attendu par les supporters Sang et Or.\u00a0<a class=\"IciLink ici-link IciArticleLink g-ici-body-regular-1 underline brand svelte-1chfe2s\" href=\"https:\/\/www.francebleu.fr\/sports\/football\/football-le-mans-fc-recevra-l-as-nancy-lorraine-en-1-16e-de-finale-de-la-coupe-de-france-1112017\" target=\"_blank\" rel=\"noopener\">Le Mans FC re\u00e7oit l&rsquo;AS Nancy Lorraine<\/a>\u00a0en 16e de finale de Coupe de France de football le 11\u00a0janvier \u00e0 18 heures, deux clubs promus cette saison en Ligue 2. <strong>La billetterie est d\u00e9sormais ouverte,<\/strong> comme annonc\u00e9 par le club manceau dans une publication post\u00e9e sur son compte Facebook ce lundi 29 d\u00e9cembre. Le club propose un tarif unique par cat\u00e9gorie \u00e0 partir de 9 euros et un tarif privil\u00e9gi\u00e9 pour chacun de ses abonn\u00e9s. La rencontre sera diffus\u00e9e sur l&rsquo;antenne de BeINSport.<\/p>\n<p>La Coupe de France de retour au Mans<\/p>\n<p>Pour la premi\u00e8re fois de la saison, <strong>les Sang et Or vont recevoir une \u00e9quipe au stade Marie Marvingt lors de la Coupe de France de football.<\/strong> Les footballeurs sarthois\u00a0se sont qualifi\u00e9s au\u00a0<a class=\"IciLink ici-link IciArticleLink g-ici-body-regular-1 underline brand svelte-1chfe2s\" href=\"https:\/\/www.francebleu.fr\/sports\/football\/coupe-de-france-de-football-suivez-la-rencontre-perigny-le-mans-en-live-commente-sur-ici-fr-1565280\" target=\"_blank\" rel=\"noopener\">tour pr\u00e9c\u00e9dent<\/a>\u00a0en battant P\u00e9rigny, un club amateur qui \u00e9volue en R\u00e9gional 1, 2 buts \u00e0 1. Le club de l&rsquo;AS Nancy Lorraine,\u00a015e de Ligue 2, s&rsquo;est impos\u00e9 de son c\u00f4t\u00e9 sur la pelouse de Grenoble aux tirs au buts lors du 32e de finale de Coupe de France.<\/p>\n<p> \u00c0 lire aussi   <img decoding=\"async\" src=\"https:\/\/www.europesays.com\/fr\/wp-content\/uploads\/2025\/12\/1767039805_975_400x400.jpeg\" alt=\"\" style=\"--_image-preview:url('data:image\/jpeg;base64,\/9j\/2wBDACgcHiMeGSgjISMtKygwPGRBPDc3PHtYXUlkkYCZlo+AjIqgtObDoKrarYqMyP\/L2u71\/\/\/\/m8H\/\/\/\/6\/+b9\/\/j\/2wBDASstLTw1PHZBQXb4pYyl+Pj4+Pj4+Pj4+Pj4+Pj4+Pj4+Pj4+Pj4+Pj4+Pj4+Pj4+Pj4+Pj4+Pj4+Pj4+Pj4+Pj\/wAARCAAXACoDASIAAhEBAxEB\/8QAFgABAQEAAAAAAAAAAAAAAAAAAAEC\/8QAFRABAQAAAAAAAAAAAAAAAAAAABH\/xAAXAQEBAQEAAAAAAAAAAAAAAAABAgAD\/8QAFhEBAQEAAAAAAAAAAAAAAAAAABEB\/9oADAMBAAIRAxEAPwDNKyBUapWQVotKiGiLAE66YLASSEApf\/\/Z');\" loading=\"lazy\" fetchpriority=\"low\" aria-hidden=\"true\" class=\"svelte-1cksh76 rounded\" onload=\"this.__e=event\" onerror=\"this.__e=event\"\/> (function(w, d) {     if (w.FB &#038;&#038; w.FB.XFBML &#038;&#038; w.FB.XFBML.parse) {         if (&lsquo;undefined&rsquo; == typeof w.__fbTimeout) {             w.__fbTimeout = setTimeout(function() {                 w.FB.XFBML.parse();                 w.__fbTimeout = undefined;             }, 1000);         }     } else if (&lsquo;undefined&rsquo; == typeof w.__fbTimeout) {         if (d.querySelectorAll(&lsquo;#fb-root&rsquo;).length === 0) {             var fbRoot = d.createElement(&lsquo;div&rsquo;);             fbRoot.id = &lsquo;fb-root&rsquo;;             d.querySelector(&lsquo;body&rsquo;).append(fbRoot);         }         if (d.querySelectorAll(&lsquo;#facebook-jssdk&rsquo;).length === 0) {             var fbScript = d.createElement(&lsquo;script&rsquo;);             fbScript.id = &lsquo;facebook-jssdk&rsquo;;             fbScript.src=\u00a0\u00bb\/\/connect.facebook.net\/fr_FR\/sdk.js#xfbml=1&#038;version=v2.8&#038;appId=593991304071705&Prime;;             fbScript.async = 1;             d.querySelector(&lsquo;head&rsquo;).append(fbScript);         }     } })(window, window.document); \\u003C\/script>\\\u00a0\u00bb,\\\u00a0\u00bbprovider\\\u00a0\u00bb:\\\u00a0\u00bbfacebook\\\u00a0\u00bb,\\\u00a0\u00bbdidomiPurposes\\\u00a0\u00bb:\\\u00a0\u00bbPour afficher ce contenu Facebook, vous devez accepter les cookies \\u003Cb>R\u00e9seaux Sociaux\\u003C\/b>.\\u003Cbr>\\u003Cbr>Ces cookies permettent de partager ou r\u00e9agir directement sur les r\u00e9seaux sociaux auxquels vous \u00eates connect\u00e9s ou d&rsquo;int\u00e9grer du contenu initialement post\u00e9 sur ces r\u00e9seaux sociaux. Ils permettent aussi aux r\u00e9seaux sociaux d&rsquo;utiliser vos visites sur nos sites et applications \u00e0 des fins de personnalisation et de ciblage publicitaire.\\\u00a0\u00bb,\\\u00a0\u00bbdidomiVendorId\\\u00a0\u00bb:\\\u00a0\u00bbc:facebookc-rgacRMQm\\\u00a0\u00bb}},{\\\u00a0\u00bbtype\\\u00a0\u00bb:\\\u00a0\u00bbbounce\\\u00a0\u00bb,\\\u00a0\u00bbdata\\\u00a0\u00bb:{\\\u00a0\u00bbtitle\\\u00a0\u00bb:\\\u00a0\u00bbCoupe de France de football\u00a0: on sait quand Le Mans FC recevra l&rsquo;AS Nancy Lorraine en 16e de finale\\\u00a0\u00bb,\\\u00a0\u00bbpath\\\u00a0\u00bb:\\\u00a0\u00bbsports\/football\/football-le-mans-fc-recevra-l-as-nancy-lorraine-en-1-16e-de-finale-de-la-coupe-de-france-1112017\\\u00a0\u00bb,\\\u00a0\u00bbvisual\\\u00a0\u00bb:{\\\u00a0\u00bbid\\\u00a0\u00bb:\\\u00a0\u00bbc4c903b3-8f71-44ac-9584-cd7fc09fca91\\\u00a0\u00bb,\\\u00a0\u00bbpreview\\\u00a0\u00bb:\\\u00a0\u00bb\/9j\/2wBDACgcHiMeGSgjISMtKygwPGRBPDc3PHtYXUlkkYCZlo+AjIqgtObDoKrarYqMyP\/L2u71\/\/\/\/m8H\/\/\/\/6\/+b9\/\/j\/2wBDASstLTw1PHZBQXb4pYyl+Pj4+Pj4+Pj4+Pj4+Pj4+Pj4+Pj4+Pj4+Pj4+Pj4+Pj4+Pj4+Pj4+Pj4+Pj4+Pj4+Pj\/wAARCAAXACoDASIAAhEBAxEB\/8QAFgABAQEAAAAAAAAAAAAAAAAAAAEC\/8QAFRABAQAAAAAAAAAAAAAAAAAAABH\/xAAXAQEBAQEAAAAAAAAAAAAAAAABAgAD\/8QAFhEBAQEAAAAAAAAAAAAAAAAAABEB\/9oADAMBAAIRAxEAPwDNKyBUapWQVotKiGiLAE66YLASSEApf\/\/Z\\\u00a0\u00bb},\\\u00a0\u00bbpublishedDate\\\u00a0\u00bb:\\\u00a0\u00bb22\/12\/2025\\\u00a0\u00bb,\\\u00a0\u00bbmedia\\\u00a0\u00bb:null,\\\u00a0\u00bbduration\\\u00a0\u00bb:null,\\\u00a0\u00bblocation\\\u00a0\u00bb:\\\u00a0\u00bbLe Mans\\\u00a0\u00bb}}]}},\\\u00a0\u00bbdisplay\\\u00a0\u00bb:{\\\u00a0\u00bbhighBanner\\\u00a0\u00bb:true}}\u00a0\u00bb}<\/p>\n","protected":false},"excerpt":{"rendered":"La billetterie est ouverte pour le 16e de finale de Coupe de France de football entre Le Mans&hellip;\n","protected":false},"author":2,"featured_media":628362,"comment_status":"","ping_status":"","sticky":false,"template":"","format":"standard","meta":{"footnotes":""},"categories":[9635],"tags":[1111,11,1777,674,1011,27,775,1702,12,25],"class_list":{"0":"post-628361","1":"post","2":"type-post","3":"status-publish","4":"format-standard","5":"has-post-thumbnail","7":"category-nancy","8":"tag-actu","9":"tag-actualites","10":"tag-eu","11":"tag-europe","12":"tag-fr","13":"tag-france","14":"tag-grand-est","15":"tag-nancy","16":"tag-news","17":"tag-republique-francaise"},"share_on_mastodon":{"url":"https:\/\/pubeurope.com\/@fr\/115804727156067714","error":""},"_links":{"self":[{"href":"https:\/\/www.europesays.com\/fr\/wp-json\/wp\/v2\/posts\/628361","targetHints":{"allow":["GET"]}}],"collection":[{"href":"https:\/\/www.europesays.com\/fr\/wp-json\/wp\/v2\/posts"}],"about":[{"href":"https:\/\/www.europesays.com\/fr\/wp-json\/wp\/v2\/types\/post"}],"author":[{"embeddable":true,"href":"https:\/\/www.europesays.com\/fr\/wp-json\/wp\/v2\/users\/2"}],"replies":[{"embeddable":true,"href":"https:\/\/www.europesays.com\/fr\/wp-json\/wp\/v2\/comments?post=628361"}],"version-history":[{"count":0,"href":"https:\/\/www.europesays.com\/fr\/wp-json\/wp\/v2\/posts\/628361\/revisions"}],"wp:featuredmedia":[{"embeddable":true,"href":"https:\/\/www.europesays.com\/fr\/wp-json\/wp\/v2\/media\/628362"}],"wp:attachment":[{"href":"https:\/\/www.europesays.com\/fr\/wp-json\/wp\/v2\/media?parent=628361"}],"wp:term":[{"taxonomy":"category","embeddable":true,"href":"https:\/\/www.europesays.com\/fr\/wp-json\/wp\/v2\/categories?post=628361"},{"taxonomy":"post_tag","embeddable":true,"href":"https:\/\/www.europesays.com\/fr\/wp-json\/wp\/v2\/tags?post=628361"}],"curies":[{"name":"wp","href":"https:\/\/api.w.org\/{rel}","templated":true}]}}