{"id":628365,"date":"2025-12-29T20:25:11","date_gmt":"2025-12-29T20:25:11","guid":{"rendered":"https:\/\/www.europesays.com\/fr\/628365\/"},"modified":"2025-12-29T20:25:11","modified_gmt":"2025-12-29T20:25:11","slug":"top-14-letat-desprit-les-performances-de-velarte-et-hicks-mais-aussi-linefficacite-dans-le-jeu-au-pied-et-la-sterilite-offensive-les-coups-de-coeur-et-coup","status":"publish","type":"post","link":"https:\/\/www.europesays.com\/fr\/628365\/","title":{"rendered":"Top 14\u00a0: L\u2019\u00e9tat d\u2019esprit, les performances de Velarte et Hicks, mais aussi l\u2019inefficacit\u00e9 dans le jeu au pied et la st\u00e9rilit\u00e9 offensive\u2026 Les coups de c\u0153ur et coups de griffes de l\u2019Ind\u00e9pendant apr\u00e8s Toulon \u2013 USAP"},"content":{"rendered":"<p>\n                                                                Lors de chaque rencontre de Top 14, L\u2019Ind\u00e9pendant propose ses coups de c\u0153ur et ses coups de griffes. Apr\u00e8s la d\u00e9faite de l\u2019USAP en championnat \u00e0 Toulon (31-16), retour sur une prestation en dent de scie des sang et or.\n                            <\/p>\n<p>On a aim\u00e9<\/p>\n<p>L\u2019\u00e9tat d\u2019esprit<\/p>\n<p>Assur\u00e9ment les joueurs se sont envoy\u00e9s dimanche \u00e0 Mayol. C\u2019est la base dans le rugby professionnel, mais c\u2019\u00e9tait loin d\u2019\u00eatre le cas en d\u00e9but de saison du c\u00f4t\u00e9 de l\u2019USAP. Laurent Labit et ses adjoints ont donc r\u00e9ussi ce premier pari. Celui de se faire entendre et respecter quant aux consignes en termes d\u2019engagement et d\u2019agressivit\u00e9. Aujourd\u2019hui, les joueurs se couchent sur tous les ballons, grattent m\u00eame et se d\u00e9multiplient en d\u00e9fense pour sauver le co\u00e9quipier.<\/p>\n<p>La paire Hicks \u2013 Velarte<\/p>\n<p>Ces deux-l\u00e0 symbolisent l\u2019engagement usapiste \u00e0 Toulon. Une performance remarquable pour les deux combattants qui ma\u00eetrisent aujourd\u2019hui leur grosse agressivit\u00e9 et arrivent \u00e0 mettre leur corps en opposition intelligemment. Giorgi Beria a \u2013 presque \u2013 retrouv\u00e9 le niveau qui \u00e9tait le sien face au RCT. Une bonne nouvelle \u00e0 l\u2019image de la nouvelle performance de Th\u00e9o Forner \u00e0 l\u2019arri\u00e8re qui encha\u00eene et qui surtout est avec Maxim Granell le seul qui a de la vitesse. \u00c0 noter le retour int\u00e9ressant (56e) de l\u2019arri\u00e8re Antoine Aucagne 377 jours apr\u00e8s sa derni\u00e8re sortie.<\/p>\n<p class=\"std-elt__inline\">\n        <strong>\u00c0 lire aussi :<\/strong><br \/>\n        <a href=\"https:\/\/www.lindependant.fr\/2025\/12\/29\/top-14-a-toulon-lusap-saccroche-mais-senlise-offensivement-13135091.php\" target=\"_blank\" rel=\"noopener\">Top 14\u00a0: \u00c0 Toulon, l\u2019USAP s\u2019accroche mais s\u2019enlise offensivement<\/a>\n    <\/p>\n<p>On n\u2019a pas aim\u00e9<\/p>\n<p>La st\u00e9rilit\u00e9 offensive<\/p>\n<p>Un seul essai du c\u00f4t\u00e9 de l\u2019USAP\u00a0sur une maladresse de l\u2019ouvreur de Toulon, Paolo Garbisi. L\u2019USAP a \u00e9t\u00e9 incapable de construire son rugby dans le camp varois. Le jeu d\u2019occupation a \u00e9t\u00e9 top pauvre pour porter le danger face \u00e0 la neuvi\u00e8me d\u00e9fense du championnat. Contre Toulouse (deuxi\u00e8me d\u00e9fense), les Catalans devront se montrer plus entreprenants et plus audacieux.<\/p>\n<p>Le manque de constance en d\u00e9fense<\/p>\n<p>Dimanche, l\u2019USAP a encaiss\u00e9 cinq essais, dont quatre apr\u00e8s la pause. \u00c0 deux reprises, les Catalans ont pris deux r\u00e9alisations coup sur coup (44e, 48e) et (75e, 77e). Oui les joueurs de Laurent Labit ont \u00e9t\u00e9 courageux et costauds dans le courage et l\u2019abn\u00e9gation, mais \u00e0 force de d\u00e9fendre et de se faire p\u00e9naliser (9 fois), l\u2019\u00e9quipe a recul\u00e9 avant de craquer. Max Hicks et les siens ont plaqu\u00e9\u00a0trois fois plus que leurs adversaires (196 plaquages r\u00e9ussis pour l\u2019USAP contre 61 pour le RCT). Enfin, comment l\u2019arbitre vid\u00e9o a-t-il pu accorder l\u2019essai \u00e0 Brian Alainu\u2019ese (45e), quand le bras de Lucas Velarte est clairement sous le ballon\u00a0? Laurent Labit n\u2019a pas voulu rentrer dans le jeu de la pol\u00e9mique dimanche soir, ni avouer que la pi\u00e8ce tombait\u00a0souvent du mauvais c\u00f4t\u00e9 au niveau des d\u00e9cisions. Nul doute que le manager saura cette semaine se faire entendre aupr\u00e8s du corps arbitral pour recueillir les explications qui \u00e9taient nombreuses dimanche.<\/p>\n<p class=\"std-elt__inline\">\n        <strong>\u00c0 lire aussi :<\/strong><br \/>\n        <a href=\"https:\/\/www.lindependant.fr\/2025\/12\/28\/top-14-a-lusap-le-courage-et-la-vaillance-nont-pas-ete-suffisantes-13134261.php\" target=\"_blank\" rel=\"noopener\">Top 14 \u2013 A l\u2019USAP le courage et la vaillance n\u2019ont pas \u00e9t\u00e9 suffisantes<\/a>\n    <\/p>\n<p>L\u2019USAP c\u2019est pas le\u00a0pied<\/p>\n<p>Hugo Reus et Tom Ecochard n\u2019ont pas eu la longueur esp\u00e9r\u00e9e pour renvoyer Marius Domon et les siens dans leurs 20 m\u00e8tres. Pas plus que la justesse pour porter le danger au-dessus des t\u00eates de Ga\u00ebl Drean et Mathis Fert\u00e9. Un gros point noir qui semble ne pas atteindre\u00a0Benjam\u00edn Urdapilleta \u00e0 chaque fois qu\u2019il a port\u00e9 la tunique de l\u2019USAP depuis son arriv\u00e9e.<\/p>\n","protected":false},"excerpt":{"rendered":"Lors de chaque rencontre de Top 14, L\u2019Ind\u00e9pendant propose ses coups de c\u0153ur et ses coups de griffes.&hellip;\n","protected":false},"author":2,"featured_media":628366,"comment_status":"","ping_status":"","sticky":false,"template":"","format":"standard","meta":{"footnotes":""},"categories":[9619],"tags":[1111,11,1777,674,1011,27,12,3464,882,11548,25,68796,517,2310],"class_list":{"0":"post-628365","1":"post","2":"type-post","3":"status-publish","4":"format-standard","5":"has-post-thumbnail","7":"category-toulon","8":"tag-actu","9":"tag-actualites","10":"tag-eu","11":"tag-europe","12":"tag-fr","13":"tag-france","14":"tag-news","15":"tag-perpignan","16":"tag-provence-alpes-cote-dazur","17":"tag-pyrenees-orientales","18":"tag-republique-francaise","19":"tag-rugby-u00e0-xv","20":"tag-sport","21":"tag-toulon"},"share_on_mastodon":{"url":"https:\/\/pubeurope.com\/@fr\/115804734948709870","error":""},"_links":{"self":[{"href":"https:\/\/www.europesays.com\/fr\/wp-json\/wp\/v2\/posts\/628365","targetHints":{"allow":["GET"]}}],"collection":[{"href":"https:\/\/www.europesays.com\/fr\/wp-json\/wp\/v2\/posts"}],"about":[{"href":"https:\/\/www.europesays.com\/fr\/wp-json\/wp\/v2\/types\/post"}],"author":[{"embeddable":true,"href":"https:\/\/www.europesays.com\/fr\/wp-json\/wp\/v2\/users\/2"}],"replies":[{"embeddable":true,"href":"https:\/\/www.europesays.com\/fr\/wp-json\/wp\/v2\/comments?post=628365"}],"version-history":[{"count":0,"href":"https:\/\/www.europesays.com\/fr\/wp-json\/wp\/v2\/posts\/628365\/revisions"}],"wp:featuredmedia":[{"embeddable":true,"href":"https:\/\/www.europesays.com\/fr\/wp-json\/wp\/v2\/media\/628366"}],"wp:attachment":[{"href":"https:\/\/www.europesays.com\/fr\/wp-json\/wp\/v2\/media?parent=628365"}],"wp:term":[{"taxonomy":"category","embeddable":true,"href":"https:\/\/www.europesays.com\/fr\/wp-json\/wp\/v2\/categories?post=628365"},{"taxonomy":"post_tag","embeddable":true,"href":"https:\/\/www.europesays.com\/fr\/wp-json\/wp\/v2\/tags?post=628365"}],"curies":[{"name":"wp","href":"https:\/\/api.w.org\/{rel}","templated":true}]}}