{"id":628373,"date":"2025-12-29T20:29:16","date_gmt":"2025-12-29T20:29:16","guid":{"rendered":"https:\/\/www.europesays.com\/fr\/628373\/"},"modified":"2025-12-29T20:29:16","modified_gmt":"2025-12-29T20:29:16","slug":"collision-entre-un-metro-et-une-voiture-a-sotteville-les-rouen-deux-septuagenaires-legerement-blesses","status":"publish","type":"post","link":"https:\/\/www.europesays.com\/fr\/628373\/","title":{"rendered":"Collision entre un m\u00e9tro et une voiture \u00e0 Sotteville-l\u00e8s-Rouen : deux septuag\u00e9naires l\u00e9g\u00e8rement bless\u00e9s"},"content":{"rendered":"<p>\t\t\t\t\t Les sapeurs-pompiers sont intervenus peu apr\u00e8s 15h30 pour un accident de circulation rue du Colonel-Fabien, \u00e0 Sotteville-l\u00e8s-Rouen (Seine-Maritime). Une <strong>rame de m\u00e9tro circulant vide de voyageurs<\/strong> et une voiture dans laquelle se trouvait un couple de septuag\u00e9naires se sont percut\u00e9s.. <\/p>\n<p>Apr\u00e8s avoir effectu\u00e9 une reconnaissance et le balisage de la zone, les secours ont port\u00e9 assistance aux deux victimes, <strong>un homme et une femme, tous deux \u00e2g\u00e9s de 79 ans<\/strong>, bless\u00e9s et class\u00e9s en <strong>urgence relative<\/strong>. Ils n&rsquo;ont pas \u00e9t\u00e9 transport\u00e9s vers un h\u00f4pital.\n\t\t\t\t <\/p>\n","protected":false},"excerpt":{"rendered":"Les sapeurs-pompiers sont intervenus peu apr\u00e8s 15h30 pour un accident de circulation rue du Colonel-Fabien, \u00e0 Sotteville-l\u00e8s-Rouen (Seine-Maritime).&hellip;\n","protected":false},"author":2,"featured_media":628374,"comment_status":"","ping_status":"","sticky":false,"template":"","format":"standard","meta":{"footnotes":""},"categories":[9587],"tags":[119,1111,11,1067,1777,674,118,1011,27,4047,12,5161,1072,25,9590,5163,56267],"class_list":{"0":"post-628373","1":"post","2":"type-post","3":"status-publish","4":"format-standard","5":"has-post-thumbnail","7":"category-rouen","8":"tag-accident","9":"tag-actu","10":"tag-actualites","11":"tag-enquete","12":"tag-eu","13":"tag-europe","14":"tag-faits-divers","15":"tag-fr","16":"tag-france","17":"tag-metro","18":"tag-news","19":"tag-normandie","20":"tag-police","21":"tag-republique-francaise","22":"tag-rouen","23":"tag-seine-maritime","24":"tag-sotteville-les-rouen"},"share_on_mastodon":{"url":"https:\/\/pubeurope.com\/@fr\/115804750716392479","error":""},"_links":{"self":[{"href":"https:\/\/www.europesays.com\/fr\/wp-json\/wp\/v2\/posts\/628373","targetHints":{"allow":["GET"]}}],"collection":[{"href":"https:\/\/www.europesays.com\/fr\/wp-json\/wp\/v2\/posts"}],"about":[{"href":"https:\/\/www.europesays.com\/fr\/wp-json\/wp\/v2\/types\/post"}],"author":[{"embeddable":true,"href":"https:\/\/www.europesays.com\/fr\/wp-json\/wp\/v2\/users\/2"}],"replies":[{"embeddable":true,"href":"https:\/\/www.europesays.com\/fr\/wp-json\/wp\/v2\/comments?post=628373"}],"version-history":[{"count":0,"href":"https:\/\/www.europesays.com\/fr\/wp-json\/wp\/v2\/posts\/628373\/revisions"}],"wp:featuredmedia":[{"embeddable":true,"href":"https:\/\/www.europesays.com\/fr\/wp-json\/wp\/v2\/media\/628374"}],"wp:attachment":[{"href":"https:\/\/www.europesays.com\/fr\/wp-json\/wp\/v2\/media?parent=628373"}],"wp:term":[{"taxonomy":"category","embeddable":true,"href":"https:\/\/www.europesays.com\/fr\/wp-json\/wp\/v2\/categories?post=628373"},{"taxonomy":"post_tag","embeddable":true,"href":"https:\/\/www.europesays.com\/fr\/wp-json\/wp\/v2\/tags?post=628373"}],"curies":[{"name":"wp","href":"https:\/\/api.w.org\/{rel}","templated":true}]}}