{"id":628388,"date":"2025-12-29T20:37:12","date_gmt":"2025-12-29T20:37:12","guid":{"rendered":"https:\/\/www.europesays.com\/fr\/628388\/"},"modified":"2025-12-29T20:37:12","modified_gmt":"2025-12-29T20:37:12","slug":"face-a-nice-le-tours-vb-tourne-la-page-strehlau-et-regarde-vers-2026","status":"publish","type":"post","link":"https:\/\/www.europesays.com\/fr\/628388\/","title":{"rendered":"face \u00e0 Nice, le Tours VB \u00ab\u00a0tourne la page\u00a0\u00bb Strehlau et regarde vers 2026"},"content":{"rendered":"<p><strong>Tours\u00a0&#8211; Nice<\/strong><\/p>\n<p>L\u2019ann\u00e9e 2026 est d\u00e9j\u00e0 l\u00e0 pour le Tours VB. Certes, ce match face \u00e0 Nice, mardi 30\u00a0d\u00e9cembre, va boucler 2025 et la phase aller du championnat. Mais il ouvre surtout la seconde moiti\u00e9 de la saison. Une partie qui sera intense, que le TVB esp\u00e8re achever d\u00e9but mai par un nouveau titre de champion de France et qui s\u2019\u00e9crira donc sans Alexandre Strehlau, dont le dernier match restera <a target=\"_self\" href=\"https:\/\/www.lanouvellerepublique.fr\/tours\/msl-le-tmb-domine-sete-sans-coric-et-rejoint-tourcoing-en-tete-1766344712\" rel=\"noopener\">celui remport\u00e9 \u00e0 S\u00e8te<\/a>, le 21\u00a0d\u00e9cembre.<\/p>\n<p>\u00ab\u00a0Il n\u2019y aurait aucun sens \u00e0 utiliser\u00a0\u00bb Strehlau<\/p>\n<p>La r\u00e9v\u00e9lation de la saison derni\u00e8re a d\u00e9cid\u00e9 de rompre son contrat pour rejoindre l\u2019Italie et Cuneo d\u00e8s l\u2019ouverture du mercato, le 1er\u00a0janvier. C\u2019est donc en spectateur que l\u2019attaquant fran\u00e7ais suivra cette rencontre face \u00e0 Nice. \u00ab\u00a0Il s\u2019entra\u00eene avec nous depuis la reprise, mais il n\u2019y aurait aucun sens \u00e0 l\u2019utiliser, explique Igor Juricic. On tourne la page, et lui aussi. L\u2019histoire est termin\u00e9e. Il est dans son nouveau projet, et nous, on a d\u2019autres joueurs&#8230;. <\/p>\n<p>    Cet article a \u00e9t\u00e9 tronqu\u00e9. Abonnez-vous pour lire l&rsquo;article complet sur notre site.<\/p>\n<p>\u00a0\u00bb<\/p>\n<p style=\"margin: 0 !important; padding: 0 !important; font-size: 12px !important;\">Cet article a \u00e9t\u00e9 tronqu\u00e9. Abonnez-vous pour lire l&rsquo;article complet.<\/p>\n<p>    <a href=\"https:\/\/www.lanouvellerepublique.fr\/abonnements\" style=\"display: inline-block; margin-top: 5px !important; padding: 6px 12px !important; background: #cb1c27; color: white; text-decoration: none; border-radius: 4px; font-size: 12px !important;\" target=\"_blank\" rel=\"noopener\"><br \/>\n      S&rsquo;abonner<br \/>\n    <\/a><\/p>\n","protected":false},"excerpt":{"rendered":"Tours\u00a0&#8211; Nice L\u2019ann\u00e9e 2026 est d\u00e9j\u00e0 l\u00e0 pour le Tours VB. Certes, ce match face \u00e0 Nice, mardi&hellip;\n","protected":false},"author":2,"featured_media":628389,"comment_status":"","ping_status":"","sticky":false,"template":"","format":"standard","meta":{"footnotes":""},"categories":[2819],"tags":[1392,1111,11,1777,674,1011,27,1387,1655,12,2401,882,25,60,1390,1471,2767,1470],"class_list":{"0":"post-628388","1":"post","2":"type-post","3":"status-publish","4":"format-standard","5":"has-post-thumbnail","7":"category-nice","8":"tag-a-la-une-local","9":"tag-actu","10":"tag-actualites","11":"tag-eu","12":"tag-europe","13":"tag-fr","14":"tag-france","15":"tag-indre-et-loire","16":"tag-ligue-a","17":"tag-news","18":"tag-nice","19":"tag-provence-alpes-cote-dazur","20":"tag-republique-francaise","21":"tag-sports","22":"tag-tours","23":"tag-tours-volley-ball","24":"tag-tvb-37","25":"tag-volley"},"share_on_mastodon":{"url":"https:\/\/pubeurope.com\/@fr\/115804782167124580","error":""},"_links":{"self":[{"href":"https:\/\/www.europesays.com\/fr\/wp-json\/wp\/v2\/posts\/628388","targetHints":{"allow":["GET"]}}],"collection":[{"href":"https:\/\/www.europesays.com\/fr\/wp-json\/wp\/v2\/posts"}],"about":[{"href":"https:\/\/www.europesays.com\/fr\/wp-json\/wp\/v2\/types\/post"}],"author":[{"embeddable":true,"href":"https:\/\/www.europesays.com\/fr\/wp-json\/wp\/v2\/users\/2"}],"replies":[{"embeddable":true,"href":"https:\/\/www.europesays.com\/fr\/wp-json\/wp\/v2\/comments?post=628388"}],"version-history":[{"count":0,"href":"https:\/\/www.europesays.com\/fr\/wp-json\/wp\/v2\/posts\/628388\/revisions"}],"wp:featuredmedia":[{"embeddable":true,"href":"https:\/\/www.europesays.com\/fr\/wp-json\/wp\/v2\/media\/628389"}],"wp:attachment":[{"href":"https:\/\/www.europesays.com\/fr\/wp-json\/wp\/v2\/media?parent=628388"}],"wp:term":[{"taxonomy":"category","embeddable":true,"href":"https:\/\/www.europesays.com\/fr\/wp-json\/wp\/v2\/categories?post=628388"},{"taxonomy":"post_tag","embeddable":true,"href":"https:\/\/www.europesays.com\/fr\/wp-json\/wp\/v2\/tags?post=628388"}],"curies":[{"name":"wp","href":"https:\/\/api.w.org\/{rel}","templated":true}]}}