{"id":628399,"date":"2025-12-29T20:43:10","date_gmt":"2025-12-29T20:43:10","guid":{"rendered":"https:\/\/www.europesays.com\/fr\/628399\/"},"modified":"2025-12-29T20:43:10","modified_gmt":"2025-12-29T20:43:10","slug":"cinq-adolescents-en-garde-a-vue","status":"publish","type":"post","link":"https:\/\/www.europesays.com\/fr\/628399\/","title":{"rendered":"cinq adolescents en garde \u00e0 vue"},"content":{"rendered":"<p>                    Par<br \/>\n        <strong><br \/>\n            <a href=\"https:\/\/actu.fr\/auteur\/marie-lamarque\" title=\"Consulter tous les articles de Marie Lamarque\" target=\"_blank\" rel=\"noopener\">Marie Lamarque<\/a><br \/>\n                    <\/strong><\/p>\n<p>        Publi\u00e9 le<\/p>\n<p>            29 d\u00e9c. 2025 \u00e0 19h29        <\/p>\n<p>Que s\u2019est-il pass\u00e9 dans ce quartier pavillonnaire de <strong>Tournefeuille<\/strong>, pr\u00e8s de <strong><a href=\"https:\/\/actu.fr\/toulouse\/\" target=\"_blank\" rel=\"noopener\">Toulouse<\/a> <\/strong>? Les secours ont pris en charge <strong>un homme de 58 ans agress\u00e9 \u00e0 coup de couteau<\/strong> dans la soir\u00e9e du dimanche 28 d\u00e9cembre 2025. <a href=\"https:\/\/actu.fr\/occitanie\/tournefeuille_31557\/pres-de-toulouse-un-homme-de-58-ans-blesse-par-arme-blanche-dans-un-quartier-pavillonnaire_63628887.html\" target=\"_blank\" rel=\"noopener\">Bless\u00e9<\/a>, l\u2019homme a \u00e9t\u00e9 transport\u00e9 vers le centre hospitalier du secteur. <strong>Une enqu\u00eate est en cours<\/strong>. Ce que l\u2019on sait.<\/p>\n<p>Le p\u00e8re cherchait sa fille de 13 ans<\/p>\n<p class=\" wall-content\">Les faits se sont d\u00e9roul\u00e9s aux alentours de 19h30, rue de la Paderne \u00e0 Tournefeuille. <strong>Un couple est \u00e0 la recherche de sa fille<\/strong> de 13 ans. Il la retrouve accompagn\u00e9 d\u2019un groupe d\u2019adolescents, \u00e2g\u00e9s de 13 \u00e0 15 ans.<\/p>\n<p>    <a href=\"https:\/\/www.google.com\/maps\/embed?pb=!1m18!1m12!1m3!1d2889.999288316663!2d1.328948777284977!3d43.58573115679033!2m3!1f0!2f0!3f0!3m2!1i1024!2i768!4f13.1!3m3!1m2!1s0x12aeb0fc136e62a7%3A0x2e10733073282c2e!2sRue%20de%20la%20Paderne%2C%2031170%20Tournefeuille!5e0!3m2!1sfr!2sfr!4v1767016287955!5m2!1sfr!2sfr\" title=\"Ouvrie le lien\" target=\"_blank\" rel=\"noopener\">Cliquez ici pour visualiser le contenu<\/a><\/p>\n<p class=\" wall-content\">Sur place, le p\u00e8re est<strong> pris \u00e0 partie<\/strong>. La confrontation d\u00e9g\u00e9n\u00e8re. L\u2019un des adolescents <strong>sort un couteau<\/strong> et blesse le quinquag\u00e9naire au niveau de la fesse. Il est pris en charge par les pompiers.<\/p>\n<p>Cinq ados en garde \u00e0 vue<\/p>\n<p class=\" wall-content\">La BAC (brigade anticriminalit\u00e9) de Toulouse intervient sur les lieux et interpelle les mis en cause. \u00ab\u00a0<strong>Cinq adolescents ont \u00e9t\u00e9 plac\u00e9s en garde \u00e0 vue\u00a0\u00bb<\/strong>, indique une source polici\u00e8re d\u2019Actu Toulouse.<\/p>\n<p class=\" wall-content\">Personnalisez votre actualit\u00e9 en ajoutant vos villes et m\u00e9dias en favori avec <a href=\"https:\/\/moncompte.actu.fr\" title=\"D\u00e9couvez Mon Actu\" rel=\"nofollow noopener\" data-trk=\"{&quot;cta&quot;:{&quot;action&quot;:&quot;https:\\\/\\\/moncompte.actu.fr&quot;,&quot;category&quot;:&quot;mon compte&quot;,&quot;from&quot;:&quot;article footer&quot;,&quot;name&quot;:&quot;Mon actu&quot;,&quot;type&quot;:&quot;cta&quot;}}\" target=\"_blank\">Mon Actu<\/a>.<\/p>\n","protected":false},"excerpt":{"rendered":"Par Marie Lamarque Publi\u00e9 le 29 d\u00e9c. 2025 \u00e0 19h29 Que s\u2019est-il pass\u00e9 dans ce quartier pavillonnaire de&hellip;\n","protected":false},"author":2,"featured_media":628400,"comment_status":"","ping_status":"","sticky":false,"template":"","format":"standard","meta":{"footnotes":""},"categories":[2816],"tags":[1111,11,1777,674,118,1011,27,12,2680,1072,25,2312],"class_list":{"0":"post-628399","1":"post","2":"type-post","3":"status-publish","4":"format-standard","5":"has-post-thumbnail","7":"category-toulouse","8":"tag-actu","9":"tag-actualites","10":"tag-eu","11":"tag-europe","12":"tag-faits-divers","13":"tag-fr","14":"tag-france","15":"tag-news","16":"tag-occitanie","17":"tag-police","18":"tag-republique-francaise","19":"tag-toulouse"},"share_on_mastodon":{"url":"https:\/\/pubeurope.com\/@fr\/115804805767400858","error":""},"_links":{"self":[{"href":"https:\/\/www.europesays.com\/fr\/wp-json\/wp\/v2\/posts\/628399","targetHints":{"allow":["GET"]}}],"collection":[{"href":"https:\/\/www.europesays.com\/fr\/wp-json\/wp\/v2\/posts"}],"about":[{"href":"https:\/\/www.europesays.com\/fr\/wp-json\/wp\/v2\/types\/post"}],"author":[{"embeddable":true,"href":"https:\/\/www.europesays.com\/fr\/wp-json\/wp\/v2\/users\/2"}],"replies":[{"embeddable":true,"href":"https:\/\/www.europesays.com\/fr\/wp-json\/wp\/v2\/comments?post=628399"}],"version-history":[{"count":0,"href":"https:\/\/www.europesays.com\/fr\/wp-json\/wp\/v2\/posts\/628399\/revisions"}],"wp:featuredmedia":[{"embeddable":true,"href":"https:\/\/www.europesays.com\/fr\/wp-json\/wp\/v2\/media\/628400"}],"wp:attachment":[{"href":"https:\/\/www.europesays.com\/fr\/wp-json\/wp\/v2\/media?parent=628399"}],"wp:term":[{"taxonomy":"category","embeddable":true,"href":"https:\/\/www.europesays.com\/fr\/wp-json\/wp\/v2\/categories?post=628399"},{"taxonomy":"post_tag","embeddable":true,"href":"https:\/\/www.europesays.com\/fr\/wp-json\/wp\/v2\/tags?post=628399"}],"curies":[{"name":"wp","href":"https:\/\/api.w.org\/{rel}","templated":true}]}}