{"id":62842,"date":"2025-04-29T22:10:05","date_gmt":"2025-04-29T22:10:05","guid":{"rendered":"https:\/\/www.europesays.com\/fr\/62842\/"},"modified":"2025-04-29T22:10:05","modified_gmt":"2025-04-29T22:10:05","slug":"arsenal-paris-saint-germain-0-1-les-notes-du-psg-gianluigi-donnarumma-joao-neves-les-anges-gardiens","status":"publish","type":"post","link":"https:\/\/www.europesays.com\/fr\/62842\/","title":{"rendered":"Arsenal &#8211; Paris-Saint-Germain (0-1) &#8211; Les notes du PSG : Gianluigi Donnarumma &#8211; Joao Neves, les anges gardiens"},"content":{"rendered":"<p>Gianluigi Donnarumma\u00a0: 8<\/p>\n<p>Si Paris va au bout, il faudra se souvenir de la campagne incroyable de son gardien. Apr\u00e8s avoir d\u00e9j\u00e0 sauv\u00e9 les fesses du PSG sur les pelouses de Liverpool et Aston Villa, Donnarumma a encore tout repouss\u00e9 \u00e0 l\u2019Emirates Stadium. Ses deux parades fabuleuses face \u00e0 Martinelli et Trossard (42e, 56e) p\u00e8sent tr\u00e8s lourd dans le d\u00e9compte final. Pour le reste, il s\u2019est montr\u00e9 vigilant. Il se troue sur le but refus\u00e9 de Merino (48e) mais le VAR le sauve.<\/p>\n<p><img decoding=\"async\" class=\"text-transparent h-full w-full object-cover\" src=\"https:\/\/www.europesays.com\/fr\/wp-content\/uploads\/2025\/04\/image-2e24cfd1-16a3-4ddc-be8a-3f7b7138a506-85-2560-1440.jpeg\" alt=\"picture\" data-testid=\"image-high-res\"\/><\/p>\n<p class=\"caption-s6-fx\">Gianluigi Donnarumma<\/p>\n<p class=\"caption-s6-fx\">Cr\u00e9dit: Getty Images<\/p>\n<p>Achraf Hakimi\u00a0: 6<\/p>\n<p>Il a d\u00e9marr\u00e9 tr\u00e8s fort. Sa sup\u00e9riorit\u00e9 physique a une nouvelle fois saut\u00e9 aux yeux m\u00eame s\u2019il en a parfois trop mis. Poison constant, il aurait pu marquer sans une intervention de derni\u00e8re minute de Saliba (71e). Mais pourquoi part-il seul au pressing \u00e0 la 45e minute pour laisser Martinelli seul dans son couloir\u00a0? Sa seule erreur mais elle a failli co\u00fbter cher.<\/p>\n<p><img decoding=\"async\" class=\"text-transparent h-full w-full object-cover\" src=\"https:\/\/www.europesays.com\/fr\/wp-content\/uploads\/2025\/04\/image-58dd475c-4cc0-4ec3-8a07-606876e0c458-85-2560-1440.jpeg\" alt=\"picture\" data-testid=\"image-high-res\"\/><\/p>\n<p class=\"caption-s6-fx\">Achraf Hakimi face \u00e0 Arsenal<\/p>\n<p class=\"caption-s6-fx\">Cr\u00e9dit: Getty Images<\/p>\n<p>Marquinhos\u00a0: 7<\/p>\n<p>Ballot\u00e9 ces derni\u00e8res semaines, il a r\u00e9pondu dans le match qu\u2019il fallait. Jamais pris \u00e0 d\u00e9faut, il a rapidement pris le dessus sur Trossard. Il a m\u00eame offert sur un plateau le deuxi\u00e8me but \u00e0 Ramos sur une ouverture de 40 m\u00e8tres mais la barre transversale en a d\u00e9cid\u00e9 autrement.<\/p>\n<ul data-testid=\"atom-body-list\">\n<li class=\"mb-5 text-onLight-02 before:mr-3 before:inline-block before:h-2 before:w-2 before:rounded-full before:bg-br-1-100 md:mb-2.5 article-s4-rs\" data-testid=\"atom-body-list-item\">En bref\u2026 Le retour du patron.<\/li>\n<\/ul>\n<p><img decoding=\"async\" class=\"text-transparent h-full w-full object-cover\" src=\"https:\/\/www.europesays.com\/fr\/wp-content\/uploads\/2025\/04\/image-df8b52b6-c8ab-450d-99cf-89665e2ba32e-85-2560-1440.jpeg\" alt=\"picture\" data-testid=\"image-high-res\"\/><\/p>\n<p class=\"caption-s6-fx\">La rage de Marquinhos face \u00e0 Arsenal<\/p>\n<p class=\"caption-s6-fx\">Cr\u00e9dit: Getty Images<\/p>\n<p>Willian Pacho\u00a0: 6<\/p>\n<p>Lui aussi est sauv\u00e9 par le VAR car il oublie Merinos sur le but d\u2019Arsenal finalement annul\u00e9. Moins tranchant que sur d\u2019autres prestations europ\u00e9ennes, il a contenu les Gunners plut\u00f4t que de les affronter frontalement. Avec la m\u00eame r\u00e9ussite. On retiendra tout de m\u00eame sa grosse intervention au milieu d\u2019une surface tr\u00e8s peupl\u00e9e (23e).<\/p>\n<ul data-testid=\"atom-body-list\">\n<li class=\"mb-5 text-onLight-02 before:mr-3 before:inline-block before:h-2 before:w-2 before:rounded-full before:bg-br-1-100 md:mb-2.5 article-s4-rs\" data-testid=\"atom-body-list-item\">En bref\u2026 Un efficace filet de secours.<\/li>\n<\/ul>\n<p>Nuno Mendes\u00a0: 6<\/p>\n<p>C\u2019est de lui que part l\u2019action du but o\u00f9 sa passe casse les lignes. Un sch\u00e9ma qu\u2019il a r\u00e9p\u00e9t\u00e9 plusieurs fois avec une r\u00e9ussite al\u00e9atoire. Il perd ainsi deux ballon plein axe (23e, 25e) qui auraient pu d\u00e9boucher sur des situations p\u00e9rilleuses. En hyper vigilance tout le match, il a remport\u00e9 son match face \u00e0 Saka. Pas une mince affaire.<\/p>\n<p><img decoding=\"async\" class=\"text-transparent h-full w-full object-cover\" src=\"https:\/\/www.europesays.com\/fr\/wp-content\/uploads\/2025\/04\/image-fad3c6f8-e2dd-4065-9e3b-60ecaf10d7e6-85-2560-1440.jpeg\" alt=\"picture\" data-testid=\"image-high-res\"\/><\/p>\n<p class=\"caption-s6-fx\">Nuno Mendes face \u00e0 Saka<\/p>\n<p class=\"caption-s6-fx\">Cr\u00e9dit: Getty Images<\/p>\n<p>Vitinha\u00a0: 6<\/p>\n<p>Plus discret que ses deux comp\u00e8res du milieu, il a pourtant d\u00e9marr\u00e9 tr\u00e8s fort en donnant de la vie au ballon parisien. Lors des 25 premi\u00e8res minutes, il fut le chef d\u2019orchestre de la domination parisienne en imprimant un rythme soutenu. Quand il a fallu d\u00e9fendre, son influence a forc\u00e9ment diminu\u00e9 et il rate un contr\u00f4le br\u00fblant devant sa surface sur la derni\u00e8re grosse occasion d\u2019Arsenal.<\/p>\n<p>Joao Neves\u00a0: 8<\/p>\n<p>L\u2019un des hommes du match. Dans un r\u00f4le obscur, au c\u0153ur du combat, il a brill\u00e9 par la justesse de ses interventions. On en retiendra deux\u00a0: son retour d\u00e9cisif dans les pieds d\u2019un Merino qui s\u2019appr\u00eatait \u00e0 ajuster Donnarumma (38e) et le m\u00eame dans les pieds de Saka \u00e0 l\u2019entr\u00e9e de la surface (57e). Capital pour plier sans rompre, le petit Portugais a encore grandi ce mardi.<\/p>\n<ul data-testid=\"atom-body-list\">\n<li class=\"mb-5 text-onLight-02 before:mr-3 before:inline-block before:h-2 before:w-2 before:rounded-full before:bg-br-1-100 md:mb-2.5 article-s4-rs\" data-testid=\"atom-body-list-item\">En bref\u2026 Quelle saison\u2026<\/li>\n<\/ul>\n<p>Remplac\u00e9 par Warren Za\u00efre-Emery (89e).<\/p>\n<p><img decoding=\"async\" class=\"text-transparent h-full w-full object-cover\" src=\"https:\/\/www.europesays.com\/fr\/wp-content\/uploads\/2025\/04\/image-6e9d3a62-57b0-498c-be9e-6a4215d2f1c1-85-2560-1440.jpeg\" alt=\"picture\" data-testid=\"image-high-res\"\/><\/p>\n<p class=\"caption-s6-fx\">Joao Neves face \u00e0 Arsenal<\/p>\n<p class=\"caption-s6-fx\">Cr\u00e9dit: Getty Images<\/p>\n<p>Fabian Ruiz\u00a0: 7<\/p>\n<p>Lui aussi s\u2019est distingu\u00e9 par l\u2019intelligence dans les placements et son application dans ses choix. Sa premi\u00e8re p\u00e9riode est un mod\u00e8le de propret\u00e9. L\u2019Espagnol a su donner de l\u2019air au jeu par ses changements d\u2019aile ou de rythme. Dans un r\u00f4le plus obscur en seconde, il s\u2019est distingu\u00e9 par sa facult\u00e9 \u00e0 fermer les espaces.<\/p>\n<ul data-testid=\"atom-body-list\">\n<li class=\"mb-5 text-onLight-02 before:mr-3 before:inline-block before:h-2 before:w-2 before:rounded-full before:bg-br-1-100 md:mb-2.5 article-s4-rs\" data-testid=\"atom-body-list-item\">En bref\u2026 Un gros volume de jeu.<\/li>\n<\/ul>\n<p>Khvicha Kvaratskhelia\u00a0: 7<\/p>\n<p>On comprend mieux pourquoi Paris est all\u00e9 le chercher cet hiver. Bien s\u00fbr, il y a cette passe d\u00e9cisive de l\u2019ext\u00e9rieur qui restera le fait saillant de son match. Mais, au beau milieu de trois Gunners, il est aussi all\u00e9 chercher un penalty qui semblait \u00e9vident (17e). Il a d\u00e9clench\u00e9 de nombreux mouvements mais s\u2019il ne fallait retenir qu\u2019un aspect de son match, c\u2019est son apport d\u00e9fensif majeur. Quelle activit\u00e9, que de ballons r\u00e9cup\u00e9r\u00e9s\u2026<\/p>\n<ul data-testid=\"atom-body-list\">\n<li class=\"mb-5 text-onLight-02 before:mr-3 before:inline-block before:h-2 before:w-2 before:rounded-full before:bg-br-1-100 md:mb-2.5 article-s4-rs\" data-testid=\"atom-body-list-item\">En bref\u2026 Au four et au moulin.<\/li>\n<\/ul>\n<p>D\u00e9sir\u00e9 Dou\u00e9\u00a0: 5<\/p>\n<p>Il faut une parade fantastique de Raya pour stopper sa tentative au premier poteau (31e). Pour le reste, l\u2019ancien Rennais a connu un d\u00e9chet inhabituel. Parfois trop facile, il s\u2019est obstin\u00e9 dans des solutions individuelles parfois impossible.\u00a0<\/p>\n<ul data-testid=\"atom-body-list\">\n<li class=\"mb-5 text-onLight-02 before:mr-3 before:inline-block before:h-2 before:w-2 before:rounded-full before:bg-br-1-100 md:mb-2.5 article-s4-rs\" data-testid=\"atom-body-list-item\">En bref\u2026 Souvent le dribble de trop.<\/li>\n<\/ul>\n<p>Remplac\u00e9 par Gon\u00e7alo Ramos (75e), qui trouve la transversale sur une frappe du pointu (85e).<\/p>\n<p><img decoding=\"async\" class=\"text-transparent h-full w-full object-cover\" src=\"https:\/\/www.europesays.com\/fr\/wp-content\/uploads\/2025\/04\/image-fa20d94d-a2e5-4ea9-b711-7c4938d44c26-85-2560-1440.jpeg\" alt=\"picture\" data-testid=\"image-high-res\"\/><\/p>\n<p class=\"caption-s6-fx\">Desir\u00e9 Dou\u00e9 face \u00e0 Arsenal<\/p>\n<p class=\"caption-s6-fx\">Cr\u00e9dit: Getty Images<\/p>\n<p>Ousmane Demb\u00e9l\u00e9\u00a0: 7<\/p>\n<p>Son but est une merveille. Il est \u00e0 l\u2019origine du d\u00e9calage pour Kvaratskhelia et \u00e0 la r\u00e9ception de la passe du G\u00e9orgien. Son poteau rentrant vaut de l\u2019or \u00e0 90 minutes d\u2019une potentielle finale de C1. Sa justesse technique a fait un bien fou en premi\u00e8re p\u00e9riode o\u00f9 ses d\u00e9crochages ont donn\u00e9 des solutions au PSG. Plus discret apr\u00e8s la pause, il fut la principale victime du r\u00e9veil d\u2019Arsenal.<\/p>\n<ul data-testid=\"atom-body-list\">\n<li class=\"mb-5 text-onLight-02 before:mr-3 before:inline-block before:h-2 before:w-2 before:rounded-full before:bg-br-1-100 md:mb-2.5 article-s4-rs\" data-testid=\"atom-body-list-item\">En bref\u2026 Une action de grande classe, une de plus.<\/li>\n<\/ul>\n<p>Remplac\u00e9 par Bradley Barcola (70e) qui rate la balle du break en toute fin de match.<\/p>\n<p><img decoding=\"async\" class=\"text-transparent h-full w-full object-cover\" src=\"https:\/\/www.europesays.com\/fr\/wp-content\/uploads\/2025\/04\/4121593-83569513-2560-1440.jpg\" alt=\"picture\" data-testid=\"image-high-res\"\/><\/p>\n<p class=\"caption-s6-fx\">Ousmane Dembele (l.) traf fr\u00fch<\/p>\n<p class=\"caption-s6-fx\">Cr\u00e9dit: SID<\/p>\n","protected":false},"excerpt":{"rendered":"Gianluigi Donnarumma\u00a0: 8 Si Paris va au bout, il faudra se souvenir de la campagne incroyable de son&hellip;\n","protected":false},"author":2,"featured_media":62843,"comment_status":"","ping_status":"","sticky":false,"template":"","format":"standard","meta":{"footnotes":""},"categories":[1412],"tags":[5357,1451,63,1452,1453,1454,1455,1011,27,447,91,60],"class_list":{"0":"post-62842","1":"post","2":"type-post","3":"status-publish","4":"format-standard","5":"has-post-thumbnail","7":"category-f1","8":"tag-arsenal","9":"tag-f1","10":"tag-football","11":"tag-formula-1","12":"tag-formula1","13":"tag-formule-1","14":"tag-formule1","15":"tag-fr","16":"tag-france","17":"tag-ligue-des-champions","18":"tag-paris-saint-germain","19":"tag-sports"},"share_on_mastodon":{"url":"https:\/\/pubeurope.com\/@fr\/114423544175829384","error":""},"_links":{"self":[{"href":"https:\/\/www.europesays.com\/fr\/wp-json\/wp\/v2\/posts\/62842","targetHints":{"allow":["GET"]}}],"collection":[{"href":"https:\/\/www.europesays.com\/fr\/wp-json\/wp\/v2\/posts"}],"about":[{"href":"https:\/\/www.europesays.com\/fr\/wp-json\/wp\/v2\/types\/post"}],"author":[{"embeddable":true,"href":"https:\/\/www.europesays.com\/fr\/wp-json\/wp\/v2\/users\/2"}],"replies":[{"embeddable":true,"href":"https:\/\/www.europesays.com\/fr\/wp-json\/wp\/v2\/comments?post=62842"}],"version-history":[{"count":0,"href":"https:\/\/www.europesays.com\/fr\/wp-json\/wp\/v2\/posts\/62842\/revisions"}],"wp:featuredmedia":[{"embeddable":true,"href":"https:\/\/www.europesays.com\/fr\/wp-json\/wp\/v2\/media\/62843"}],"wp:attachment":[{"href":"https:\/\/www.europesays.com\/fr\/wp-json\/wp\/v2\/media?parent=62842"}],"wp:term":[{"taxonomy":"category","embeddable":true,"href":"https:\/\/www.europesays.com\/fr\/wp-json\/wp\/v2\/categories?post=62842"},{"taxonomy":"post_tag","embeddable":true,"href":"https:\/\/www.europesays.com\/fr\/wp-json\/wp\/v2\/tags?post=62842"}],"curies":[{"name":"wp","href":"https:\/\/api.w.org\/{rel}","templated":true}]}}