{"id":628444,"date":"2025-12-29T21:13:10","date_gmt":"2025-12-29T21:13:10","guid":{"rendered":"https:\/\/www.europesays.com\/fr\/628444\/"},"modified":"2025-12-29T21:13:10","modified_gmt":"2025-12-29T21:13:10","slug":"la-france-encore-classee-1ere-par-luec-actualite","status":"publish","type":"post","link":"https:\/\/www.europesays.com\/fr\/628444\/","title":{"rendered":"La France encore class\u00e9e 1\u00e8re par l&rsquo;UEC &#8211; Actualit\u00e9"},"content":{"rendered":"<p>Pour\u00a0<a href=\"https:\/\/www.directvelo.com\/actualite\/117242\/la-france-n-1-pour-luec\" target=\"_blank\" rel=\"noopener\"><strong>la deuxi\u00e8me ann\u00e9e de suite<\/strong><\/a>, la France est en t\u00eate du classement des nations \u00e9tablis par l&rsquo;Union europ\u00e9enne de cyclisme. Les f\u00e9d\u00e9rations nationales marquent des points en fonction de leurs r\u00e9sultats dans les Championnats d&rsquo;Europe et les Coupes d&rsquo;Europe.<\/p>\n<p>La France est la seule f\u00e9d\u00e9ration qui marque des points dans toutes les disciplines : piste, VTT, BMX freestyle, BMX racing, route, gravel, trial et cyclo-cross. C&rsquo;est en BMX racing qu&rsquo;elle r\u00e9colte le plus de points et en gravel, le moins.\u00a0<\/p>\n<p>La Suisse termine 4e, notamment gr\u00e2ce au VTT et au BMX. En revanche, elle n&rsquo;obtient aucun point dans le gravel. La Belgique se place 7e, avec son meilleur score sur la route mais ne marque aucun point en BMX freestyle. Le Luxembourg finit 24e, gr\u00e2ce \u00e0 la piste, la route et le cyclo-cross.\u00a0<\/p>\n<p>La Slov\u00e9nie est 18e (elle marque des points sur route, piste et VTT), devant l&rsquo;Ukraine qui se distingue aussi en cyclisme en salle. Comme l&rsquo;an dernier, 31 pays sont class\u00e9s.<\/p>\n<p><strong>Le classement :<\/strong><\/p>\n<p>1. France 669 pts<br \/>2. Grande-Bretagne 612 pts <br \/>-. Pays-Bas 612 pts<br \/>4. Suisse 590 pts<br \/>5. Allemagne 572 pts<br \/>6. Italie 532 pts<br \/>7. Belgique 520 pts<br \/>8. Espagne 486 pts<br \/>9. R\u00e9publique Tch\u00e8que 442 pts<br \/>10. Danemark 431 pts<br \/>11. Norv\u00e8ge 319 pts\u00a0<br \/>12. Hongrie 309 pts\u00a0<br \/>13. Pologne 296 pts\u00a0<br \/>14. Su\u00e8de 294 pts\u00a0<br \/>15. Autriche 280 pts\u00a0<br \/>16. Irlande 228 pts\u00a0<br \/>17. Slovaquie 226 pts\u00a0<br \/>18. Slov\u00e9nie 200 pts\u00a0<br \/>19. Ukraine 187 pts\u00a0<br \/>20. Lituanie 186 pts\u00a0<br \/>21. Lettonie 160 pts\u00a0<br \/>22. Estonie 148 pts\u00a0<br \/>23. Finlande 128 pts\u00a0<br \/>24. Luxembourg 120 pts\u00a0<br \/>25. Isra\u00ebl 116 pts\u00a0<br \/>26. Portugal 104 pts <br \/>-. Roumanie 104 pts\u00a0<br \/>28. Gr\u00e8ce 100 pts\u00a0<br \/>29. Croatie 96 pts\u00a0<br \/>30. Bulgarie 60 pts\u00a0<br \/>31. Chypre 44 pts<\/p>\n","protected":false},"excerpt":{"rendered":"Pour\u00a0la deuxi\u00e8me ann\u00e9e de suite, la France est en t\u00eate du classement des nations \u00e9tablis par l&rsquo;Union europ\u00e9enne&hellip;\n","protected":false},"author":2,"featured_media":628445,"comment_status":"","ping_status":"","sticky":false,"template":"","format":"standard","meta":{"footnotes":""},"categories":[1411],"tags":[834,828,836,829,837,827,83,826,824,823,1154,207,814,817,815,816,822,821,832,211,839,1011,27,820,818,819,835,831,830,833,838,60,212,208,825],"class_list":{"0":"post-628444","1":"post","2":"type-post","3":"status-publish","4":"format-standard","5":"has-post-thumbnail","7":"category-cyclisme","8":"tag-attaque","9":"tag-belgique","10":"tag-braquet","11":"tag-bretagne","12":"tag-chute","13":"tag-competition","14":"tag-coupe-de-france","15":"tag-coureur","16":"tag-course-cyclisme","17":"tag-course-cycliste","18":"tag-cycling","19":"tag-cyclisme","20":"tag-direct","21":"tag-direct-velo","22":"tag-directvelo","23":"tag-directvelo-com","24":"tag-epreuve","25":"tag-epreuve-cycliste","26":"tag-federation-francaise-de-cyclisme","27":"tag-ffc","28":"tag-flandres","29":"tag-fr","30":"tag-france","31":"tag-live","32":"tag-live-course","33":"tag-live-epreuve","34":"tag-peloton","35":"tag-radio-peloton","36":"tag-radio-tour","37":"tag-ravitaillement","38":"tag-relance","39":"tag-sports","40":"tag-uci","41":"tag-velo","42":"tag-velos"},"share_on_mastodon":{"url":"https:\/\/pubeurope.com\/@fr\/115804923883545815","error":""},"_links":{"self":[{"href":"https:\/\/www.europesays.com\/fr\/wp-json\/wp\/v2\/posts\/628444","targetHints":{"allow":["GET"]}}],"collection":[{"href":"https:\/\/www.europesays.com\/fr\/wp-json\/wp\/v2\/posts"}],"about":[{"href":"https:\/\/www.europesays.com\/fr\/wp-json\/wp\/v2\/types\/post"}],"author":[{"embeddable":true,"href":"https:\/\/www.europesays.com\/fr\/wp-json\/wp\/v2\/users\/2"}],"replies":[{"embeddable":true,"href":"https:\/\/www.europesays.com\/fr\/wp-json\/wp\/v2\/comments?post=628444"}],"version-history":[{"count":0,"href":"https:\/\/www.europesays.com\/fr\/wp-json\/wp\/v2\/posts\/628444\/revisions"}],"wp:featuredmedia":[{"embeddable":true,"href":"https:\/\/www.europesays.com\/fr\/wp-json\/wp\/v2\/media\/628445"}],"wp:attachment":[{"href":"https:\/\/www.europesays.com\/fr\/wp-json\/wp\/v2\/media?parent=628444"}],"wp:term":[{"taxonomy":"category","embeddable":true,"href":"https:\/\/www.europesays.com\/fr\/wp-json\/wp\/v2\/categories?post=628444"},{"taxonomy":"post_tag","embeddable":true,"href":"https:\/\/www.europesays.com\/fr\/wp-json\/wp\/v2\/tags?post=628444"}],"curies":[{"name":"wp","href":"https:\/\/api.w.org\/{rel}","templated":true}]}}