{"id":628450,"date":"2025-12-29T21:16:19","date_gmt":"2025-12-29T21:16:19","guid":{"rendered":"https:\/\/www.europesays.com\/fr\/628450\/"},"modified":"2025-12-29T21:16:19","modified_gmt":"2025-12-29T21:16:19","slug":"le-grand-est-lance-un-campus-dexcellence-unique-en-france","status":"publish","type":"post","link":"https:\/\/www.europesays.com\/fr\/628450\/","title":{"rendered":"le Grand Est lance un campus d&rsquo;excellence unique en France"},"content":{"rendered":"<p>Port\u00e9 par la R\u00e9gion acad\u00e9mique Grand Est et la R\u00e9gion Grand Est, le projet de labellisation du territoire en Campus des m\u00e9tiers et des qualifications d\u2019excellence d\u00e9di\u00e9 aux \u00ab M\u00e9tiers d\u2019art, design et objet \u00bb est en cours. Le projet devrait voir le jour d\u00e9but 2026.<\/p>\n<p class=\"field_LQ2154C\">Le <a href=\"https:\/\/www.connaissancedesarts.com\/metiers_art\/la-region-grand-est-un-creuset-de-savoir-faire-dexception-et-dinitiatives-audacieuses-11208092\/\" target=\"_blank\" rel=\"noopener\">Grand Est <\/a>se pr\u00e9pare \u00e0 accueillir un p\u00f4le d\u2019excellence in\u00e9dit : le <a href=\"https:\/\/www.education.gouv.fr\/les-campus-des-metiers-et-des-qualifications-du-grand-est-3143\" target=\"_blank\" rel=\"noopener\">Campus des m\u00e9tiers et des qualifications d\u2019excellence<\/a> M\u00e9tiers d\u2019art, design et objet (CMQE MADO). Pr\u00e9vu pour d\u00e9but 2026, ce projet ambitieux vise \u00e0 coordonner et renforcer un \u00e9cosyst\u00e8me d\u00e9j\u00e0 florissant dans la r\u00e9gion. Fort d\u2019un maillage de formations tr\u00e8s bien structur\u00e9, et de 16 400 entreprises sp\u00e9cialis\u00e9es dans les m\u00e9tiers d\u2019art, le Grand Est, troisi\u00e8me r\u00e9gion fran\u00e7aise en termes de chiffre d\u2019affaires pour le secteur, s\u2019appr\u00eate \u00e0 consolider son r\u00f4le moteur \u00e0 l\u2019\u00e9chelle fran\u00e7aise et europ\u00e9enne.<\/p>\n<p>\u00a0<\/p>\n<p>Une offre de formation unique en France<\/p>\n<p class=\"field_LQ2154C\">\u00ab Le Grand Est est l\u2019une des r\u00e9gions les plus dynamiques en termes de m\u00e9tiers d\u2019art, avec un vivier d\u2019\u00e9coles et un maillage tr\u00e8s bien structur\u00e9 \u00bb, observe Rapha\u00eblle Le Baud, fondatrice du m\u00e9dia associatif The Craft Project. Il y a, dans la R\u00e9gion, 55 centres de formation qui ont au moins une fili\u00e8re M\u00e9tiers d\u2019art (du bois au m\u00e9tal, en passant par le <a href=\"https:\/\/www.connaissancedesarts.com\/metiers_art\/savoir-faire\/meisenthal-devoile-sa-boule-de-noel-2025-chef-doeuvre-de-lart-verrier-11207000\/\" target=\"_blank\" rel=\"noopener\">verre<\/a>, la pierre ou la mode\u2026) et 1 500 personnes y passent chaque ann\u00e9e en formation initiale ou continue. Les formations vont du CAP au bac + 8. On trouve par ailleurs aussi des formations uniques en France voire en Europe (la seule \u00c9cole nationale de vannerie se situe \u00e0 Fayl-Billot en Champagne-Ardenne, la seule de facture d\u2019orgue \u00e0 Eschau en Alsace\u2026). Plusieurs tiers-lieux accueillant des jeunes cr\u00e9ateurs qui d\u00e9marrent \u00e9maillent le territoire (les Ateliers \u00c9clair\u00e9s \u00e0 Strasbourg, la Cit\u00e9 du faire du Grand Nancy\u2026). Le projet de Campus des m\u00e9tiers et des qualifications d\u2019excellence M\u00e9tiers d\u2019art, Design et Objet viendra coordonner et renforcer ce terreau porteur.<\/p>\n<p><img loading=\"lazy\" width=\"653\" height=\"980\" decoding=\"async\" aria-describedby=\"caption-attachment-208526\" src=\"data:image\/svg+xml,%3Csvg%20xmlns=\" http:=\"\" alt=\"Lors des Journ\u00e9es europ\u00e9ennes des M\u00e9tiers d\u2019art 2025, au ch\u00e2teau de Lun\u00e9ville, de nombreux \u00e9tudiants en formation M\u00e9tiers d\u2019art ont pu faire la d\u00e9monstration de leur savoir-faire.\" class=\"size-medium wp-image-208526\" data-lazy-src=\"https:\/\/www.europesays.com\/fr\/wp-content\/uploads\/2025\/12\/cda25_hs_metiers_dart_grand_est_campus_chateau_luneville-tt-width-653-height-980-fill-0-crop-0-bgcol.jpeg\"\/><\/p>\n<p id=\"caption-attachment-208526\" class=\"wp-caption-text\">Lors des Journ\u00e9es europ\u00e9ennes des M\u00e9tiers d\u2019art 2025, au ch\u00e2teau de Lun\u00e9ville, de nombreux \u00e9tudiants en formation M\u00e9tiers d\u2019art ont pu faire la d\u00e9monstration de leur savoir-faire. \u00a9 Photo : Adrien Lavenu<\/p>\n<p>Une structure efficiente<\/p>\n<p class=\"field_LQ2154C\">La R\u00e9gion est riche de 16 400 entreprises des m\u00e9tiers d\u2019art (dont d\u2019importantes manufactures comme Baccarat, Lalique ou la Cristallerie Saint-Louis) qui appartiennent \u00e0 diff\u00e9rents\u00a0groupements : le p\u00f4le de comp\u00e9titivit\u00e9 de l\u2019ameublement \u00ab Made in Grand Est \u00bb, les Entreprises du patrimoine vivant, la F\u00e9d\u00e9ration des m\u00e9tiers d\u2019art d\u2019Alsace, la Chambre r\u00e9gionale de m\u00e9tiers et de l\u2019artisanat\u2026 Pour le campus, \u00ab nous avons commenc\u00e9 par informer il y a plus d\u2019un an l\u2019ensemble des r\u00e9seaux concern\u00e9s : les \u00e9tablissements publics et priv\u00e9s du secondaire, du sup\u00e9rieur et de la recherche, les entreprises, les branches professionnelles, les communaut\u00e9s de communes et les grandes villes. Un groupe de travail pr\u00e9figurateur s\u2019est r\u00e9uni pour la premi\u00e8re fois en f\u00e9vrier 2024 \u00bb, explique Sophie Reinert, r\u00e9f\u00e9rente r\u00e9gionale de la mission Campus pour la R\u00e9gion acad\u00e9mique.<\/p>\n<p><img loading=\"lazy\" width=\"653\" height=\"436\" decoding=\"async\" aria-describedby=\"caption-attachment-208528\" src=\"data:image\/svg+xml,%3Csvg%20xmlns=\" http:=\"\" alt=\"Apr\u00e8s sept ans d\u2019\u00e9tudes en psychanalyse, Gildas Fran\u00e7ois a choisi de se reconvertir \u00e0 la tapisserie d\u2019ameublement via diff\u00e9rents programmes propos\u00e9s par la R\u00e9gion. \u00a9 Photo : GIP Formation Tout auLong de la Vie\" class=\"size-medium wp-image-208528\" data-lazy-src=\"https:\/\/www.europesays.com\/fr\/wp-content\/uploads\/2025\/12\/cda25_hs_metiers_dart_grand_est_campus_formation_tout_au_long_de_la_vie-tt-width-653-height-436-fill.jpeg\"\/><\/p>\n<p id=\"caption-attachment-208528\" class=\"wp-caption-text\">Apr\u00e8s sept ans d\u2019\u00e9tudes en psychanalyse, Gildas Fran\u00e7ois a choisi de se reconvertir \u00e0 la tapisserie d\u2019ameublement via diff\u00e9rents programmes propos\u00e9s par la R\u00e9gion. \u00a9 Photo : GIP Formation Tout au Long de la Vie<\/p>\n<p class=\"field_LQ2154C\">Pilot\u00e9 par Alexis Claudel, chef d\u2019\u00e9tablissement du lyc\u00e9e des m\u00e9tiers d\u2019art et de la ma\u00eetrise de l\u2019\u00e9nergie \u00e9lectrique Boutet-de-Monvel (\u00e0 Lun\u00e9ville, en Lorraine), le CMQE MADO sera dot\u00e9 d\u2019un comit\u00e9 d\u2019orientation strat\u00e9gique qui d\u00e9finira les actions prioritaires, ainsi que d\u2019un comit\u00e9 de pilotage et de groupes de travail (communication, enqu\u00eates\u2026). \u00ab Le campus a pour ambition de trouver des cofinancements \u2013 fonds europ\u00e9ens, fondations, m\u00e9c\u00e9nat, entreprises \u2013, d\u2019avoir une certaine autonomie, par exemple en r\u00e9pondant \u00e0 des appels \u00e0 projets\u00a0nationaux, le travail en consortium\u2026 et de se d\u00e9velopper ; pour cela la dimension internationale, notamment europ\u00e9enne, est un axe important \u00bb, poursuit Olivier Jacquot, conseiller en formation continue pour la R\u00e9gion acad\u00e9mique Grand Est (p\u00f4le \u00ab M\u00e9tiers d\u2019art \u00bb). Le dossier de label de Campus des m\u00e9tiers et des qualifications d\u2019excellence est valid\u00e9 par quatre minist\u00e8res. Avec une identit\u00e9 visuelle claire et des outils de communication d\u00e9di\u00e9s, le CMQE MADO g\u00e9n\u00e9rera un sentiment d\u2019appartenance et sera facteur d\u2019attractivit\u00e9.<\/p>\n<p><img loading=\"lazy\" width=\"653\" height=\"980\" decoding=\"async\" aria-describedby=\"caption-attachment-208525\" src=\"data:image\/svg+xml,%3Csvg%20xmlns=\" http:=\"\" alt=\"La restauration et fabrication de meubles, un savoir-faire qui perdure dans le Grand Est comme dans les ateliers de Chemin (Liffol-le- Grand, Lorraine). \u00a9 Photo : GIP Formation Tout auLong de la Vie\" class=\"size-medium wp-image-208525\" data-lazy-src=\"https:\/\/www.europesays.com\/fr\/wp-content\/uploads\/2025\/12\/cda25_hs_metiers_dart_grand_est_campus_ateliers_de_chemin-tt-width-653-height-980-fill-0-crop-0-bgco.jpeg\"\/><\/p>\n<p id=\"caption-attachment-208525\" class=\"wp-caption-text\">La restauration et fabrication de meubles, un savoir-faire qui perdure dans le Grand Est comme dans les ateliers de Chemin (Liffol-le- Grand, Lorraine). \u00a9 Photo : GIP Formation Tout au Long de la Vie<\/p>\n<p>\n<p>\t\t\t\t\u00ab Mon m\u00e9tier demain \u00bb<\/p>\n<p>\t\t\tFinanc\u00e9e par la Fondation Bettencourt Schueller associ\u00e9e au m\u00e9dia The Craft Project, la campagne \u00ab Mon M\u00e9tier Demain \u00bb comprend vingt-cinq films et huit podcasts destin\u00e9s \u00e0 promouvoir les m\u00e9tiers d\u2019art aupr\u00e8s des coll\u00e9giens (et de leurs parents). Apr\u00e8s une s\u00e9rie en \u00cele-de-France, dix films et six podcasts ont \u00e9t\u00e9 tourn\u00e9s dans la R\u00e9gion Grand Est et sont diffus\u00e9s depuis janvier 2025. \u00ab Nous avons plus de 5 millions de vues au global, c\u2019est un vrai succ\u00e8s ! \u00bb, s\u2019enthousiasme Rapha\u00eblle Le Baud, fondatrice de The Craft Project et entrepreneuse dans les m\u00e9tiers d\u2019art. \u00ab Ce qui me touche dans le Grand Est, c\u2019est l\u2019engagement des personnes qui s\u2019occupent de ces sujets ; elles sont les h\u00e9riti\u00e8res de celles qui se sont battues pour maintenir certaines formations. Tout cela paye aujourd\u2019hui. \u00bb\n\t\t<\/p>\n<\/p>\n<p><img loading=\"lazy\" width=\"653\" height=\"436\" decoding=\"async\" aria-describedby=\"caption-attachment-208530\" src=\"data:image\/svg+xml,%3Csvg%20xmlns=\" http:=\"\" alt=\"L\u2019art du vitrail pr\u00e9sent\u00e9 par un \u00e9tudiant du Cerfav lors des Journ\u00e9es europ\u00e9ennes des M\u00e9tiers d\u2019art 2025. \u00a9 Photo : AdrienLavenu\" class=\"size-medium wp-image-208530\" data-lazy-src=\"https:\/\/www.europesays.com\/fr\/wp-content\/uploads\/2025\/12\/cda25_hs_metiers_dart_grand_est_campus_chateau_luneville_jep_cerfav-tt-width-653-height-436-fill-0-c.jpeg\"\/><\/p>\n<p id=\"caption-attachment-208530\" class=\"wp-caption-text\">L\u2019art du vitrail pr\u00e9sent\u00e9 par un \u00e9tudiant du Cerfav lors des Journ\u00e9es europ\u00e9ennes des M\u00e9tiers d\u2019art 2025. \u00a9 Photo : Adrien Lavenu<\/p>\n<p>Une plus-value pour l\u2019existant<\/p>\n<p class=\"field_LQ2154C\">\u00ab La vocation du campus est de syst\u00e9matiser le travail en r\u00e9seau et de d\u00e9velopper des actions en partenariat \u00bb, rappelle Sophie Reinert. Les collaborations prendront corps \u00e0 travers trois axes : la sensibilisation aux m\u00e9tiers, la <a href=\"https:\/\/www.connaissancedesarts.com\/metiers_art\/artisan-art\/il-faut-accepter-quon-met-une-vie-a-apprendre-un-metier-entretien-avec-laurent-scordino-mazanec-proviseur-de-lecole-boulle-11192098\/\" target=\"_blank\" rel=\"noopener\">formation<\/a> (tout au long de la vie et en r\u00e9ponse aux besoins des entreprises et des manufactures) et l\u2019innovation. \u00ab L\u2019attractivit\u00e9 ainsi que les pratiques de formation innovantes d\u2019un \u00e9cosyst\u00e8me complet vont permettre aux m\u00e9tiers d\u2019art de se d\u00e9velopper \u00bb, pr\u00e9cise Olivier Jacquot, qui a anim\u00e9 les groupes de travail pour le campus. La volont\u00e9 des acteurs et parties prenantes est l\u00e0 ;\u00a0ils n\u2019attendent que l\u2019accord officiel pour concr\u00e9tiser des interactions d\u00e9j\u00e0 \u00e9voqu\u00e9es.<\/p>\n<p><img loading=\"lazy\" width=\"653\" height=\"436\" decoding=\"async\" aria-describedby=\"caption-attachment-208527\" src=\"data:image\/svg+xml,%3Csvg%20xmlns=\" http:=\"\" alt=\"Romain Calvo, apprenti en CAP \u00c9b\u00e9niste \u00e0 l\u2019\u00c9cole de l\u2019ameublement AFPIA Est-Nord, r\u00e9compens\u00e9 par une m\u00e9daille d'or au concours des Meilleurs Apprentis de France 2024. \u00a9 Photo : AFPIA EST-NORD \" class=\"size-medium wp-image-208527\" data-lazy-src=\"https:\/\/www.europesays.com\/fr\/wp-content\/uploads\/2025\/12\/cda25_hs_metiers_dart_grand_est_campus_ecole_ameublement-tt-width-653-height-436-fill-0-crop-0-bgcol.jpeg\"\/><\/p>\n<p id=\"caption-attachment-208527\" class=\"wp-caption-text\">Romain Calvo, apprenti en CAP \u00c9b\u00e9niste \u00e0 l\u2019\u00c9cole de l\u2019ameublement AFPIA Est-Nord, r\u00e9compens\u00e9 par une m\u00e9daille d\u2019or au concours des Meilleurs Apprentis de France 2024. \u00a9 Photo : AFPIA EST-NORD<\/p>\n<p class=\"field_LQ2154C\">\u00ab Beaucoup d\u2019\u00e9tudiants bac + 5 font un CAP : la professionnalisation de certains m\u00e9tiers pourrait \u00eatre int\u00e9gr\u00e9e \u00e0 certaines \u00e9coles d\u2019art, ce qui implique le d\u00e9veloppement des collaborations avec les plateaux techniques de centres de formation professionnelle sp\u00e9cialis\u00e9s. La multiplication des interactions entre la voie professionnelle et l\u2019enseignement sup\u00e9rieur doit contribuer \u00e0 \u00e9tablir des passerelles actives en faveur de l\u2019\u00e9l\u00e9vation du niveau des comp\u00e9tences des apprenants et \u00e0 renforcer les dynamiques d\u2019insertion \u00bb, d\u00e9taille- t-il. \u00ab On pourrait aussi travailler de mani\u00e8re concert\u00e9e sur un plan de communication afin d\u2019attirer plus de monde dans les m\u00e9tiers en tension, ajoute Sophie Reinert. C\u00f4t\u00e9 \u201cm\u00e9thodologie\u201d, les actions de formation en situation de travail sont tr\u00e8s utiles pour les comp\u00e9tences rares et les m\u00e9tiers sans formation ouverte. \u00bb<\/p>\n<p><img loading=\"lazy\" width=\"653\" height=\"436\" decoding=\"async\" aria-describedby=\"caption-attachment-208529\" src=\"data:image\/svg+xml,%3Csvg%20xmlns=\" http:=\"\" alt=\"L\u2019orf\u00e8vrerie compte parmi les nombreux domaines enseign\u00e9s dans la R\u00e9gion. \u00a9 Photo : Manon Badermann\" class=\"size-medium wp-image-208529\" data-lazy-src=\"https:\/\/www.europesays.com\/fr\/wp-content\/uploads\/2025\/12\/cda25_hs_metiers_dart_grand_est_campus_orfevrerie-tt-width-653-height-436-fill-0-crop-0-bgcolor-eeee.jpeg\"\/><\/p>\n<p id=\"caption-attachment-208529\" class=\"wp-caption-text\">L\u2019orf\u00e8vrerie compte parmi les nombreux domaines enseign\u00e9s dans la R\u00e9gion. \u00a9 Photo : Manon Badermann<\/p>\n<p>Savoir-faire irrempla\u00e7ables<\/p>\n<p class=\"field_LQ2154C\">Les m\u00e9tiers d\u2019art, \u00ab les seuls que l\u2019intelligence artificielle ne pourra jamais remplacer \u00bb, sont pour Rapha\u00eblle Le Baud \u00ab une voie de prosp\u00e9rit\u00e9 dans un monde compliqu\u00e9 \u00bb. La R\u00e9gion se place d\u2019ailleurs \u00e0 la troisi\u00e8me place du podium fran\u00e7ais en termes de chiffre d\u2019affaires des m\u00e9tiers d\u2019art (derri\u00e8re l\u2019\u00cele-de-France et l\u2019Auvergne- Rh\u00f4ne- Alpes). Neuf stagiaires sur les dix de la promotion \u00ab <a href=\"https:\/\/www.connaissancedesarts.com\/metiers_art\/artisan-art\/la-matiere-est-entree-dans-ma-vie-par-accident-voyage-au-centre-de-la-terre-avec-lartiste-ceramiste-emmanuelle-roule-11189419\/\" target=\"_blank\" rel=\"noopener\">c\u00e9ramiste<\/a> \u00bb (bac + 2) de l\u2019Institut europ\u00e9en des arts c\u00e9ramiques-IEAC (Alsace) ont d\u00e9cid\u00e9 d\u2019ailleurs de s\u2019installer dans le Grand Est alors qu\u2019ils n\u2019\u00e9taient que deux \u00e0 affirmer vouloir y rester en arrivant ; ils ont compris qu\u2019ils seraient ici port\u00e9s pour s\u2019\u00e9panouir professionnellement, ils ont saisi l\u2019importance des racines pour voler haut\u2026 et loin.<\/p>\n<p>La R\u00e9gion Grand Est : the place to be pour les M\u00e9tiers d&rsquo;art !<\/p>\n","protected":false},"excerpt":{"rendered":"Port\u00e9 par la R\u00e9gion acad\u00e9mique Grand Est et la R\u00e9gion Grand Est, le projet de labellisation du territoire&hellip;\n","protected":false},"author":2,"featured_media":628451,"comment_status":"","ping_status":"","sticky":false,"template":"","format":"standard","meta":{"footnotes":""},"categories":[1358],"tags":[1348,1384,1385,1386,58,59,1011,27],"class_list":{"0":"post-628450","1":"post","2":"type-post","3":"status-publish","4":"format-standard","5":"has-post-thumbnail","7":"category-arts-et-design","8":"tag-arts","9":"tag-arts-and-design","10":"tag-arts-et-design","11":"tag-design","12":"tag-divertissement","13":"tag-entertainment","14":"tag-fr","15":"tag-france"},"share_on_mastodon":{"url":"https:\/\/pubeurope.com\/@fr\/115804935441835671","error":""},"_links":{"self":[{"href":"https:\/\/www.europesays.com\/fr\/wp-json\/wp\/v2\/posts\/628450","targetHints":{"allow":["GET"]}}],"collection":[{"href":"https:\/\/www.europesays.com\/fr\/wp-json\/wp\/v2\/posts"}],"about":[{"href":"https:\/\/www.europesays.com\/fr\/wp-json\/wp\/v2\/types\/post"}],"author":[{"embeddable":true,"href":"https:\/\/www.europesays.com\/fr\/wp-json\/wp\/v2\/users\/2"}],"replies":[{"embeddable":true,"href":"https:\/\/www.europesays.com\/fr\/wp-json\/wp\/v2\/comments?post=628450"}],"version-history":[{"count":0,"href":"https:\/\/www.europesays.com\/fr\/wp-json\/wp\/v2\/posts\/628450\/revisions"}],"wp:featuredmedia":[{"embeddable":true,"href":"https:\/\/www.europesays.com\/fr\/wp-json\/wp\/v2\/media\/628451"}],"wp:attachment":[{"href":"https:\/\/www.europesays.com\/fr\/wp-json\/wp\/v2\/media?parent=628450"}],"wp:term":[{"taxonomy":"category","embeddable":true,"href":"https:\/\/www.europesays.com\/fr\/wp-json\/wp\/v2\/categories?post=628450"},{"taxonomy":"post_tag","embeddable":true,"href":"https:\/\/www.europesays.com\/fr\/wp-json\/wp\/v2\/tags?post=628450"}],"curies":[{"name":"wp","href":"https:\/\/api.w.org\/{rel}","templated":true}]}}