{"id":628476,"date":"2025-12-29T21:30:11","date_gmt":"2025-12-29T21:30:11","guid":{"rendered":"https:\/\/www.europesays.com\/fr\/628476\/"},"modified":"2025-12-29T21:30:11","modified_gmt":"2025-12-29T21:30:11","slug":"la-saint-etienne-et-le-clocher-de-leglise-darmissan-celebres","status":"publish","type":"post","link":"https:\/\/www.europesays.com\/fr\/628476\/","title":{"rendered":"La Saint-\u00c9tienne et le clocher de l\u2019\u00e9glise d\u2019Armissan c\u00e9l\u00e9br\u00e9s"},"content":{"rendered":"<p>Ce vendredi 26 d\u00e9cembre, l\u2019\u00e9glise a rassembl\u00e9 de nombreux paroissiens ainsi que sept pr\u00eatres \u00e0 l\u2019occasion de la f\u00eate patronale de Saint-\u00c9tienne, premier martyr de l\u2019\u00c9glise. Un rendez-vous attendu, ancr\u00e9 dans la tradition locale, qui a permis de m\u00ealer ferveur religieuse et temps de partage.<\/p>\n<p>Le cur\u00e9 de la paroisse, l\u2019abb\u00e9 Pascal Tindano, avait invit\u00e9 notre concitoyen, le chanoine Olivier Escaffit, \u00e0 pr\u00e9sider cette messe solennelle. Cette c\u00e9r\u00e9monie rev\u00eatait une dimension particuli\u00e8re puisqu\u2019elle marquait la cl\u00f4ture de son jubil\u00e9 sacerdotal d\u2019argent, correspondant au 25e anniversaire de son ordination.<\/p>\n<p>Dans son hom\u00e9lie, le cur\u00e9 a fait judicieusement le parall\u00e8le entre la lapidation de Saint-\u00c9tienne et l\u2019\u00e9tat du clocher d\u2019Armissan, symbole \u00e0 la fois de transcendance et de fragilit\u00e9. Comme le premier martyr, l\u2019\u00e9difice demeure debout mais voit ses pierres se d\u00e9t\u00e9riorer sous l\u2019effet du temps et de l\u2019\u00e9rosion. Par cette image forte, il soutenait la campagne de dons lanc\u00e9e pour financer la restauration du clocher.<\/p>\n<p>La c\u00e9l\u00e9bration s\u2019est prolong\u00e9e par un ap\u00e9ritif convivial organis\u00e9 en salle Jackie-Carri\u00e8re, favorisant les \u00e9changes dans une ambiance chaleureuse. Quant au clerg\u00e9, il s\u2019est retrouv\u00e9 ensuite pour un repas fraternel chez le p\u00e8re Olivier, concluant cette journ\u00e9e plac\u00e9e sous le signe de la foi, de la fraternit\u00e9 et de l\u2019engagement collectif.<\/p>\n","protected":false},"excerpt":{"rendered":"Ce vendredi 26 d\u00e9cembre, l\u2019\u00e9glise a rassembl\u00e9 de nombreux paroissiens ainsi que sept pr\u00eatres \u00e0 l\u2019occasion de la&hellip;\n","protected":false},"author":2,"featured_media":628477,"comment_status":"","ping_status":"","sticky":false,"template":"","format":"standard","meta":{"footnotes":""},"categories":[9653],"tags":[1111,11,73785,4086,2430,1777,674,1011,27,12,4020,25,4001,1857],"class_list":{"0":"post-628476","1":"post","2":"type-post","3":"status-publish","4":"format-standard","5":"has-post-thumbnail","7":"category-saint-etienne","8":"tag-actu","9":"tag-actualites","10":"tag-armissan","11":"tag-aude","12":"tag-auvergne-rhone-alpes","13":"tag-eu","14":"tag-europe","15":"tag-fr","16":"tag-france","17":"tag-news","18":"tag-religion","19":"tag-republique-francaise","20":"tag-saint-etienne","21":"tag-sociu00e9tu00e9"},"share_on_mastodon":{"url":"https:\/\/pubeurope.com\/@fr\/115804990611860978","error":""},"_links":{"self":[{"href":"https:\/\/www.europesays.com\/fr\/wp-json\/wp\/v2\/posts\/628476","targetHints":{"allow":["GET"]}}],"collection":[{"href":"https:\/\/www.europesays.com\/fr\/wp-json\/wp\/v2\/posts"}],"about":[{"href":"https:\/\/www.europesays.com\/fr\/wp-json\/wp\/v2\/types\/post"}],"author":[{"embeddable":true,"href":"https:\/\/www.europesays.com\/fr\/wp-json\/wp\/v2\/users\/2"}],"replies":[{"embeddable":true,"href":"https:\/\/www.europesays.com\/fr\/wp-json\/wp\/v2\/comments?post=628476"}],"version-history":[{"count":0,"href":"https:\/\/www.europesays.com\/fr\/wp-json\/wp\/v2\/posts\/628476\/revisions"}],"wp:featuredmedia":[{"embeddable":true,"href":"https:\/\/www.europesays.com\/fr\/wp-json\/wp\/v2\/media\/628477"}],"wp:attachment":[{"href":"https:\/\/www.europesays.com\/fr\/wp-json\/wp\/v2\/media?parent=628476"}],"wp:term":[{"taxonomy":"category","embeddable":true,"href":"https:\/\/www.europesays.com\/fr\/wp-json\/wp\/v2\/categories?post=628476"},{"taxonomy":"post_tag","embeddable":true,"href":"https:\/\/www.europesays.com\/fr\/wp-json\/wp\/v2\/tags?post=628476"}],"curies":[{"name":"wp","href":"https:\/\/api.w.org\/{rel}","templated":true}]}}