{"id":628505,"date":"2025-12-29T21:48:21","date_gmt":"2025-12-29T21:48:21","guid":{"rendered":"https:\/\/www.europesays.com\/fr\/628505\/"},"modified":"2025-12-29T21:48:21","modified_gmt":"2025-12-29T21:48:21","slug":"nantes-soffre-une-recrue-offensive-avant-daffronter-lom","status":"publish","type":"post","link":"https:\/\/www.europesays.com\/fr\/628505\/","title":{"rendered":"Nantes s\u2019offre une recrue offensive avant d\u2019affronter l\u2019OM ?"},"content":{"rendered":"<p>                <strong>L\u2019attaquant marocain du Torino Zakaria Aboukhlal se dirige vers un pr\u00eat avec option d\u2019achat chez les Canaris. Une arriv\u00e9e offensive qui pourrait peser pour le d\u00e9placement \u00e0 Marseille en Ligue 1.<\/strong><\/p>\n<p>Alors que <strong>Nantes<\/strong> pr\u00e9pare son d\u00e9placement \u00e0 <strong>Marseille<\/strong> dans le cadre de la 17\u1d49 journ\u00e9e de Ligue 1, les Canaris pourraient bien renforcer leur ligne offensive avec l\u2019arriv\u00e9e d\u2019un joueur \u00e0 fort potentiel. Selon L\u2019\u00c9quipe, <strong>Zakaria Aboukhlal<\/strong>, l\u2019attaquant du <strong>Torino<\/strong>, est en passe de rejoindre Nantes sous forme de pr\u00eat jusqu\u2019en juin, avec une <strong>option d\u2019achat<\/strong> pr\u00e9vue.<\/p>\n<p>L\u2019ancien attaquant du <strong>Toulouse FC<\/strong>, o\u00f9 il avait brill\u00e9 en Ligue 1 peine \u00e0 s\u2019imposer en Serie A depuis son transfert l\u2019\u00e9t\u00e9 dernier. Arriv\u00e9 sur la rive italienne pour un contrat de quatre ans, il a \u00e9t\u00e9 <strong>peu utilis\u00e9 au Torino<\/strong>, avec seulement neuf apparitions cette saison et sans but \u00e0 son actif, ce qui a ouvert la porte \u00e0 un retour en France.<\/p>\n<p>La venue d\u2019Aboukhlal s\u2019inscrit dans la volont\u00e9 du <strong>FC Nantes<\/strong>, actuellement en difficult\u00e9 en championnat, de <strong>renforcer son secteur offensif<\/strong> pour se donner davantage de marge dans la lutte pour le maintien. Avec d\u00e9j\u00e0 l\u2019arriv\u00e9e de <strong>Deiver Machado<\/strong> en joker et le pr\u00eat de <strong>R\u00e9my Cabella<\/strong>, les Nantais souhaitent densifier leur effectif offensif avant la reprise du championnat.<\/p>\n<p><strong>Une arriv\u00e9e offensive opportuniste avant Marseille<\/strong><\/p>\n<p>Le profil de <strong>Zakaria Aboukhlal<\/strong> est clairement offensif. International marocain de 25 ans, il est pass\u00e9 par le championnat fran\u00e7ais avec succ\u00e8s lors de son passage au <strong>Toulouse FC<\/strong>, club o\u00f9 il a inscrit de nombreux buts et s\u2019est affirm\u00e9 comme un joueur influent entre 2022 et 2025, remportant la Coupe de France face \u00e0 son potentiel futur club en 2023.<\/p>\n<p>Son retour en Ligue 1 pourrait offrir \u00e0 Nantes une solution offensive suppl\u00e9mentaire juste avant d\u2019affronter Marseille, un rendez-vous crucial dans la course au maintien. La pr\u00e9sence d\u2019Aboukhlal pourrait apporter de la profondeur, de l\u2019exp\u00e9rience et une capacit\u00e9 \u00e0 peser sur le jeu offensif, \u00e9l\u00e9ments qui font parfois d\u00e9faut aux Canaris depuis le d\u00e9but de la saison.<\/p>\n<p>Si l\u2019op\u00e9ration se confirme lors du mercato hivernal, le Marocain rejoindrait ses nouveaux co\u00e9quipiers \u00e0 la reprise de l\u2019entra\u00eenement et pourrait \u00eatre disponible pour le d\u00e9placement au <strong>Stade V\u00e9lodrome<\/strong>, renfor\u00e7ant ainsi Nantes dans un match o\u00f9 il faudra tout donner pour ramener un r\u00e9sultat.<\/p>\n","protected":false},"excerpt":{"rendered":"L\u2019attaquant marocain du Torino Zakaria Aboukhlal se dirige vers un pr\u00eat avec option d\u2019achat chez les Canaris. Une&hellip;\n","protected":false},"author":2,"featured_media":628506,"comment_status":"","ping_status":"","sticky":false,"template":"","format":"standard","meta":{"footnotes":""},"categories":[2818],"tags":[1111,11,1777,674,1011,27,766,12,2636,25],"class_list":{"0":"post-628505","1":"post","2":"type-post","3":"status-publish","4":"format-standard","5":"has-post-thumbnail","7":"category-nantes","8":"tag-actu","9":"tag-actualites","10":"tag-eu","11":"tag-europe","12":"tag-fr","13":"tag-france","14":"tag-nantes","15":"tag-news","16":"tag-pays-de-la-loire","17":"tag-republique-francaise"},"share_on_mastodon":{"url":"https:\/\/pubeurope.com\/@fr\/115805061512689128","error":""},"_links":{"self":[{"href":"https:\/\/www.europesays.com\/fr\/wp-json\/wp\/v2\/posts\/628505","targetHints":{"allow":["GET"]}}],"collection":[{"href":"https:\/\/www.europesays.com\/fr\/wp-json\/wp\/v2\/posts"}],"about":[{"href":"https:\/\/www.europesays.com\/fr\/wp-json\/wp\/v2\/types\/post"}],"author":[{"embeddable":true,"href":"https:\/\/www.europesays.com\/fr\/wp-json\/wp\/v2\/users\/2"}],"replies":[{"embeddable":true,"href":"https:\/\/www.europesays.com\/fr\/wp-json\/wp\/v2\/comments?post=628505"}],"version-history":[{"count":0,"href":"https:\/\/www.europesays.com\/fr\/wp-json\/wp\/v2\/posts\/628505\/revisions"}],"wp:featuredmedia":[{"embeddable":true,"href":"https:\/\/www.europesays.com\/fr\/wp-json\/wp\/v2\/media\/628506"}],"wp:attachment":[{"href":"https:\/\/www.europesays.com\/fr\/wp-json\/wp\/v2\/media?parent=628505"}],"wp:term":[{"taxonomy":"category","embeddable":true,"href":"https:\/\/www.europesays.com\/fr\/wp-json\/wp\/v2\/categories?post=628505"},{"taxonomy":"post_tag","embeddable":true,"href":"https:\/\/www.europesays.com\/fr\/wp-json\/wp\/v2\/tags?post=628505"}],"curies":[{"name":"wp","href":"https:\/\/api.w.org\/{rel}","templated":true}]}}