{"id":628507,"date":"2025-12-29T21:49:27","date_gmt":"2025-12-29T21:49:27","guid":{"rendered":"https:\/\/www.europesays.com\/fr\/628507\/"},"modified":"2025-12-29T21:49:27","modified_gmt":"2025-12-29T21:49:27","slug":"pres-de-bordeaux-un-court-metrage-retrace-la-creation-de-la-nuit-verte-du-festival-panoramas","status":"publish","type":"post","link":"https:\/\/www.europesays.com\/fr\/628507\/","title":{"rendered":"Pr\u00e8s de Bordeaux, un court-m\u00e9trage retrace la cr\u00e9ation de la\u00a0Nuit verte\u00a0du festival Panoramas"},"content":{"rendered":"<p>La vid\u00e9aste <a href=\"https:\/\/www.instagram.com\/camille_tequi\/\" target=\"_blank\" rel=\"nofollow noopener\">Camille T\u00e9qui<\/a> a suivi pendant des mois la cr\u00e9ation de cette Nuit pas comme les autres, au fil d\u2019ateliers, de rencontres avec les artistes et l\u2019\u00e9quipe de Panoramas. Les 23\u00a0minutes et 50\u00a0secondes de son film \u00ab\u00a0Jusqu\u2019\u00e0 la nuit verte\u00a0\u00bb nous plongent dans deux ans d\u2019aventure artistique, depuis l\u2019installation de l\u2019atelier Panoramas au c\u0153ur du quartier populaire lormontais Carriet <a href=\"https:\/\/www.sudouest.fr\/gironde\/bordeaux\/a-lormont-panoramas-ouvre-son-atelier-culturel-dans-le-quartier-carriet-et-prepare-sa-boum-pour-dimanche-1er-octobre-16787796.php\" target=\"_blank\" rel=\"follow noopener\">en octobre 2023<\/a> jusqu\u2019\u00e0 la luxuriante \u00e9pop\u00e9e nocturne de septembre dernier. Des premi\u00e8res rencontres avec les habitants jusqu\u2019\u00e0 la construction de la pirogue d\u2019Antoine Tison, en passant par les passerelles de bois sign\u00e9es Sara Favriau et le <a href=\"https:\/\/www.sudouest.fr\/gironde\/bordeaux\/la-praline-est-nee-ici-pres-de-bordeaux-un-chateau-reinvente-autour-de-la-douceur-sucree-26061200.php\" target=\"_blank\" rel=\"follow noopener\">\u00ab\u00a0Ch\u00e2teau praline\u00a0\u00bb du collectif Bruit du frigo<\/a>\u00a0: un voyage chaleureux o\u00f9 l\u2019art tend la main sur le terrain.<\/p>\n<p>        <img decoding=\"async\" id=\"27195969\" src=\"https:\/\/www.europesays.com\/fr\/wp-content\/uploads\/2025\/12\/nuit-verte-2025-felixblume-028barbara-fecchio-1600x1067.jpg\" alt=\"L\u2019arbre magique de Felix Blume, co-construit avec les habitants\u00a0: \u00ab\u00a0Pluies de septembre\u00a0\u00bb.\" itemprop=\"contentURL\"\/><\/p>\n<p>    L\u2019arbre magique de Felix Blume, co-construit avec les habitants\u00a0: \u00ab\u00a0Pluies de septembre\u00a0\u00bb.<\/p>\n<p>Barbara Fecchio<\/p>\n<p>        <img decoding=\"async\" id=\"27195977\" src=\"https:\/\/www.europesays.com\/fr\/wp-content\/uploads\/2025\/12\/nuit-verte-2025-ola-034malo-legrand.jpg\" alt=\"\u00ab\u00a0Si je te dis sauvage\u00a0\u00bb, spectacle-d\u00e9ambulation de la compagnie Ola.\" itemprop=\"contentURL\"\/><\/p>\n<p>    \u00ab\u00a0Si je te dis sauvage\u00a0\u00bb, spectacle-d\u00e9ambulation de la compagnie Ola.<\/p>\n<p>Malo Legrand<\/p>\n<p>    Liens cr\u00e9atifs<\/p>\n<p>La qualit\u00e9 du film de Camille T\u00e9qui est justement de s\u2019int\u00e9resser quasiment plus aux liens qui se cr\u00e9ent. Les femmes de l\u2019Atelier textile de la rive droite, les patients du dispositif m\u00e9dico-\u00e9ducatif des Joualles, les habitants peuplant les \u00ab\u00a0Sauvages\u00a0\u00bb de la compagnie Ola\u00a0: l\u2019artiste parvient \u00e0 capter les bonnes ondes qui ont circul\u00e9 et abouti \u00e0 cette \u00ab\u00a0Nuit\u00a0\u00bb dont les absents ronchonnent encore plus \u00e0 la vision de ce court-m\u00e9trage, de l\u2019avoir loup\u00e9e.<\/p>\n<p>        <script async src=\"\/\/www.instagram.com\/embed.js\"><\/script><\/p>\n","protected":false},"excerpt":{"rendered":"La vid\u00e9aste Camille T\u00e9qui a suivi pendant des mois la cr\u00e9ation de cette Nuit pas comme les autres,&hellip;\n","protected":false},"author":2,"featured_media":628508,"comment_status":"","ping_status":"","sticky":false,"template":"","format":"standard","meta":{"footnotes":""},"categories":[2817],"tags":[1111,11,1997,1777,674,1011,27,12,2219,25],"class_list":{"0":"post-628507","1":"post","2":"type-post","3":"status-publish","4":"format-standard","5":"has-post-thumbnail","7":"category-bordeaux","8":"tag-actu","9":"tag-actualites","10":"tag-bordeaux","11":"tag-eu","12":"tag-europe","13":"tag-fr","14":"tag-france","15":"tag-news","16":"tag-nouvelle-aquitaine","17":"tag-republique-francaise"},"share_on_mastodon":{"url":"https:\/\/pubeurope.com\/@fr\/115805065499987007","error":""},"_links":{"self":[{"href":"https:\/\/www.europesays.com\/fr\/wp-json\/wp\/v2\/posts\/628507","targetHints":{"allow":["GET"]}}],"collection":[{"href":"https:\/\/www.europesays.com\/fr\/wp-json\/wp\/v2\/posts"}],"about":[{"href":"https:\/\/www.europesays.com\/fr\/wp-json\/wp\/v2\/types\/post"}],"author":[{"embeddable":true,"href":"https:\/\/www.europesays.com\/fr\/wp-json\/wp\/v2\/users\/2"}],"replies":[{"embeddable":true,"href":"https:\/\/www.europesays.com\/fr\/wp-json\/wp\/v2\/comments?post=628507"}],"version-history":[{"count":0,"href":"https:\/\/www.europesays.com\/fr\/wp-json\/wp\/v2\/posts\/628507\/revisions"}],"wp:featuredmedia":[{"embeddable":true,"href":"https:\/\/www.europesays.com\/fr\/wp-json\/wp\/v2\/media\/628508"}],"wp:attachment":[{"href":"https:\/\/www.europesays.com\/fr\/wp-json\/wp\/v2\/media?parent=628507"}],"wp:term":[{"taxonomy":"category","embeddable":true,"href":"https:\/\/www.europesays.com\/fr\/wp-json\/wp\/v2\/categories?post=628507"},{"taxonomy":"post_tag","embeddable":true,"href":"https:\/\/www.europesays.com\/fr\/wp-json\/wp\/v2\/tags?post=628507"}],"curies":[{"name":"wp","href":"https:\/\/api.w.org\/{rel}","templated":true}]}}