{"id":628513,"date":"2025-12-29T21:52:14","date_gmt":"2025-12-29T21:52:14","guid":{"rendered":"https:\/\/www.europesays.com\/fr\/628513\/"},"modified":"2025-12-29T21:52:14","modified_gmt":"2025-12-29T21:52:14","slug":"villefranche-de-rouergue-victoire-de-lequipe-fanion-face-a-toulouse","status":"publish","type":"post","link":"https:\/\/www.europesays.com\/fr\/628513\/","title":{"rendered":"Villefranche-de-Rouergue. Victoire de l\u2019\u00e9quipe fanion face \u00e0 Toulouse"},"content":{"rendered":"<p>L\u2019\u00e9quipe 1 de Villefranche-de-Rouergue recevait l\u2019ASPTT Toulouse pour le compte de la 6e journ\u00e9e de championnat de R\u00e9gionale 2, phase 1.<\/p>\n<p>Victoire 9-5 pour les hommes de Jean-Christophe Batut, un succ\u00e8s important qui assure le maintien, avant la derni\u00e8re journ\u00e9e de championnat. L\u2019\u00e9quipe du PPCV \u00e9tait compos\u00e9e de Gilles Lambert, de Bastien Buchet, de R\u00e9my Delpont, et de Jean-Christophe Batut. Pour la phase 2, il y aura un renfort important, en l\u2019occurrence Andr\u00e9a Zampaglione, un joueur qui pourrait permettre de jouer les premiers r\u00f4les.<\/p>\n<p>Un championnat pour janvier<\/p>\n<p>Dimanche 4 janvier, le Ping-pong club villefranchois organise la deuxi\u00e8me journ\u00e9e du championnat jeune, comp\u00e9tition \u00e0 deux, sous forme de la coupe Davis.<\/p>\n<p>\u00c9preuve par niveau, de D\u00e9partementale 1 a D\u00e9partementale 5. En collaboration avec le comit\u00e9 d\u00e9partemental de l\u2019Aveyron. Seront pr\u00e9sents les juges arbitres Georges Andrieux et S\u00e9bastien Roy. La manifestation d\u00e9butera vers 13 h 30 au gymnase du Tricot, buvette sur place.<\/p>\n","protected":false},"excerpt":{"rendered":"L\u2019\u00e9quipe 1 de Villefranche-de-Rouergue recevait l\u2019ASPTT Toulouse pour le compte de la 6e journ\u00e9e de championnat de R\u00e9gionale&hellip;\n","protected":false},"author":2,"featured_media":628514,"comment_status":"","ping_status":"","sticky":false,"template":"","format":"standard","meta":{"footnotes":""},"categories":[2816],"tags":[1111,11,18483,1777,674,1011,27,73786,12,2680,25,68796,517,2312,73330],"class_list":{"0":"post-628513","1":"post","2":"type-post","3":"status-publish","4":"format-standard","5":"has-post-thumbnail","7":"category-toulouse","8":"tag-actu","9":"tag-actualites","10":"tag-aveyron","11":"tag-eu","12":"tag-europe","13":"tag-fr","14":"tag-france","15":"tag-fu00e9du00e9rale-2","16":"tag-news","17":"tag-occitanie","18":"tag-republique-francaise","19":"tag-rugby-u00e0-xv","20":"tag-sport","21":"tag-toulouse","22":"tag-villefranchederouergue"},"share_on_mastodon":{"url":"https:\/\/pubeurope.com\/@fr\/115805077184703999","error":""},"_links":{"self":[{"href":"https:\/\/www.europesays.com\/fr\/wp-json\/wp\/v2\/posts\/628513","targetHints":{"allow":["GET"]}}],"collection":[{"href":"https:\/\/www.europesays.com\/fr\/wp-json\/wp\/v2\/posts"}],"about":[{"href":"https:\/\/www.europesays.com\/fr\/wp-json\/wp\/v2\/types\/post"}],"author":[{"embeddable":true,"href":"https:\/\/www.europesays.com\/fr\/wp-json\/wp\/v2\/users\/2"}],"replies":[{"embeddable":true,"href":"https:\/\/www.europesays.com\/fr\/wp-json\/wp\/v2\/comments?post=628513"}],"version-history":[{"count":0,"href":"https:\/\/www.europesays.com\/fr\/wp-json\/wp\/v2\/posts\/628513\/revisions"}],"wp:featuredmedia":[{"embeddable":true,"href":"https:\/\/www.europesays.com\/fr\/wp-json\/wp\/v2\/media\/628514"}],"wp:attachment":[{"href":"https:\/\/www.europesays.com\/fr\/wp-json\/wp\/v2\/media?parent=628513"}],"wp:term":[{"taxonomy":"category","embeddable":true,"href":"https:\/\/www.europesays.com\/fr\/wp-json\/wp\/v2\/categories?post=628513"},{"taxonomy":"post_tag","embeddable":true,"href":"https:\/\/www.europesays.com\/fr\/wp-json\/wp\/v2\/tags?post=628513"}],"curies":[{"name":"wp","href":"https:\/\/api.w.org\/{rel}","templated":true}]}}