{"id":628517,"date":"2025-12-29T21:54:12","date_gmt":"2025-12-29T21:54:12","guid":{"rendered":"https:\/\/www.europesays.com\/fr\/628517\/"},"modified":"2025-12-29T21:54:12","modified_gmt":"2025-12-29T21:54:12","slug":"la-collecte-des-dechets-paralysee-apres-une-semaine-de-greve","status":"publish","type":"post","link":"https:\/\/www.europesays.com\/fr\/628517\/","title":{"rendered":"La collecte des d\u00e9chets paralys\u00e9e apr\u00e8s une semaine de gr\u00e8ve"},"content":{"rendered":"<p>La collecte des <a href=\"https:\/\/www.20minutes.fr\/planete\/dechets\/\" target=\"_blank\" class=\"c-link c-link--is-underlined\" rel=\"noopener\">d\u00e9chets<\/a> est fortement perturb\u00e9e dans la m\u00e9tropole europ\u00e9enne de <a href=\"https:\/\/www.20minutes.fr\/lille\/\" target=\"_blank\" class=\"c-link c-link--is-underlined\" rel=\"noopener\">Lille<\/a> (MEL) en raison d\u2019un <a href=\"https:\/\/www.20minutes.fr\/dossier\/conflit_social\" target=\"_blank\" class=\"c-link c-link--is-underlined\" rel=\"noopener\">conflit social<\/a> opposant le prestataire charg\u00e9 du service \u00e0 ses salari\u00e9s. Depuis le 22\u00a0d\u00e9cembre, une gr\u00e8ve illimit\u00e9e touche 52 des 95 communes de la m\u00e9tropole, affectant pr\u00e8s de 500.000 habitants durant les f\u00eates, avec des poubelles qui s\u2019accumulent dans plusieurs quartiers.<\/p>\n<p>Dans un communiqu\u00e9 diffus\u00e9 lundi soir, la MEL a dress\u00e9 un constat alarmant de la situation. \u00ab\u00a0Depuis le d\u00e9but du conflit, seulement 20\u00a0% des tourn\u00e9es ont \u00e9t\u00e9 assur\u00e9es\u00a0\u00bb, indique la collectivit\u00e9, qui appelle \u00e0 une reprise du service \u00ab\u00a0dans les meilleurs d\u00e9lais\u00a0\u00bb. En attendant, elle recommande aux habitants qui le peuvent de conserver les emballages volumineux ou de d\u00e9poser leurs d\u00e9chets en d\u00e9chetterie afin de limiter les d\u00e9sagr\u00e9ments.<\/p>\n<\/p>\n<p>R\u00e9mun\u00e9rations et conditions de travail<\/p>\n<p>Le d\u00e9saccord porte sur les r\u00e9mun\u00e9rations et les conditions de travail. Selon la CGT, les salari\u00e9s d\u00e9noncent une d\u00e9gradation de leurs conditions et r\u00e9clament une augmentation de salaire de 3\u00a0% ainsi qu\u2019une prime de <a href=\"https:\/\/www.20minutes.fr\/dossier\/penibilite\" target=\"_blank\" class=\"c-link c-link--is-underlined\" rel=\"noopener\">p\u00e9nibilit\u00e9<\/a> de 600 euros. Deverra, filiale du groupe Pizzorno Environnement, affirme de son c\u00f4t\u00e9 avoir propos\u00e9 une prime de 100 euros. L\u2019ampleur de la <a href=\"https:\/\/www.20minutes.fr\/dossier\/mobilisation\" target=\"_blank\" class=\"c-link c-link--is-underlined\" rel=\"noopener\">mobilisation<\/a> fait d\u00e9bat\u00a0: l\u2019entreprise \u00e9voque 65\u00a0% de gr\u00e9vistes le 23\u00a0d\u00e9cembre, tandis que le syndicat affirme que 95\u00a0% des salari\u00e9s \u00e9taient mobilis\u00e9s lundi, jour du blocage du d\u00e9p\u00f4t \u00e0 l\u2019aube.<\/p>\n<p><a href=\"https:\/\/www.20minutes.fr\/lille\/\" target=\"_blank\" class=\"c-link c-btn c-btn--primary\" rel=\"noopener\">Toute l&rsquo;actualit\u00e9 \u00e0 Lille<\/a><\/p>\n<p>La direction de Deverra a d\u00e9nonc\u00e9 un \u00ab\u00a0blocage ill\u00e9gal\u00a0\u00bb et une \u00ab\u00a0escalade inacceptable\u00a0\u00bb. L\u2019entreprise reconna\u00eet avoir fait appel \u00e0 des salari\u00e9s venus d\u2019autres r\u00e9gions pour assurer une partie du service, une mesure que les gr\u00e9vistes critiquent vivement. Il s\u2019agit toutefois, selon Deverra, d\u2019une \u00ab\u00a0organisation temporaire, mise en place uniquement pour limiter les perturbations pour les usagers\u00a0\u00bb et qui est \u00ab\u00a0parfaitement l\u00e9gale\u00a0\u00bb, alors qu\u2019aucune issue au conflit n\u2019a pour l\u2019instant \u00e9t\u00e9 annonc\u00e9e.<\/p>\n","protected":false},"excerpt":{"rendered":"La collecte des d\u00e9chets est fortement perturb\u00e9e dans la m\u00e9tropole europ\u00e9enne de Lille (MEL) en raison d\u2019un conflit&hellip;\n","protected":false},"author":2,"featured_media":628518,"comment_status":"","ping_status":"","sticky":false,"template":"","format":"standard","meta":{"footnotes":""},"categories":[2815],"tags":[1111,47,11,1271,9671,3008,1777,674,1011,27,6151,811,1307,12,1308,1309,25,104],"class_list":{"0":"post-628517","1":"post","2":"type-post","3":"status-publish","4":"format-standard","5":"has-post-thumbnail","7":"category-lille","8":"tag-actu","9":"tag-actualite","10":"tag-actualites","11":"tag-cgt","12":"tag-conflit-social","13":"tag-dechets","14":"tag-eu","15":"tag-europe","16":"tag-fr","17":"tag-france","18":"tag-greve","19":"tag-hauts-de-france","20":"tag-lille","21":"tag-news","22":"tag-nord","23":"tag-nord-pas-de-calais","24":"tag-republique-francaise","25":"tag-societe"},"share_on_mastodon":{"url":"https:\/\/pubeurope.com\/@fr\/115805085005088635","error":""},"_links":{"self":[{"href":"https:\/\/www.europesays.com\/fr\/wp-json\/wp\/v2\/posts\/628517","targetHints":{"allow":["GET"]}}],"collection":[{"href":"https:\/\/www.europesays.com\/fr\/wp-json\/wp\/v2\/posts"}],"about":[{"href":"https:\/\/www.europesays.com\/fr\/wp-json\/wp\/v2\/types\/post"}],"author":[{"embeddable":true,"href":"https:\/\/www.europesays.com\/fr\/wp-json\/wp\/v2\/users\/2"}],"replies":[{"embeddable":true,"href":"https:\/\/www.europesays.com\/fr\/wp-json\/wp\/v2\/comments?post=628517"}],"version-history":[{"count":0,"href":"https:\/\/www.europesays.com\/fr\/wp-json\/wp\/v2\/posts\/628517\/revisions"}],"wp:featuredmedia":[{"embeddable":true,"href":"https:\/\/www.europesays.com\/fr\/wp-json\/wp\/v2\/media\/628518"}],"wp:attachment":[{"href":"https:\/\/www.europesays.com\/fr\/wp-json\/wp\/v2\/media?parent=628517"}],"wp:term":[{"taxonomy":"category","embeddable":true,"href":"https:\/\/www.europesays.com\/fr\/wp-json\/wp\/v2\/categories?post=628517"},{"taxonomy":"post_tag","embeddable":true,"href":"https:\/\/www.europesays.com\/fr\/wp-json\/wp\/v2\/tags?post=628517"}],"curies":[{"name":"wp","href":"https:\/\/api.w.org\/{rel}","templated":true}]}}