{"id":628519,"date":"2025-12-29T21:55:14","date_gmt":"2025-12-29T21:55:14","guid":{"rendered":"https:\/\/www.europesays.com\/fr\/628519\/"},"modified":"2025-12-29T21:55:14","modified_gmt":"2025-12-29T21:55:14","slug":"hame-by-la-concorde-histoire-et-cuisine-armenienne-emouvantes","status":"publish","type":"post","link":"https:\/\/www.europesays.com\/fr\/628519\/","title":{"rendered":"Ham\u00e9 by la Concorde, histoire et cuisine arm\u00e9nienne \u00e9mouvantes"},"content":{"rendered":"<p><img loading=\"lazy\" decoding=\"async\" width=\"1000\" height=\"1333\" src=\"https:\/\/www.europesays.com\/fr\/wp-content\/uploads\/2025\/12\/resto-armenien-le-panier-5.png\" alt=\" Ham\u00e9 by La Concorde \u00e0 Marseille, m\u00e8re et fils\" class=\"wp-image-48032\"  \/><\/p>\n<p>Il y a des adresses pour qui la \u00ab\u00a0cuisine de famille\u00a0\u00bb n\u2019est ni un argument commercial, encore moins marketing. Ham\u00e9 by La Concorde raconte un parcours de vie, un long chemin, celui d\u2019une famille de r\u00e9fugi\u00e9s politiques qui croisent un jour de 2015 leur destin\u00e9e avec celle de Marseille. A la barre, il faut aller chercher Astghik (la \u00ab\u00a0petite \u00e9toile\u00a0\u00bb) en cuisine, et Gayn\u00e9, sa s\u0153ur, en salle. Davit, fils de la premi\u00e8re, fait ses \u00e9tudes \u00e0 Paris mais revient \u00e0 Marseille d\u00e8s que possible pour pr\u00eater main forte aux femmes. Une famille, un restaurant qui a ouvert voil\u00e0 peu et qui ambitionne, de servir une \u00ab\u00a0cuisine fra\u00eeche et sinc\u00e8re qui essaie de raconter autre chose que le folklore habituel\u00a0\u00bb, dixit Davit.<\/p>\n<p>Dans les deux salles microscopiques mais confortables, avec vue sur la cuisine pour l\u2019une d\u2019elles, les conversations sont joyeuses. La carte passe de table en table, Gayn\u00e9 prend les commandes. Aubergines fondantes farcies d\u2019une p\u00e2te fine aux noix-coriandre fra\u00eeche et grenade, boreks dor\u00e9s en p\u00e2te filo garnie de fromage fondant et herbes fines font l\u2019unanimit\u00e9. C\u00f4t\u00e9 plats, les tolma (feuilles de vigne farcies au b\u0153uf et riz) se parent d\u2019une \u00e9mulsion de matsoun, fromage qui aiderait \u00e0 devenir centenaire\u2026 Il y a aussi le chou-fleur r\u00f4ti sur homos de haricots blancs-huile aux \u00e9pices et noix de cajou torr\u00e9fi\u00e9es.<\/p>\n<p>En hommage aux Arm\u00e9niens grands consommateurs de truites, on d\u00e9butera le d\u00e9jeuner avec des filets de truites en tartare-quelques lentilles \u00e9mulsion aux notes d\u2019estragon et yuzu. D\u00e9licat, plut\u00f4t raffin\u00e9, cette \u00ab\u00a0cuisine arm\u00e9nienne bien retap\u00e9e\u00a0\u00bb s\u2019av\u00e8re fra\u00eeche et aiguise l\u2019app\u00e9tit. Quelques keft\u00e9s (ailleurs qualifi\u00e9es de kebb\u00e9s) sont propos\u00e9s avec des l\u00e9gumes de saison r\u00f4tis. L\u2019assiette est mouill\u00e9e au bouillons de jus de b\u0153uf r\u00e9duit, bienvenu pour hydrater et assouplir la viande qui gagne en saveurs. Et avec \u00e7a ? Un vin de l\u00e0-bas, le fameux Karas cuv\u00e9e Areni 2023, \u00e9lev\u00e9 sur les pentes rocailleuses du mont Ararat. Un rouge aussi charpent\u00e9 que ses tanins sont rustiques. Un rouge \u00e0 la rugosit\u00e9 disciplin\u00e9e sur des notes de raisins noirs, profond et en harmonie avec les plats locaux.<br \/>Pour accompagner le caf\u00e9, il faudra go\u00fbter le gata, lointain cousin de la frangipane, galette des rois typiquement arm\u00e9nienne accompagn\u00e9e ici d\u2019une chantilly au yaourt siphonn\u00e9e aux ar\u00f4mes aigres d\u2019orange.\u00a0<\/p>\n<p>Pour qui ne conna\u00eet rien au patrimoine arm\u00e9nien, et pour ceux qui veulent vibrer aux \u00e9motions bien connues de cette cuisine mill\u00e9naire, Ham\u00e9 by La Concorde est une nouvelle adresse r\u00e9f\u00e9rente. Ceux qui ont connu Astghik tour \u00e0 tour chef et traiteur \u00e0 domicile, puis \u00e0 l\u2019\u0153uvre au food cub des Docks village, la retrouveront ici en pleine forme. Sa cuisine de femme est attachante, son geste technique affectueux. On aime le soin apport\u00e9 \u00e0 la s\u00e9lection des produits et \u00e0 leur mise en forme. Ici, on parle arm\u00e9nien, ce qui condimente plus encore les assiettes ; une exp\u00e9rience tr\u00e8s singuli\u00e8re.<\/p>\n<p>Ham\u00e9 by La Concorde, 36, rue du Petit Puits, Marseille 2e arr. ; infos au 07 53 24 13 30. Carte 30 \u20ac<br \/><a href=\"https:\/\/www.instagram.com\/la_concorde\/\" target=\"_blank\" rel=\"noopener\">Egalement sur insta<\/a><\/p>\n<blockquote class=\"instagram-media\" data-instgrm-captioned=\"\" data-instgrm-permalink=\"https:\/\/www.instagram.com\/reel\/DS2qPKLDIWz\/?utm_source=ig_embed&amp;utm_campaign=loading\" data-instgrm-version=\"14\" style=\" background:#FFF; border:0; border-radius:3px; box-shadow:0 0 1px 0 rgba(0,0,0,0.5),0 1px 10px 0 rgba(0,0,0,0.15); margin: 1px; max-width:540px; min-width:326px; padding:0; width:99.375%; width:-webkit-calc(100% - 2px); width:calc(100% - 2px);\"\/>\n<p>\t\t\t\t<script async src=\"\/\/www.instagram.com\/embed.js\"><\/script><\/p>\n","protected":false},"excerpt":{"rendered":"Il y a des adresses pour qui la \u00ab\u00a0cuisine de famille\u00a0\u00bb n\u2019est ni un argument commercial, encore moins&hellip;\n","protected":false},"author":2,"featured_media":628520,"comment_status":"","ping_status":"","sticky":false,"template":"","format":"standard","meta":{"footnotes":""},"categories":[2814],"tags":[1111,11,1777,674,1011,27,884,12,882,25],"class_list":{"0":"post-628519","1":"post","2":"type-post","3":"status-publish","4":"format-standard","5":"has-post-thumbnail","7":"category-marseille","8":"tag-actu","9":"tag-actualites","10":"tag-eu","11":"tag-europe","12":"tag-fr","13":"tag-france","14":"tag-marseille","15":"tag-news","16":"tag-provence-alpes-cote-dazur","17":"tag-republique-francaise"},"share_on_mastodon":{"url":"https:\/\/pubeurope.com\/@fr\/115805089029755476","error":""},"_links":{"self":[{"href":"https:\/\/www.europesays.com\/fr\/wp-json\/wp\/v2\/posts\/628519","targetHints":{"allow":["GET"]}}],"collection":[{"href":"https:\/\/www.europesays.com\/fr\/wp-json\/wp\/v2\/posts"}],"about":[{"href":"https:\/\/www.europesays.com\/fr\/wp-json\/wp\/v2\/types\/post"}],"author":[{"embeddable":true,"href":"https:\/\/www.europesays.com\/fr\/wp-json\/wp\/v2\/users\/2"}],"replies":[{"embeddable":true,"href":"https:\/\/www.europesays.com\/fr\/wp-json\/wp\/v2\/comments?post=628519"}],"version-history":[{"count":0,"href":"https:\/\/www.europesays.com\/fr\/wp-json\/wp\/v2\/posts\/628519\/revisions"}],"wp:featuredmedia":[{"embeddable":true,"href":"https:\/\/www.europesays.com\/fr\/wp-json\/wp\/v2\/media\/628520"}],"wp:attachment":[{"href":"https:\/\/www.europesays.com\/fr\/wp-json\/wp\/v2\/media?parent=628519"}],"wp:term":[{"taxonomy":"category","embeddable":true,"href":"https:\/\/www.europesays.com\/fr\/wp-json\/wp\/v2\/categories?post=628519"},{"taxonomy":"post_tag","embeddable":true,"href":"https:\/\/www.europesays.com\/fr\/wp-json\/wp\/v2\/tags?post=628519"}],"curies":[{"name":"wp","href":"https:\/\/api.w.org\/{rel}","templated":true}]}}