{"id":628521,"date":"2025-12-29T21:56:09","date_gmt":"2025-12-29T21:56:09","guid":{"rendered":"https:\/\/www.europesays.com\/fr\/628521\/"},"modified":"2025-12-29T21:56:09","modified_gmt":"2025-12-29T21:56:09","slug":"ludi-soutient-la-candidate-divers-droite-martine-vassal-pour-les-elections-municipales-2026-a-marseille","status":"publish","type":"post","link":"https:\/\/www.europesays.com\/fr\/628521\/","title":{"rendered":"L&rsquo;UDI soutient la candidate divers droite Martine Vassal pour les \u00e9lections municipales 2026 \u00e0 Marseille"},"content":{"rendered":"<p>L&rsquo;UDI a annonc\u00e9 ce lundi 29 d\u00e9cembre soutenir Martine Vassal, la candidate divers droite pour les \u00e9lections municipales 2026 \u00e0 Marseille.<\/p>\n<p>Apr\u00e8s Renaissance, LR et Horizons, l&rsquo;Union des d\u00e9mocrates et ind\u00e9pendants (UDI) adoube \u00e0 son tour la candidate de la droite et du centre aux \u00e9lections municipales de Marseille, <a href=\"https:\/\/www.bfmtv.com\/marseille\/replay-emissions\/bonsoir-marseille\/video-municipales-a-marseille-la-lutte-contre-l-antisemitisme-axe-majeur-de-la-campagne-de-m-vassal_VN-202512170796.html\" title=\"Municipales \u00e0 Marseille : la lutte contre l&#039;antis\u00e9mitisme, axe majeur de la campagne de M. Vassal\" class=\"internal_link\" target=\"_blank\" rel=\"noopener\">Martine Vassal<\/a>, a annonc\u00e9 le parti de centre-droit dans un communiqu\u00e9 publi\u00e9 lundi 29 d\u00e9cembre.<\/p>\n<p>\u00ab\u00a0Dans le cadre des municipales de mars 2026, l&rsquo;UDI apporte son soutien \u00e0 Martine Vassal pour Marseille\u00a0\u00bb, \u00e9crit le parti sur X.<\/p>\n<p>\u00ab\u00a0Notre mouvement affirme sa volont\u00e9 de rassembler le centre et la droite autour d&rsquo;un projet pour la deuxi\u00e8me ville de France fond\u00e9 sur le respect des libert\u00e9s fondamentales, la fraternit\u00e9, la justice territoriale, la cr\u00e9ativit\u00e9 et la prosp\u00e9rit\u00e9 partag\u00e9e\u00a0\u00bb, ajoute le parti pr\u00e9sid\u00e9 par Herv\u00e9 Marseille, chef de file des s\u00e9nateurs centristes.<\/p>\n<p>Point chaud des \u00e9lections municipales<\/p>\n<p>Cette annonce intervient un mois apr\u00e8s les propos pol\u00e9miques de Martine Vassal, qui avait esquiv\u00e9 une question sur une possible alliance avec le RN au second tour lors d&rsquo;une interview.<\/p>\n<p>Face \u00e0 l&#8217;emballement, l&rsquo;actuelle pr\u00e9sidente du d\u00e9partement des Bouches-du-Rh\u00f4ne et de la m\u00e9tropole Aix-Marseille-Provence, qui avait essuy\u00e9 une cuisante d\u00e9faite en 2020, avait clarifi\u00e9 son propos: \u00ab\u00a0en aucun cas il n&rsquo;a \u00e9t\u00e9 question d&rsquo;une alliance avec les extr\u00eames, que j&rsquo;ai combattus pendant toute ma vie politique!\u00a0\u00bb, avait-t-elle \u00e9crit sur X.<\/p>\n<p>Marseille sera l&rsquo;un des points chauds des municipales avec comme principaux candidats face \u00e0 Martine Vassal, le d\u00e9put\u00e9 RN Franck Allisio et le d\u00e9put\u00e9 LFI S\u00e9bastien Delogu. Le maire divers gauche Beno\u00eet Payan, \u00e0 la t\u00eate d&rsquo;une coalition de gauche, \u00e9cologiste et citoyenne, n&rsquo;a lui pas encore officialis\u00e9 sa candidature, qui fait peu de doute.<\/p>\n<p>Les derniers sondages donnent Payan, Vassal et Allisio dans une fourchette souvent proche de la marge d&rsquo;erreur. Les \u00e9ventuelles alliances ou d\u00e9sistements sont donc au centre des sp\u00e9culations.<\/p>\n","protected":false},"excerpt":{"rendered":"L&rsquo;UDI a annonc\u00e9 ce lundi 29 d\u00e9cembre soutenir Martine Vassal, la candidate divers droite pour les \u00e9lections municipales&hellip;\n","protected":false},"author":2,"featured_media":412692,"comment_status":"","ping_status":"","sticky":false,"template":"","format":"standard","meta":{"footnotes":""},"categories":[2814],"tags":[1111,11,1777,674,1011,27,884,12,882,25],"class_list":{"0":"post-628521","1":"post","2":"type-post","3":"status-publish","4":"format-standard","5":"has-post-thumbnail","7":"category-marseille","8":"tag-actu","9":"tag-actualites","10":"tag-eu","11":"tag-europe","12":"tag-fr","13":"tag-france","14":"tag-marseille","15":"tag-news","16":"tag-provence-alpes-cote-dazur","17":"tag-republique-francaise"},"share_on_mastodon":{"url":"https:\/\/pubeurope.com\/@fr\/115805093134367162","error":""},"_links":{"self":[{"href":"https:\/\/www.europesays.com\/fr\/wp-json\/wp\/v2\/posts\/628521","targetHints":{"allow":["GET"]}}],"collection":[{"href":"https:\/\/www.europesays.com\/fr\/wp-json\/wp\/v2\/posts"}],"about":[{"href":"https:\/\/www.europesays.com\/fr\/wp-json\/wp\/v2\/types\/post"}],"author":[{"embeddable":true,"href":"https:\/\/www.europesays.com\/fr\/wp-json\/wp\/v2\/users\/2"}],"replies":[{"embeddable":true,"href":"https:\/\/www.europesays.com\/fr\/wp-json\/wp\/v2\/comments?post=628521"}],"version-history":[{"count":0,"href":"https:\/\/www.europesays.com\/fr\/wp-json\/wp\/v2\/posts\/628521\/revisions"}],"wp:featuredmedia":[{"embeddable":true,"href":"https:\/\/www.europesays.com\/fr\/wp-json\/wp\/v2\/media\/412692"}],"wp:attachment":[{"href":"https:\/\/www.europesays.com\/fr\/wp-json\/wp\/v2\/media?parent=628521"}],"wp:term":[{"taxonomy":"category","embeddable":true,"href":"https:\/\/www.europesays.com\/fr\/wp-json\/wp\/v2\/categories?post=628521"},{"taxonomy":"post_tag","embeddable":true,"href":"https:\/\/www.europesays.com\/fr\/wp-json\/wp\/v2\/tags?post=628521"}],"curies":[{"name":"wp","href":"https:\/\/api.w.org\/{rel}","templated":true}]}}