{"id":628524,"date":"2025-12-29T21:58:12","date_gmt":"2025-12-29T21:58:12","guid":{"rendered":"https:\/\/www.europesays.com\/fr\/628524\/"},"modified":"2025-12-29T21:58:12","modified_gmt":"2025-12-29T21:58:12","slug":"combien-ca-coute-de-manger-chez-leon-de-lyon-son-celebre-restaurant-dans-la-capitale-des-gaules","status":"publish","type":"post","link":"https:\/\/www.europesays.com\/fr\/628524\/","title":{"rendered":"combien \u00e7a co\u00fbte de manger chez L\u00e9on de Lyon, son c\u00e9l\u00e8bre restaurant dans la capitale des Gaules ?"},"content":{"rendered":"<p>    Laurent Gerra est propri\u00e9taire du restaurant \u00abL\u00e9on de Lyon\u00bb \u00e0 Lyon.<br \/>\n                Jay Wennington \/ Unsplash<\/p>\n<p class=\"fig-standfirst\">\n    Laurent Gerra f\u00eate ses 58 ans ce lundi 29 d\u00e9cembre. \u00c0 Lyon, o\u00f9 il a d\u00e9but\u00e9 la sc\u00e8ne, l\u2019humoriste est propri\u00e9taire du restaurant L\u00e9on de Lyon. Mais alors, \u00e0 combien s\u2019\u00e9l\u00e8ve un repas dans cet \u00e9tablissement\u00a0?<\/p>\n<p class=\"fig-paragraph\">Laurent Gerra est un \u00e9picurien et ne s\u2019en est jamais cach\u00e9\u00a0! Si la cuisine occupe une place centrale dans son dernier spectacle intitul\u00e9 \u00abLaurent Gerra se met \u00e0 table\u00bb, elle est aussi tr\u00e8s pr\u00e9sente dans sa vie quotidienne, puisque l\u2019int\u00e9ress\u00e9 tient une affaire \u00e0 Lyon. Depuis 2022, l\u2019humoriste est\u00a0<a href=\"http:\/\/www.gala.fr\/lifestyle\/laurent-gerra-proprietaire-d-un-restaurant-a-lyon-isabelle-adjani-est-venue-a-l-ouverture-20250602\" data-fig-type=\"Article\" data-gtm-custom-categorie=\"navigation\" data-gtm-custom-action=\"crossclick\" data-gtm-custom-label=\"Contextuel\" data-gtm-event=\"customEventSPE\" data-fig-domain=\"GALA\" target=\"_blank\" rel=\"noopener\">propri\u00e9taire du restaurant L\u00e9on de Lyon<\/a>, ancien \u00e9toil\u00e9 situ\u00e9 dans le c\u00e9l\u00e8bre quartier des Terreaux. En se positionnant pour reprendre cet \u00e9tablissement, Laurent Gerra l\u2019a emp\u00each\u00e9 de couler, si l\u2019on en croit ses dires\u00a0: \u00abIl y a six ans, j\u2019ai rencontr\u00e9 Jean-Paul Lacombe, l\u2019ancien propri\u00e9taire de L\u00e9on de Lyon, qui craignait que son \u00e9tablissement disparaisse. Il a failli devenir un carrefour Market. C\u2019est pour \u00e7a qu\u2019on l\u2019a repris\u00bb, explique l\u2019int\u00e9ress\u00e9, lors d\u2019une interview pour Le Parisien, parue en juin dernier. Mais alors, quels sont les tarifs de ce c\u00e9l\u00e8bre restaurant\u00a0?<\/p>\n<p class=\"fig-paragraph\"><a href=\"https:\/\/www.leon-de-lyon.com\/\" target=\"_blank\" rel=\"sponsored noopener\" data-gtm-custom-categorie=\"navigation\" data-gtm-custom-action=\"crossclick\" data-gtm-custom-label=\"Contextuel\" data-gtm-event=\"customEventSPE\">Chez L\u00e9on de Lyon<\/a>, il est possible de venir go\u00fbter au menu du jour (comprenant une entr\u00e9e, un plat et un dessert), pour 33 euros hors boissons. Sans surprise, on retrouve des plats \u00abcanailles\u00bb comme aime les appeler Laurent Gerra, c\u2019est-\u00e0-dire typiques des bistrots, \u00e0 l\u2019instar de la terrine de chevreuil accompagn\u00e9e de son chutney d\u2019Oignon Grelot \u00e0 l\u2019orange, du faux-filet charolais matur\u00e9 servi avec ses pommes grenailles et sa sauce Porto et, pour finir, de la c\u00e9l\u00e8bre Cervelle de Canuts. Il est aussi possible de d\u00e9guster d\u2019autres mets pr\u00e9sents \u00e0 la carte. En entr\u00e9e, les plus gourmands se laisseront tenter par le pied de cochon pan\u00e9 (20 euros) ou le p\u00e2t\u00e9 cro\u00fbte maison (21 euros). Pour une note plus fra\u00eeche, on vous conseille la salade lyonnaise (18 euros) de l\u2019institution. Pour le plat de r\u00e9sistance, on reste dans les traditions avec les Quenelles de Brochet avec ses \u00e9pinards frais en branches, son riz blanc et sa sauce homardine (26 euros) ou le Foie de veau en persillade et ses pommes pur\u00e9e (28 euros). En dessert, il sera difficile de r\u00e9sister \u00e0 l\u2019\u00cele flottante aux pralines (11 euros) ainsi qu\u2019au Baba au rhum avec sa cr\u00e8me chantilly \u00e0 la vanille (12 euros).<\/p>\n<p>                                                                <a class=\"fig-a11y-skip\" href=\"#fig-a11y-skip-main-inarticle\" data-module=\"a11y-skip\" data-context=\"was @visible\"><br \/>\n    Passer la publicit\u00e9<br \/>\n<\/a>            <\/p>\n<p>                                                                Pour les plus grosses faims, L\u00e9on de Lyon propose \u00e9galement deux menus \u00e0 sa carte<\/p>\n<p class=\"fig-paragraph\">Le restaurant propose \u00e9galement deux menus. L\u2019Olympia, disponible au tarif de 69 euros, comprend une entr\u00e9e, un plat et un dessert selon une s\u00e9lection de mets parmi lesquels on retrouve la terrine de Foie Gras de Canard Maison, le Supr\u00eame de Volaille Fermi\u00e8re aux Morilles, accompagn\u00e9 de son riz blanc et de sa sauce au Vin jaune du Jura ainsi que L\u2019\u00c9clair Paris Brest. Le menu Lyonnais, qui s\u2019\u00e9l\u00e8ve lui \u00e0 48 euros, vous laisse \u00e9galement le choix entre deux plats, de l\u2019entr\u00e9e au dessert. Pied de cochon Pan\u00e9 et sa vinaigrette de jus de viande, Andouillette Gratin\u00e9e Maison Bobosse et ses pommes grenailles, \u00cele Flottante aux Pralines roses&#8230; Il n\u2019y a qu\u2019\u00e0 faire votre choix\u00a0!<\/p>\n<p class=\"fig-paragraph\">L\u00e9on de Lyon\u00a0<\/p>\n<p class=\"fig-paragraph\">1 rue Pleney, 69001 LYON<\/p>\n<p>04.72.10.11.12<\/p>\n<p class=\"fig-paragraph\"><a href=\"https:\/\/www.leon-de-lyon.com\/notre-carte\/?utm_source=google&amp;utm_medium=organic&amp;utm_campaign=mybusiness-menu\" target=\"_blank\" rel=\"sponsored noopener\" data-gtm-custom-categorie=\"navigation\" data-gtm-custom-action=\"crossclick\" data-gtm-custom-label=\"Contextuel\" data-gtm-event=\"customEventSPE\">leon-de-lyon.com<\/a><\/p>\n","protected":false},"excerpt":{"rendered":"Laurent Gerra est propri\u00e9taire du restaurant \u00abL\u00e9on de Lyon\u00bb \u00e0 Lyon. Jay Wennington \/ Unsplash Laurent Gerra f\u00eate&hellip;\n","protected":false},"author":2,"featured_media":628525,"comment_status":"","ping_status":"","sticky":false,"template":"","format":"standard","meta":{"footnotes":""},"categories":[1889],"tags":[1111,11,2430,1777,674,1011,27,1661,2701,6098,2428,12,25,1340],"class_list":{"0":"post-628524","1":"post","2":"type-post","3":"status-publish","4":"format-standard","5":"has-post-thumbnail","7":"category-lyon","8":"tag-actu","9":"tag-actualites","10":"tag-auvergne-rhone-alpes","11":"tag-eu","12":"tag-europe","13":"tag-fr","14":"tag-france","15":"tag-gastronomie","16":"tag-humoriste","17":"tag-laurent-gerra","18":"tag-lyon","19":"tag-news","20":"tag-republique-francaise","21":"tag-restaurant"},"share_on_mastodon":{"url":"https:\/\/pubeurope.com\/@fr\/115805100594195328","error":""},"_links":{"self":[{"href":"https:\/\/www.europesays.com\/fr\/wp-json\/wp\/v2\/posts\/628524","targetHints":{"allow":["GET"]}}],"collection":[{"href":"https:\/\/www.europesays.com\/fr\/wp-json\/wp\/v2\/posts"}],"about":[{"href":"https:\/\/www.europesays.com\/fr\/wp-json\/wp\/v2\/types\/post"}],"author":[{"embeddable":true,"href":"https:\/\/www.europesays.com\/fr\/wp-json\/wp\/v2\/users\/2"}],"replies":[{"embeddable":true,"href":"https:\/\/www.europesays.com\/fr\/wp-json\/wp\/v2\/comments?post=628524"}],"version-history":[{"count":0,"href":"https:\/\/www.europesays.com\/fr\/wp-json\/wp\/v2\/posts\/628524\/revisions"}],"wp:featuredmedia":[{"embeddable":true,"href":"https:\/\/www.europesays.com\/fr\/wp-json\/wp\/v2\/media\/628525"}],"wp:attachment":[{"href":"https:\/\/www.europesays.com\/fr\/wp-json\/wp\/v2\/media?parent=628524"}],"wp:term":[{"taxonomy":"category","embeddable":true,"href":"https:\/\/www.europesays.com\/fr\/wp-json\/wp\/v2\/categories?post=628524"},{"taxonomy":"post_tag","embeddable":true,"href":"https:\/\/www.europesays.com\/fr\/wp-json\/wp\/v2\/tags?post=628524"}],"curies":[{"name":"wp","href":"https:\/\/api.w.org\/{rel}","templated":true}]}}