{"id":628528,"date":"2025-12-29T22:01:13","date_gmt":"2025-12-29T22:01:13","guid":{"rendered":"https:\/\/www.europesays.com\/fr\/628528\/"},"modified":"2025-12-29T22:01:13","modified_gmt":"2025-12-29T22:01:13","slug":"trenitalia-sallie-a-un-fonds-americain-et-veut-faire-de-paris-le-hub-de-sa-conquete-du-rail-transfrontalier","status":"publish","type":"post","link":"https:\/\/www.europesays.com\/fr\/628528\/","title":{"rendered":"Trenitalia s&rsquo;allie \u00e0 un fonds am\u00e9ricain et veut faire de Paris le hub de sa conqu\u00eate du rail transfrontalier"},"content":{"rendered":"<p>                    Par<br \/>\n        <strong><br \/>\n            <a href=\"https:\/\/actu.fr\/auteur\/julie-bossart-actu-fr\" title=\"Consulter tous les articles de Julie Bossart\" target=\"_blank\" rel=\"noopener\">Julie Bossart<\/a><br \/>\n                    <\/strong><\/p>\n<p>        Publi\u00e9 le<\/p>\n<p>            29 d\u00e9c. 2025 \u00e0 16h29        <\/p>\n<p>Il est pr\u00e9sent\u00e9 comme \u00ab\u2009strat\u00e9gique pour le d\u00e9veloppement du transport ferroviaire international \u00e0<a href=\"https:\/\/actu.fr\/tag\/tgv\" target=\"_blank\" rel=\"noopener\"> grande vitesse\u2009<\/a>\u00bb. Ce lundi 29\u00a0d\u00e9cembre 2025, un partenariat a \u00e9t\u00e9 conclu entre le groupe public italien Ferrovie dello Stato (FS), maison m\u00e8re de <a href=\"https:\/\/actu.fr\/tag\/trenitalia\" target=\"_blank\" rel=\"noopener\">Trenitalia<\/a> France, et le fonds am\u00e9ricain Certares, sp\u00e9cialis\u00e9 dans le voyage et le tourisme.<\/p>\n<p>Un centre de maintenance pr\u00e8s de Paris, des emplois\u2026<\/p>\n<p class=\" wall-content\">L\u2019accord pr\u00e9voit la cr\u00e9ation d\u2019une coentreprise et comprend un investissement de 300\u00a0millions d\u2019euros dans Trenitalia France, bas\u00e9e \u00e0 <a href=\"https:\/\/actu.fr\/paris\/dernieres-actus\" target=\"_blank\" rel=\"noopener\">Paris<\/a> et qui exploite des trains de voyageurs \u00e0 grande vitesse entre la France et l\u2019Italie depuis 2011. Il vise \u00e0 acc\u00e9l\u00e9rer sa croissance et \u00e0 consolider sa pr\u00e9sence dans l\u2019Hexagone, au Royaume-Uni et sur les march\u00e9s transfrontaliers.<\/p>\n<p class=\" wall-content\">Concr\u00e8tement, Trenitalia France pr\u00e9pare l\u2019extension de sa flotte \u00e0 au moins 19 rames, l\u2019ouverture d\u2019un site de maintenance pr\u00e8s de Paris et l\u2019augmentation des fr\u00e9quences de circulation sur les lignes existantes (jusqu\u2019\u00e0 28 circulations quotidiennes sur Paris- Lyon) \u2013 elle est concurrence frontale avec la SNCF depuis quatre ans, <a href=\"https:\/\/actu.fr\/auvergne-rhone-alpes\/lyon_69123\/prix-casses-plus-de-trains-comment-trenitalia-veut-gagner-des-clients-entre-lyon-et-paris_63559916.html\" target=\"_blank\" rel=\"noopener\">sans \u00eatre toutefois encore rentable<\/a>. \u00c0 la clef, la cr\u00e9ation de plusieurs centaines de nouveaux emplois en France, augure FS.<\/p>\n<p class=\" wall-content\">L\u2019op\u00e9rateur italien \u00e9tudie aussi la ligne Paris-Bruxelles, avait indiqu\u00e9 le groupe lors de la pr\u00e9sentation de son plan strat\u00e9gique d\u00e9but d\u00e9cembre. L\u2019enjeu premier restant de <a href=\"https:\/\/actu.fr\/ile-de-france\/paris_75056\/trenitalia-veut-concurrencer-eurostar-et-lancer-une-ligne-a-grande-vitesse-entre-paris-et-londres_62481811.html\" target=\"_blank\" rel=\"noopener\">concurrencer l\u2019Eurostar sur la ligne Paris \u2013 Londres<\/a> d\u2019ici \u00e0 2029.<\/p>\n<p class=\" wall-content\">Trenitalia France compte ainsi investir un milliard d\u2019euros sur ses lignes en France et au Royaume-Uni, mais aussi\u00a0mieux distribuer son offre via des accords avec les soci\u00e9t\u00e9s du portefeuille de Certares, qui compte notamment les agences de voyages CWT, Ovation, Egencia (affaires), Havas Voyages et Selectour (loisirs).<\/p>\n<p class=\" wall-content\">Personnalisez votre actualit\u00e9 en ajoutant vos villes et m\u00e9dias en favori avec <a href=\"https:\/\/moncompte.actu.fr\" title=\"D\u00e9couvez Mon Actu\" rel=\"nofollow noopener\" data-trk=\"{&quot;cta&quot;:{&quot;action&quot;:&quot;https:\\\/\\\/moncompte.actu.fr&quot;,&quot;category&quot;:&quot;mon compte&quot;,&quot;from&quot;:&quot;article footer&quot;,&quot;name&quot;:&quot;Mon actu&quot;,&quot;type&quot;:&quot;cta&quot;}}\" target=\"_blank\">Mon Actu<\/a>.<\/p>\n","protected":false},"excerpt":{"rendered":"Par Julie Bossart Publi\u00e9 le 29 d\u00e9c. 2025 \u00e0 16h29 Il est pr\u00e9sent\u00e9 comme \u00ab\u2009strat\u00e9gique pour le d\u00e9veloppement&hellip;\n","protected":false},"author":2,"featured_media":628529,"comment_status":"","ping_status":"","sticky":false,"template":"","format":"standard","meta":{"footnotes":""},"categories":[1888],"tags":[1111,1928,11,1927,1777,674,1011,27,12,1926,626,1925,25,104,2214,2803,7582],"class_list":{"0":"post-628528","1":"post","2":"type-post","3":"status-publish","4":"format-standard","5":"has-post-thumbnail","7":"category-paris","8":"tag-actu","9":"tag-actu-paris","10":"tag-actualites","11":"tag-actualites-paris","12":"tag-eu","13":"tag-europe","14":"tag-fr","15":"tag-france","16":"tag-news","17":"tag-news-paris","18":"tag-paris","19":"tag-paris-news","20":"tag-republique-francaise","21":"tag-societe","22":"tag-tgv","23":"tag-transport","24":"tag-trenitalia"},"share_on_mastodon":{"url":"https:\/\/pubeurope.com\/@fr\/115805112517454817","error":""},"_links":{"self":[{"href":"https:\/\/www.europesays.com\/fr\/wp-json\/wp\/v2\/posts\/628528","targetHints":{"allow":["GET"]}}],"collection":[{"href":"https:\/\/www.europesays.com\/fr\/wp-json\/wp\/v2\/posts"}],"about":[{"href":"https:\/\/www.europesays.com\/fr\/wp-json\/wp\/v2\/types\/post"}],"author":[{"embeddable":true,"href":"https:\/\/www.europesays.com\/fr\/wp-json\/wp\/v2\/users\/2"}],"replies":[{"embeddable":true,"href":"https:\/\/www.europesays.com\/fr\/wp-json\/wp\/v2\/comments?post=628528"}],"version-history":[{"count":0,"href":"https:\/\/www.europesays.com\/fr\/wp-json\/wp\/v2\/posts\/628528\/revisions"}],"wp:featuredmedia":[{"embeddable":true,"href":"https:\/\/www.europesays.com\/fr\/wp-json\/wp\/v2\/media\/628529"}],"wp:attachment":[{"href":"https:\/\/www.europesays.com\/fr\/wp-json\/wp\/v2\/media?parent=628528"}],"wp:term":[{"taxonomy":"category","embeddable":true,"href":"https:\/\/www.europesays.com\/fr\/wp-json\/wp\/v2\/categories?post=628528"},{"taxonomy":"post_tag","embeddable":true,"href":"https:\/\/www.europesays.com\/fr\/wp-json\/wp\/v2\/tags?post=628528"}],"curies":[{"name":"wp","href":"https:\/\/api.w.org\/{rel}","templated":true}]}}