{"id":628536,"date":"2025-12-29T22:05:11","date_gmt":"2025-12-29T22:05:11","guid":{"rendered":"https:\/\/www.europesays.com\/fr\/628536\/"},"modified":"2025-12-29T22:05:11","modified_gmt":"2025-12-29T22:05:11","slug":"guerre-en-ukraine-ce-que-lon-sait-de-lattaque-de-drones-contre-la-residence-de-poutine-en-russie","status":"publish","type":"post","link":"https:\/\/www.europesays.com\/fr\/628536\/","title":{"rendered":"Guerre en Ukraine : ce que l\u2019on sait de \u00ab\u00a0l\u2019attaque\u00a0\u00bb de drones contre la r\u00e9sidence de Poutine en Russie"},"content":{"rendered":"<p class=\"paragraph text_align_left lp-f-body-02\">Le doute est sem\u00e9. Alors que Moscou a accus\u00e9 ce lundi Kiev d\u2019avoir lanc\u00e9 dans la nuit une attaque de drones sur la r\u00e9sidence de Vladimir Poutine, Volodymyr Zelensky a aussit\u00f4t qualifi\u00e9 cette d\u00e9claration de \u00ab mensonge \u00bb.<\/p>\n<p class=\"\">La Russie a pr\u00e9venu dans la foul\u00e9e que sa position dans les n\u00e9gociations pour mettre fin au conflit en Ukraine serait de ce fait \u00ab r\u00e9examin\u00e9e \u00bb. Et <a href=\"https:\/\/www.leparisien.fr\/international\/guerre-en-ukraine-moscou-accuse-kiev-davoir-lance-des-drones-contre-la-residence-de-poutine-un-mensonge-selon-zelensky-29-12-2025-ENJ37GEJRNA5VMSOLXEL47YWTY.php\" target=\"_blank\" rel=\"noreferrer noopener\">l\u2019Ukraine l\u2019a accus\u00e9 de \u00ab saper \u00bb ses efforts diplomatiques<\/a> avec les \u00c9tats-Unis avec ces accusations. Le Parisien fait le point sur la situation.<\/p>\n<p>Que s\u2019est-il pass\u00e9 ?<\/p>\n<p class=\"\">Tout a commenc\u00e9 par une d\u00e9claration du ministre russe des Affaires \u00e9trang\u00e8res Sergue\u00ef Lavrov sur Telegram dans l\u2019apr\u00e8s-midi. \u00ab Le r\u00e9gime de Kiev a lanc\u00e9 une attaque terroriste utilisant 91 drones contre la r\u00e9sidence d\u2019\u00c9tat du pr\u00e9sident \u00bb <a href=\"https:\/\/www.leparisien.fr\/international\/vladimir-poutine\/\" target=\"_blank\" rel=\"noreferrer noopener\">Vladimir Poutine<\/a> dans la r\u00e9gion de Novgorod, \u00e0 Valda\u00ef, au cours de la nuit, a-t-il affirm\u00e9, pr\u00e9cisant que tous les drones avaient \u00e9t\u00e9 intercept\u00e9s.<\/p>\n<p class=\"\">Cette \u00ab attaque \u00bb, a-t-il poursuivi, \u00ab a \u00e9t\u00e9 men\u00e9e lors de n\u00e9gociations intensives entre la Russie et les \u00c9tats-Unis sur le r\u00e8glement du conflit ukrainien \u00bb et ne \u00ab restera pas sans r\u00e9ponse \u00bb. Sergue\u00ef Lavrov a aussi mis en garde contre des \u00ab repr\u00e9sailles \u00bb.<\/p>\n<p class=\"\">La r\u00e9action du pr\u00e9sident ukrainien a \u00e9t\u00e9 presque imm\u00e9diate, lors d\u2019une conf\u00e9rence de presse en ligne : \u00ab Ils (la Russie) ne veulent pas mettre fin \u00e0 la guerre \u00bb. <a href=\"https:\/\/www.leparisien.fr\/international\/ukraine\/guerre-en-ukraine-washington-a-propose-a-kiev-des-garanties-de-securite-solides-pour-15-ans-prolongeables-affirme-zelensky-29-12-2025-77HX5RKAV5FVLKHBY4LYKQ32MU.php\" target=\"_blank\" rel=\"noreferrer noopener\">Volodymyr Zelensky<\/a> a estim\u00e9 que Moscou \u00ab pr\u00e9pare simplement le terrain pour mener des frappes, probablement sur la capitale et probablement sur des b\u00e2timents gouvernementaux \u00bb.<\/p>\n<p>L\u2019Ukraine est-elle vraiment derri\u00e8re cette \u00ab attaque \u00bb ?<\/p>\n<p class=\"\">Il est pour l\u2019instant impossible de savoir si les accusations russes sont fond\u00e9es. Ce qui est s\u00fbr, c\u2019est que l\u2019Ukraine d\u00e9ment formellement. Pour Ulrich Bounat, sp\u00e9cialiste du conflit, il est envisageable qu\u2019il s\u2019agisse d\u2019une invention \u00ab totale \u00bb de la part de Moscou.<\/p>\n<p class=\"\">Ce serait \u00ab \u00e9trange \u00bb que Kiev vise la r\u00e9sidence de Poutine, selon l\u2019expert en g\u00e9opolitique. En cause ? Le risque de se \u00ab f\u00e2cher \u00bb avec les Am\u00e9ricains et les Europ\u00e9ens, \u00ab qui ne veulent probablement pas que le chef de la premi\u00e8re puissance nucl\u00e9aire soit liquid\u00e9 \u00bb.<\/p>\n<p class=\"\">L\u2019option la plus probable, selon Ulrich Bounat, c\u2019est que des drones aient bel et bien \u00e9t\u00e9 abattus au-dessus de Novgorod, sans qu\u2019ils aient vis\u00e9 Valda\u00ef. \u00ab Apr\u00e8s tout, c\u2019est sur la route depuis l\u2019Ukraine pour aller frapper les terminaux \u00e0 c\u00f4t\u00e9 de Saint-P\u00e9tersbourg \u00bb et \u00ab <a href=\"https:\/\/www.leparisien.fr\/international\/ukraine\/sommee-par-trump-de-mettre-fin-a-la-guerre-en-ukraine-la-russie-annonce-avoir-pris-une-nouvelle-ville-du-donbass-31-07-2025-IFHEES2MBNDPPPSJ7RRSNUENNY.php\" target=\"_blank\" rel=\"noreferrer noopener\">la propagande russe<\/a> se fonde en g\u00e9n\u00e9ral sur un \u00e9l\u00e9ment r\u00e9el pour ensuite b\u00e2tir une l\u00e9gende \u00bb, explique le sp\u00e9cialiste du conflit.<\/p>\n<p class=\"\">Dans un message envoy\u00e9 par Telegram, le pr\u00e9sident<a href=\"https:\/\/www.leparisien.fr\/international\/volodymyr-zelensky\/\" rel=\"noopener\" target=\"_blank\">Volodymyr Zelensky<\/a>a fermement rejet\u00e9 les accusations russes. Il met en garde contre des \u00ab d\u00e9clarations tr\u00e8s dangereuses \u00bb de la Russie, qu\u2019il accuse de chercher \u00e0 \u00ab saborder tous les progr\u00e8s \u00bb diplomatiques r\u00e9cents, au lendemain de<a href=\"https:\/\/www.leparisien.fr\/international\/guerre-en-ukraine-apres-une-reunion-avec-zelensky-en-floride-trump-salue-de-nombreux-progres-mais-toujours-pas-daccord-de-paix-29-12-2025-73EZTJOEPBASHLP5MVVET3KV7U.php\" rel=\"noopener\" target=\"_blank\">la rencontre entre le pr\u00e9sident am\u00e9ricain et son homologue ukrainien<\/a> Volodymyr Zelensky en Floride.<\/p>\n<p>Quelles cons\u00e9quences apr\u00e8s ces accusations mutuelles ?<\/p>\n<p class=\"\">Ces accusations viennent en tout cas semer le doute sur la poursuite <a href=\"https:\/\/www.leparisien.fr\/international\/ukraine\/guerre-en-ukraine-que-peut-on-attendre-de-la-nouvelle-rencontre-trump-zelensky-en-floride-ce-dimanche-28-12-2025-U74EGHTMF5CINERIH22JXRDVVA.php\" target=\"_blank\" rel=\"noreferrer noopener\">des intenses tractations diplomatiques en cours depuis novembre<\/a> pour tenter de mettre fin au conflit le plus meurtrier en Europe depuis la Deuxi\u00e8me Guerre mondiale.<\/p>\n<p class=\"\">Selon le conseiller diplomatique du Kremlin Iouri Ouchakov, Vladimir Poutine a d\u00e9clar\u00e9 \u00e0 <a href=\"https:\/\/www.leparisien.fr\/international\/ukraine\/voulez-vous-manger-ou-considerez-vous-cela-comme-un-pot-de-vin-la-moquerie-de-trump-aux-journalistes-a-sa-reunion-avec-zelensky-28-12-2025-X7SSKJAG6FENNCXRST37Z56ZEQ.php\" target=\"_blank\" rel=\"noreferrer noopener\">Donald Trump<\/a> lors d\u2019un entretien t\u00e9l\u00e9phonique ce lundi que la position de la Russie sur \u00ab un certain nombre d\u2019accords conclus \u00e0 l\u2019\u00e9tape pr\u00e9c\u00e9dente \u00bb et sur des solutions \u00e9voqu\u00e9es serait \u00ab r\u00e9examin\u00e9e \u00bb apr\u00e8s l\u2019\u00ab attaque terroriste \u00bb de Kiev.<\/p>\n<p class=\"\">De son c\u00f4t\u00e9, Donald Trump a critiqu\u00e9 depuis la Floride cette attaque pr\u00e9sum\u00e9e, se disant \u00ab tr\u00e8s en col\u00e8re \u00bb. \u00ab Vous savez qui m\u2019en a parl\u00e9 ? Le pr\u00e9sident Poutine, t\u00f4t ce matin. Il a dit qu\u2019il avait \u00e9t\u00e9 attaqu\u00e9. Ce n\u2019est pas bon \u00bb, a d\u00e9clar\u00e9 le pr\u00e9sident am\u00e9ricain. \u00ab C\u2019est une p\u00e9riode d\u00e9licate. Ce n\u2019est pas le bon moment. C\u2019est une chose d\u2019attaquer parce qu\u2019ils attaquent. C\u2019est autre chose d\u2019attaquer sa maison \u00bb, a-t-il ajout\u00e9. <\/p>\n<p class=\"\">Visiblement, Donald Trump accorde en tout cas du cr\u00e9dit aux accusations russes.<\/p>\n","protected":false},"excerpt":{"rendered":"Le doute est sem\u00e9. Alors que Moscou a accus\u00e9 ce lundi Kiev d\u2019avoir lanc\u00e9 dans la nuit une&hellip;\n","protected":false},"author":2,"featured_media":628537,"comment_status":"","ping_status":"","sticky":false,"template":"","format":"standard","meta":{"footnotes":""},"categories":[1591],"tags":[11,1887,14,12,1885,1886,132,220],"class_list":{"0":"post-628536","1":"post","2":"type-post","3":"status-publish","4":"format-standard","5":"has-post-thumbnail","7":"category-russie","8":"tag-actualites","9":"tag-federation-de-russie","10":"tag-international","11":"tag-news","12":"tag-russia","13":"tag-russian-federation","14":"tag-russie","15":"tag-ukraine"},"share_on_mastodon":{"url":"https:\/\/pubeurope.com\/@fr\/115805128216286117","error":""},"_links":{"self":[{"href":"https:\/\/www.europesays.com\/fr\/wp-json\/wp\/v2\/posts\/628536","targetHints":{"allow":["GET"]}}],"collection":[{"href":"https:\/\/www.europesays.com\/fr\/wp-json\/wp\/v2\/posts"}],"about":[{"href":"https:\/\/www.europesays.com\/fr\/wp-json\/wp\/v2\/types\/post"}],"author":[{"embeddable":true,"href":"https:\/\/www.europesays.com\/fr\/wp-json\/wp\/v2\/users\/2"}],"replies":[{"embeddable":true,"href":"https:\/\/www.europesays.com\/fr\/wp-json\/wp\/v2\/comments?post=628536"}],"version-history":[{"count":0,"href":"https:\/\/www.europesays.com\/fr\/wp-json\/wp\/v2\/posts\/628536\/revisions"}],"wp:featuredmedia":[{"embeddable":true,"href":"https:\/\/www.europesays.com\/fr\/wp-json\/wp\/v2\/media\/628537"}],"wp:attachment":[{"href":"https:\/\/www.europesays.com\/fr\/wp-json\/wp\/v2\/media?parent=628536"}],"wp:term":[{"taxonomy":"category","embeddable":true,"href":"https:\/\/www.europesays.com\/fr\/wp-json\/wp\/v2\/categories?post=628536"},{"taxonomy":"post_tag","embeddable":true,"href":"https:\/\/www.europesays.com\/fr\/wp-json\/wp\/v2\/tags?post=628536"}],"curies":[{"name":"wp","href":"https:\/\/api.w.org\/{rel}","templated":true}]}}