{"id":628542,"date":"2025-12-29T22:08:13","date_gmt":"2025-12-29T22:08:13","guid":{"rendered":"https:\/\/www.europesays.com\/fr\/628542\/"},"modified":"2025-12-29T22:08:13","modified_gmt":"2025-12-29T22:08:13","slug":"miroir-dune-societe-en-quete-dequilibre","status":"publish","type":"post","link":"https:\/\/www.europesays.com\/fr\/628542\/","title":{"rendered":"miroir d\u2019une soci\u00e9t\u00e9 en qu\u00eate d\u2019\u00e9quilibre"},"content":{"rendered":"<p>Chaque mois de janvier, le m\u00eame rituel s\u2019installe des deux c\u00f4t\u00e9s de la Manche. On \u00e9crit des listes sur un coin de table, on se promet de \u2018faire mieux\u2019, en projetant une version l\u00e9g\u00e8rement am\u00e9lior\u00e9e de soi-m\u00eame. Mais derri\u00e8re ce r\u00e9flexe universel se cache une diff\u00e9rence culturelle bien r\u00e9elle. Si en France, la r\u00e9solution est souvent radicale (parfois dramatique), au Royaume-Uni, elle est plus nuanc\u00e9e, plus pragmatique\u2026 et surtout pens\u00e9e pour durer.<\/p>\n<p class=\"p-empty\">\u00a0<\/p>\n<p>\u00c0 partir d\u2019un \u00e9chantillon restreint de t\u00e9moignages recueillis \u00e0 Londres : barmaid, commercial, coordinateur d\u2019\u00e9v\u00e9nements, une tendance se dessine pour 2026 : les r\u00e9solutions britanniques se ressemblent. Cette univocit\u00e9 raconte une soci\u00e9t\u00e9 qui pr\u00e9f\u00e8re les petits pas aux grands virages !<\/p>\n<p class=\"p-empty\">\u00a0<\/p>\n<p>Plus d\u2019exercice : la r\u00e9solution de 2026 ?<\/p>\n<p class=\"p-empty\">\u00a0<\/p>\n<p>Faire plus d\u2019exercice revient, chaque ann\u00e9e, comme un leitmotiv. El\u00e9a, barmaid \u00e0 Londres, l\u2019exprime sans d\u00e9tour : \u201cJe ne veux pas vraiment devenir super sportive ou quoi que ce soit. Je me sens juste mieux quand je bouge un peu plus. C&rsquo;est plus une question de bien-\u00eatre que de changement physique.\u201d<\/p>\n<p class=\"p-empty\">\u00a0<\/p>\n<p>M\u00eame philosophie chez Paul, coordinateur d\u2019\u00e9v\u00e9nements, qui promet de revenir plus r\u00e9guli\u00e8rement faire de l\u2019exercice : \u201cJ\u2019ai un abonnement \u00e0 la salle de sport depuis des ann\u00e9es, mais je vais et je viens. Cette ann\u00e9e, je veux juste \u00eatre constant, m\u00eame si ce n&rsquo;est qu&rsquo;une ou deux fois par semaine, sans pression\u201d. Nils, lui, est encore plus minimaliste : \u201cJ&rsquo;ai r\u00e9alis\u00e9 que si je me fixais chaque ann\u00e9e des objectifs trop ambitieux, je finissais par abandonner. J&rsquo;ai donc d\u00e9cid\u00e9 de marcher vingt minutes chaque jour. Voil\u00e0, c&rsquo;est tout et je pense que je peux le faire, du moins je l\u2019esp\u00e8re !\u201d<\/p>\n<p class=\"p-empty\">\u00a0<\/p>\n<p>Lire davantage : r\u00e9solution silencieuse mais r\u00e9v\u00e9latrice<\/p>\n<p class=\"p-empty\">\u00a0<\/p>\n<p>Autre r\u00e9solution qui revient fr\u00e9quemment : lire davantage. Pam et Pierre (consultant), pourtant issus de milieux professionnels diff\u00e9rents, partagent exactement la m\u00eame aspiration.<\/p>\n<p class=\"p-empty\">\u00a0<\/p>\n<p>Pam explique : \u201cJe passe toute ma journ\u00e9e devant des \u00e9crans pour le travail, puis je continue \u00e0 faire d\u00e9filer mon \u00e9cran le soir, sans m\u00eame m&rsquo;en rendre compte. La lecture me permet de ralentir et de reposer mon cerveau.\u201d Pierre y voit aussi une forme de recentrage personnel : \u201cAvant, je lisais beaucoup plus. Maintenant, je passe surtout mon temps sur mon t\u00e9l\u00e9phone. \u00c7a me manque, cette sensation d&rsquo;\u00eatre vraiment concentr\u00e9 sur quelque chose.\u201d<\/p>\n<p class=\"p-empty\">\u00a0<\/p>\n<p>Quand la sant\u00e9 mentale devient une priorit\u00e9\u00a0<\/p>\n<p class=\"p-empty\">\u00a0<\/p>\n<p>Ce t\u00e9l\u00e9phone devient alors une priorit\u00e9 et Kaya a un seul objectif cette ann\u00e9e : elle veut arr\u00eater de scroller avant de dormir : \u201cLa v\u00e9rit\u00e9 est que scroller affecte r\u00e9ellement mon sommeil et mon humeur. Je ne veux pas finir ma journ\u00e9e en absorbant la vie des autres.\u201d Louis va plus loin dans la r\u00e9flexion : \u201cJe dis oui \u00e0 trop de choses. Au travail, dans ma vie sociale, quand on me demande des services. Cette ann\u00e9e, je veux dire non plus souvent, non pas parce que je m&rsquo;en fiche, mais parce que je m&rsquo;en soucie.\u201d<\/p>\n<p class=\"p-empty\">\u00a0<\/p>\n<p>Il pr\u00e9cise \u00e0 ce titre : \u201cC&rsquo;est dr\u00f4le, parce qu&rsquo;en m\u00eame temps, je veux \u00eatre plus sociable, mais d&rsquo;une meilleure mani\u00e8re. Voir les gens parce que j&rsquo;en ai envie, pas parce que je pense que je devrais.\u201d<\/p>\n<p class=\"p-empty\">\u00a0<\/p>\n<p>Self-care et \u00e9cologie : le soin, par les petits gestes<\/p>\n<p class=\"p-empty\">\u00a0<\/p>\n<p>Certaines r\u00e9solutions se jouent \u00e0 une \u00e9chelle plus\u2026 intime. Nial, trader, s\u2019engage \u00e0 suivre une vraie routine de soins : \u201cJe n&rsquo;ai jamais vraiment pr\u00eat\u00e9 attention \u00e0 tout cela , mais derni\u00e8rement j&rsquo;ai r\u00e9alis\u00e9 que cela me faisait me sentir mieux, plus en forme.\u201d\u00a0<\/p>\n<p class=\"p-empty\">\u00a0<\/p>\n<p>De son c\u00f4t\u00e9, Liam \u00e9voque un engagement \u00e9cologique tr\u00e8s concret : \u201cJe veux imp\u00e9rativement apporter mes propres sacs quand je fais les courses. Cela peut sembler ridicule, mais c&rsquo;est quelque chose que je peux et que je veux r\u00e9ellement faire. Je ne veux pas faire de grandes promesses \u00e9cologiques que je ne tiendrai pas\u2026\u201d<\/p>\n<p class=\"p-empty\">\u00a0<\/p>\n<p>2026, ou l\u2019ann\u00e9e des promesses tenables ?\u00a0<\/p>\n<p class=\"p-empty\">\u00a0<\/p>\n<p>\u00c9trangement, aucun des interview\u00e9s n\u2019\u00e9voque de rupture radicale, mais une volont\u00e9 d\u2019ajustement progressif. Alors, moins de grandes d\u00e9clarations, plus de petits engagements : et si, finalement, la r\u00e9solution la plus moderne \u00e9tait simplement celle qu\u2019on est capable de tenir ?<\/p>\n<p>\u00a0<\/p>\n","protected":false},"excerpt":{"rendered":"Chaque mois de janvier, le m\u00eame rituel s\u2019installe des deux c\u00f4t\u00e9s de la Manche. On \u00e9crit des listes&hellip;\n","protected":false},"author":2,"featured_media":628543,"comment_status":"","ping_status":"","sticky":false,"template":"","format":"standard","meta":{"footnotes":""},"categories":[1588],"tags":[11,1777,674,12,473,1853,1851,1850,1852],"class_list":{"0":"post-628542","1":"post","2":"type-post","3":"status-publish","4":"format-standard","5":"has-post-thumbnail","7":"category-royaume-uni","8":"tag-actualites","9":"tag-eu","10":"tag-europe","11":"tag-news","12":"tag-royaume-uni","13":"tag-royaume-uni-de-grande-bretagne-et-dirlande-du-nord","14":"tag-uk","15":"tag-united-kingdom","16":"tag-united-kingdom-of-great-britain-and-northern-ireland"},"share_on_mastodon":{"url":"https:\/\/pubeurope.com\/@fr\/115805140065036296","error":""},"_links":{"self":[{"href":"https:\/\/www.europesays.com\/fr\/wp-json\/wp\/v2\/posts\/628542","targetHints":{"allow":["GET"]}}],"collection":[{"href":"https:\/\/www.europesays.com\/fr\/wp-json\/wp\/v2\/posts"}],"about":[{"href":"https:\/\/www.europesays.com\/fr\/wp-json\/wp\/v2\/types\/post"}],"author":[{"embeddable":true,"href":"https:\/\/www.europesays.com\/fr\/wp-json\/wp\/v2\/users\/2"}],"replies":[{"embeddable":true,"href":"https:\/\/www.europesays.com\/fr\/wp-json\/wp\/v2\/comments?post=628542"}],"version-history":[{"count":0,"href":"https:\/\/www.europesays.com\/fr\/wp-json\/wp\/v2\/posts\/628542\/revisions"}],"wp:featuredmedia":[{"embeddable":true,"href":"https:\/\/www.europesays.com\/fr\/wp-json\/wp\/v2\/media\/628543"}],"wp:attachment":[{"href":"https:\/\/www.europesays.com\/fr\/wp-json\/wp\/v2\/media?parent=628542"}],"wp:term":[{"taxonomy":"category","embeddable":true,"href":"https:\/\/www.europesays.com\/fr\/wp-json\/wp\/v2\/categories?post=628542"},{"taxonomy":"post_tag","embeddable":true,"href":"https:\/\/www.europesays.com\/fr\/wp-json\/wp\/v2\/tags?post=628542"}],"curies":[{"name":"wp","href":"https:\/\/api.w.org\/{rel}","templated":true}]}}