{"id":628560,"date":"2025-12-29T22:22:10","date_gmt":"2025-12-29T22:22:10","guid":{"rendered":"https:\/\/www.europesays.com\/fr\/628560\/"},"modified":"2025-12-29T22:22:10","modified_gmt":"2025-12-29T22:22:10","slug":"unibet-rose-rockets-leffectif-2026-actualite","status":"publish","type":"post","link":"https:\/\/www.europesays.com\/fr\/628560\/","title":{"rendered":"Unibet Rose Rockets : L&rsquo;effectif 2026 &#8211; Actualit\u00e9"},"content":{"rendered":"<p style=\"text-align: justify;\">Unibet Rose Rockets, nouvelle appellation de la formation de Bas Tietema en 2026, comptera sur un effectif de 30 \u00e9l\u00e9ments lors de la saison \u00e0 venir, avec un turnover important au sein du groupe. D\u00e9sireuse de disputer son premier Tour de France, la ProTeam fran\u00e7aise a recrut\u00e9 quinze coureurs, dont les exp\u00e9riment\u00e9s <strong><a href=\"https:\/\/www.directvelo.com\/coureur\/7191\/dylan-groenewegen\" target=\"_blank\" rel=\"noopener\">Dylan Groenewegen<\/a><\/strong> et <strong><a href=\"https:\/\/www.directvelo.com\/coureur\/6864\/wouter-poels\" target=\"_blank\" rel=\"noopener\">Wout Poels<\/a><\/strong> mais \u00e9galement plusieurs coureurs fran\u00e7ais, parmi lesquels\u00a0<strong><a href=\"https:\/\/www.directvelo.com\/coureur\/11962\/victor-lafay\" target=\"_blank\" rel=\"noopener\">Victor Lafay<\/a><\/strong> et<strong> <a href=\"https:\/\/www.directvelo.com\/coureur\/5791\/clement-venturini\" target=\"_blank\" rel=\"noopener\">Cl\u00e9ment Venturini<\/a><\/strong>.<strong><br \/><\/strong><\/p>\n<p style=\"text-align: justify;\">L\u2019effectif 2026 d&rsquo;Unibet Rose Rockets :<br \/>Ronan Aug\u00e9, 22 ans (CIC U Nantes Atlantique)<br \/>Joren Bloem, 26 ans <br \/>Cedrik Bakke Christophersen, 24 ans <br \/>Hartthijs De Vries, 29 ans <br \/>Odd Christian Eiking, 31 ans<br \/>Karsten Larsen Feldmann, 22 ans (Team COOP-Repsol)\u00a0<br \/>Eivind Broholt Fougner, 22 ans (Team COOP-Repsol)<br \/>Owen Geleijn, 24 ans<br \/>Dylan Groenewegen, 32 ans (Team Jayco AlUla)<br \/>Jelle Johannink, 29 ans<br \/>Matyas Kopecky, 22 ans (Team Novo Nordisk)<br \/>Tomas Kopecky, 25 ans<br \/>Lukas Kubis, 25 ans<br \/>Victor Lafay, 29 ans (Decathlon CMA CGM)<br \/>Niklas Larsen, 28 ans (BHS-PL Beton Bornholm)<br \/>Lander Loockx, 28 ans<br \/>Adrien Maire, 25 ans<br \/>Sergio Meris, 24 ans<br \/>Wessel Mouris, 23 ans<br \/>Tobias M\u00fcller, 21 ans (Wanty-Nippo-ReUz)\u00a0<br \/>Jannis Peter, 25 ans (Team Vorarlberg)<br \/>Wouter Poels, 38 ans (XDS Astana Team)<br \/>Martijn Rasenberg, 24 ans (Parkhotel Valkenburg)<br \/>Elmar Reinders, 33 ans (Team Jayco AlUla)<br \/>Colin Savioz, 21 ans (Charvieu-Chavagneux IC)<br \/>Abram Stockman, 29 ans<br \/>Adam Toupalik, 29 ans<br \/>Rory Townsend, 30 ans (Q36.5 Pro Cycling Team)<br \/>Cl\u00e9ment Venturini, 32 ans (Ark\u00e9a-B&amp;B H\u00f4tels)<br \/>Killian Verschuren, 23 ans<\/p>\n<p>Les d\u00e9parts : Davide Bomboi (?), Martijn Budding (arr\u00eat), Giovanni Carboni (licenci\u00e9), Axel Huens (Groupama-FDJ), Baptiste Huyet (Bike Aid), Kevin Inkelaar (?), Zeb Kyffin (Terengganu Cycling Team), Sebastian Nielsen (Team ColoQuick), Charles Paige (Bourg-en-Bresse Ain Cyclisme) et Andreas Stokbro (Swatt Club Racing Team).\u00a0<\/p>\n","protected":false},"excerpt":{"rendered":"Unibet Rose Rockets, nouvelle appellation de la formation de Bas Tietema en 2026, comptera sur un effectif de&hellip;\n","protected":false},"author":2,"featured_media":628561,"comment_status":"","ping_status":"","sticky":false,"template":"","format":"standard","meta":{"footnotes":""},"categories":[1411],"tags":[834,828,836,829,837,827,83,826,824,823,1154,207,814,817,815,816,822,821,832,211,839,1011,27,820,818,819,835,831,830,833,838,60,212,208,825],"class_list":{"0":"post-628560","1":"post","2":"type-post","3":"status-publish","4":"format-standard","5":"has-post-thumbnail","7":"category-cyclisme","8":"tag-attaque","9":"tag-belgique","10":"tag-braquet","11":"tag-bretagne","12":"tag-chute","13":"tag-competition","14":"tag-coupe-de-france","15":"tag-coureur","16":"tag-course-cyclisme","17":"tag-course-cycliste","18":"tag-cycling","19":"tag-cyclisme","20":"tag-direct","21":"tag-direct-velo","22":"tag-directvelo","23":"tag-directvelo-com","24":"tag-epreuve","25":"tag-epreuve-cycliste","26":"tag-federation-francaise-de-cyclisme","27":"tag-ffc","28":"tag-flandres","29":"tag-fr","30":"tag-france","31":"tag-live","32":"tag-live-course","33":"tag-live-epreuve","34":"tag-peloton","35":"tag-radio-peloton","36":"tag-radio-tour","37":"tag-ravitaillement","38":"tag-relance","39":"tag-sports","40":"tag-uci","41":"tag-velo","42":"tag-velos"},"share_on_mastodon":{"url":"https:\/\/pubeurope.com\/@fr\/115805195132288282","error":""},"_links":{"self":[{"href":"https:\/\/www.europesays.com\/fr\/wp-json\/wp\/v2\/posts\/628560","targetHints":{"allow":["GET"]}}],"collection":[{"href":"https:\/\/www.europesays.com\/fr\/wp-json\/wp\/v2\/posts"}],"about":[{"href":"https:\/\/www.europesays.com\/fr\/wp-json\/wp\/v2\/types\/post"}],"author":[{"embeddable":true,"href":"https:\/\/www.europesays.com\/fr\/wp-json\/wp\/v2\/users\/2"}],"replies":[{"embeddable":true,"href":"https:\/\/www.europesays.com\/fr\/wp-json\/wp\/v2\/comments?post=628560"}],"version-history":[{"count":0,"href":"https:\/\/www.europesays.com\/fr\/wp-json\/wp\/v2\/posts\/628560\/revisions"}],"wp:featuredmedia":[{"embeddable":true,"href":"https:\/\/www.europesays.com\/fr\/wp-json\/wp\/v2\/media\/628561"}],"wp:attachment":[{"href":"https:\/\/www.europesays.com\/fr\/wp-json\/wp\/v2\/media?parent=628560"}],"wp:term":[{"taxonomy":"category","embeddable":true,"href":"https:\/\/www.europesays.com\/fr\/wp-json\/wp\/v2\/categories?post=628560"},{"taxonomy":"post_tag","embeddable":true,"href":"https:\/\/www.europesays.com\/fr\/wp-json\/wp\/v2\/tags?post=628560"}],"curies":[{"name":"wp","href":"https:\/\/api.w.org\/{rel}","templated":true}]}}